{"id":444291,"date":"2025-10-07T04:15:36","date_gmt":"2025-10-07T04:15:36","guid":{"rendered":"https:\/\/www.europesays.com\/fr\/444291\/"},"modified":"2025-10-07T04:15:36","modified_gmt":"2025-10-07T04:15:36","slug":"les-bulles-a-larret-les-pompiers-realisent-un-impressionnant-exercice-de-secours","status":"publish","type":"post","link":"https:\/\/www.europesays.com\/fr\/444291\/","title":{"rendered":"les bulles \u00e0 l&rsquo;arr\u00eat, les pompiers r\u00e9alisent un impressionnant exercice de secours"},"content":{"rendered":"<p>Les quais de Grenoble \u00e9taient baign\u00e9s de soleil ce lundi apr\u00e8s-midi. Coureurs, cyclistes et badauds ont pu profiter du beau temps et des temp\u00e9ratures plut\u00f4t douces mais aussi d\u2019un spectacle peu habituel. \u00c0 une dizaine de m\u00e8tres de haut, des hommes se balan\u00e7aient sur les bulles \u00e0 l\u2019arr\u00eat. La raison\u200a? Les sapeurs pompiers du Grimp s\u2019exer\u00e7aient \u00e0 \u00e9vacuer des personnes en cas de panne. D\u00e9couverte en images.<\/p>\n","protected":false},"excerpt":{"rendered":"Les quais de Grenoble \u00e9taient baign\u00e9s de soleil ce lundi apr\u00e8s-midi. Coureurs, cyclistes et badauds ont pu profiter&hellip;\n","protected":false},"author":2,"featured_media":444292,"comment_status":"","ping_status":"","sticky":false,"template":"","format":"standard","meta":{"footnotes":""},"categories":[9566],"tags":[1111,11,2430,112,1777,674,274,107,1011,27,5325,2798,2731,108,12,25,273,104],"class_list":{"0":"post-444291","1":"post","2":"type-post","3":"status-publish","4":"format-standard","5":"has-post-thumbnail","7":"category-grenoble","8":"tag-actu","9":"tag-actualites","10":"tag-auvergne-rhone-alpes","11":"tag-edition-grenoble-agglomeration","12":"tag-eu","13":"tag-europe","14":"tag-faits-divers-justice","15":"tag-fil-info","16":"tag-fr","17":"tag-france","18":"tag-galerie-media","19":"tag-galerie-photo","20":"tag-grenoble","21":"tag-isere","22":"tag-news","23":"tag-republique-francaise","24":"tag-selection-de-la-redaction","25":"tag-societe"},"share_on_mastodon":{"url":"https:\/\/pubeurope.com\/@fr\/115330948997937424","error":""},"_links":{"self":[{"href":"https:\/\/www.europesays.com\/fr\/wp-json\/wp\/v2\/posts\/444291","targetHints":{"allow":["GET"]}}],"collection":[{"href":"https:\/\/www.europesays.com\/fr\/wp-json\/wp\/v2\/posts"}],"about":[{"href":"https:\/\/www.europesays.com\/fr\/wp-json\/wp\/v2\/types\/post"}],"author":[{"embeddable":true,"href":"https:\/\/www.europesays.com\/fr\/wp-json\/wp\/v2\/users\/2"}],"replies":[{"embeddable":true,"href":"https:\/\/www.europesays.com\/fr\/wp-json\/wp\/v2\/comments?post=444291"}],"version-history":[{"count":0,"href":"https:\/\/www.europesays.com\/fr\/wp-json\/wp\/v2\/posts\/444291\/revisions"}],"wp:featuredmedia":[{"embeddable":true,"href":"https:\/\/www.europesays.com\/fr\/wp-json\/wp\/v2\/media\/444292"}],"wp:attachment":[{"href":"https:\/\/www.europesays.com\/fr\/wp-json\/wp\/v2\/media?parent=444291"}],"wp:term":[{"taxonomy":"category","embeddable":true,"href":"https:\/\/www.europesays.com\/fr\/wp-json\/wp\/v2\/categories?post=444291"},{"taxonomy":"post_tag","embeddable":true,"href":"https:\/\/www.europesays.com\/fr\/wp-json\/wp\/v2\/tags?post=444291"}],"curies":[{"name":"wp","href":"https:\/\/api.w.org\/{rel}","templated":true}]}}