{"id":444299,"date":"2025-10-07T04:19:12","date_gmt":"2025-10-07T04:19:12","guid":{"rendered":"https:\/\/www.europesays.com\/fr\/444299\/"},"modified":"2025-10-07T04:19:12","modified_gmt":"2025-10-07T04:19:12","slug":"des-parcours-innovants-pour-eviter-les-rechutes","status":"publish","type":"post","link":"https:\/\/www.europesays.com\/fr\/444299\/","title":{"rendered":"des parcours innovants pour \u00e9viter les rechutes"},"content":{"rendered":"<p>\u00ab\u00a0Est-ce que vous \u00eates essouffl\u00e9e quand vous marchez\u00a0?\u00a0\u00bb \u00ab\u00a0Comment dormez-vous\u00a0?\u00a0\u00bb \u00ab\u00a0Vous n\u2019avez pas eu de fi\u00e8vre, de toux\u00a0?\u00a0\u00bb Cheveux tir\u00e9s en chignon, v\u00eatue d\u2019un surv\u00eatement vert pastel, Zdemka, 47 ans, r\u00e9pond sans h\u00e9siter aux questions de Jean-Jacques Von Hunolstein, co-responsable insuffisance cardiaque et cardiomyopathie.<\/p>\n<p>Elle en a l\u2019habitude. Depuis sa d\u00e9compensation cardiaque survenue en avril, la Strasbourgeoise est suivie \u00ab\u00a0tr\u00e8s minutieusement\u00a0\u00bb au sein de l\u2019h\u00f4pital de jour du Nouvel H\u00f4pital civil de Strasbourg, une unit\u00e9 novatrice ouverte en juin\u00a02024. \u00ab\u00a0Je re\u00e7ois m\u00eame des coups de fil entre mes rendez-vous\u00a0\u00bb, s\u2019\u00e9tonne-t-elle.<\/p>\n<p>\u00c9viter de longues hospitalisations<\/p>\n<p>Apr\u00e8s cet examen, les rendez-vous s\u2019encha\u00eenent pour Zdemka. \u00c9chographie du c\u0153ur, des poumons \u2013 \u00ab\u00a0on \u00e9value la fonction du c\u0153ur, les niveaux de pression et la circulation\u00a0\u00bb, explique le cardiologue \u2013 puis prise de sang, perfusion de fer. Les soignants d\u00e9filent dans sa chambre d\u2019h\u00f4pital. \u00ab\u00a0Votre c\u0153ur \u00e7a reste un muscle&#8230;.<\/p>\n","protected":false},"excerpt":{"rendered":"\u00ab\u00a0Est-ce que vous \u00eates essouffl\u00e9e quand vous marchez\u00a0?\u00a0\u00bb \u00ab\u00a0Comment dormez-vous\u00a0?\u00a0\u00bb \u00ab\u00a0Vous n\u2019avez pas eu de fi\u00e8vre, de toux\u00a0?\u00a0\u00bb&hellip;\n","protected":false},"author":2,"featured_media":444300,"comment_status":"","ping_status":"","sticky":false,"template":"","format":"standard","meta":{"footnotes":""},"categories":[2820],"tags":[1111,11,2389,2649,2880,1777,674,107,1011,27,775,12,25,71,4604,640,2879],"class_list":{"0":"post-444299","1":"post","2":"type-post","3":"status-publish","4":"format-standard","5":"has-post-thumbnail","7":"category-strasbourg","8":"tag-actu","9":"tag-actualites","10":"tag-alsace","11":"tag-bas-rhin","12":"tag-edition-strasbourg","13":"tag-eu","14":"tag-europe","15":"tag-fil-info","16":"tag-fr","17":"tag-france","18":"tag-grand-est","19":"tag-news","20":"tag-republique-francaise","21":"tag-sante","22":"tag-selection-abonne","23":"tag-strasbourg","24":"tag-strasbourg-ville"},"share_on_mastodon":{"url":"https:\/\/pubeurope.com\/@fr\/115330964846279902","error":""},"_links":{"self":[{"href":"https:\/\/www.europesays.com\/fr\/wp-json\/wp\/v2\/posts\/444299","targetHints":{"allow":["GET"]}}],"collection":[{"href":"https:\/\/www.europesays.com\/fr\/wp-json\/wp\/v2\/posts"}],"about":[{"href":"https:\/\/www.europesays.com\/fr\/wp-json\/wp\/v2\/types\/post"}],"author":[{"embeddable":true,"href":"https:\/\/www.europesays.com\/fr\/wp-json\/wp\/v2\/users\/2"}],"replies":[{"embeddable":true,"href":"https:\/\/www.europesays.com\/fr\/wp-json\/wp\/v2\/comments?post=444299"}],"version-history":[{"count":0,"href":"https:\/\/www.europesays.com\/fr\/wp-json\/wp\/v2\/posts\/444299\/revisions"}],"wp:featuredmedia":[{"embeddable":true,"href":"https:\/\/www.europesays.com\/fr\/wp-json\/wp\/v2\/media\/444300"}],"wp:attachment":[{"href":"https:\/\/www.europesays.com\/fr\/wp-json\/wp\/v2\/media?parent=444299"}],"wp:term":[{"taxonomy":"category","embeddable":true,"href":"https:\/\/www.europesays.com\/fr\/wp-json\/wp\/v2\/categories?post=444299"},{"taxonomy":"post_tag","embeddable":true,"href":"https:\/\/www.europesays.com\/fr\/wp-json\/wp\/v2\/tags?post=444299"}],"curies":[{"name":"wp","href":"https:\/\/api.w.org\/{rel}","templated":true}]}}