{"id":444301,"date":"2025-10-07T04:20:21","date_gmt":"2025-10-07T04:20:21","guid":{"rendered":"https:\/\/www.europesays.com\/fr\/444301\/"},"modified":"2025-10-07T04:20:21","modified_gmt":"2025-10-07T04:20:21","slug":"la-ville-de-strasbourg-va-mettre-des-parcelles-de-foret-vosgienne-en-libre-evolution","status":"publish","type":"post","link":"https:\/\/www.europesays.com\/fr\/444301\/","title":{"rendered":"La Ville de Strasbourg va mettre des parcelles de for\u00eat vosgienne en libre \u00e9volution"},"content":{"rendered":"<p class=\"wp-block-post-excerpt__excerpt\">La for\u00eat de l\u2019Oedenwald, pr\u00e8s de Wasselonne, appartient \u00e0 la Ville de Strasbourg. Cette derni\u00e8re a entam\u00e9 depuis mai une d\u00e9marche de concertation avec les naturalistes, les chasseurs et l\u2019Office national des for\u00eats, pour se mettre d\u2019accord sur des zones de libre \u00e9volution et une diversification des esp\u00e8ces. <\/p>\n<p>Thibault Vetter<\/p>\n<p>Publi\u00e9 le 7 octobre 2025\u00a0\u00a0\u00b7\u00a0\u00a0<\/p>\n<p>Imprim\u00e9 le 7 octobre 2025 \u00e0 06h20\u00a0\u00a0\u00b7\u00a0\u00a0<\/p>\n<p>\t\t\t\t\t5\u00a0minutes\n<\/p>\n<p class=\"has-drop-cap\">C\u2019est en 2022, lors de l\u2019assembl\u00e9e g\u00e9n\u00e9rale d\u2019Alsace Nature, que la maire de Strasbourg Jeanne Barseghian (Les \u00c9cologistes) a \u00e9voqu\u00e9 pour la premi\u00e8re fois ce projet. Rendre la for\u00eat de l\u2019Oedenwald plus sauvage. L\u2019objectif est d\u2019atteindre 30% de surface en libre \u00e9volution, c\u2019est \u00e0 dire sans exploitation humaine, contre quasiment 0% aujourd\u2019hui. <a href=\"https:\/\/www.strasbourg.eu\/forets-production\" target=\"_blank\" rel=\"noreferrer noopener\">Ce massif s\u2019\u00e9tend sur 1\u00a0000 hectares<\/a> au sud-ouest de Cosswiller. Il appartient \u00e0 la Ville de Strasbourg qui mandate l\u2019Office national des for\u00eats (ONF) pour sa gestion.<\/p>\n<p>\u00ab\u00a030%, c\u2019\u00e9tait la premi\u00e8re fois que j\u2019entendais un tel objectif de pourcentage, se souvient Patrice Dalo, le r\u00e9f\u00e9rent for\u00eat d\u2019Alsace Nature. En g\u00e9n\u00e9ral on n\u00e9gocie pour 10%. Donc l\u00e0 c\u2019est une d\u00e9marche tr\u00e8s rare et exemplaire.\u00a0\u00bb \u00ab\u00a0\u00c0 partir de l\u00e0, on a relanc\u00e9 la municipalit\u00e9 \u00e0 chaque fois qu\u2019on les voyait pour leur demander quand le processus allait \u00eatre lanc\u00e9\u00a0\u00bb, relate Mich\u00e8le Grosjean, pr\u00e9sidente d\u2019Alsace Nature.<\/p>\n<p><img loading=\"lazy\" decoding=\"async\" width=\"630\" height=\"473\" src=\"https:\/\/www.europesays.com\/fr\/wp-content\/uploads\/2025\/10\/53022573174-f826fa5186-k-630x473.jpg\" alt=\"\" class=\"wp-image-268650\"  \/> Dans les for\u00eats de sylviculture intensive, les gestionnaires sont souvent oblig\u00e9s de r\u00e9aliser des coupes rases pour \u00e9viter la propagation des parasites qui tuent les arbres.Photo\u00a0: Jean-Claude G\u00e9not<\/p>\n<p><a href=\"https:\/\/www.rue89strasbourg.com\/la-newsletter\" target=\"_blank\" rel=\"noopener\"><img loading=\"lazy\" decoding=\"async\" width=\"1940\" height=\"500\" src=\"https:\/\/www.europesays.com\/fr\/wp-content\/uploads\/2025\/09\/banner-desktop-970x250-1.png\" alt=\"\" class=\"wp-image-360885\" style=\"object-fit:cover;width:970px;height:250px\"  \/><\/a><\/p>\n<p>D\u00e9mocratie foresti\u00e8re<\/p>\n<p>Soutenez un m\u00e9dia qui enqu\u00eate sur les atteintes \u00e0 l\u2019environnement<\/p>\n<p><strong>Pour acc\u00e9der \u00e0 la suite de cet article, il faut \u00eatre abonn\u00e9. Pourquoi\u00a0?<\/strong><\/p>\n<p>Engag\u00e9e contre les atteintes \u00e0 l\u2019environnement, la r\u00e9daction suit de pr\u00e8s les enjeux \u00e9cologiques et enqu\u00eate sur les alertes qui lui sont transmises. Sans Rue89 Strasbourg, des projets comme un stade de biathlon dans les Vosges, ou une route sur la colline de Lorentzen seraient bien moins connus des Alsaciens.<\/p>\n<p><img loading=\"lazy\" decoding=\"async\" width=\"2560\" height=\"2560\" src=\"https:\/\/www.europesays.com\/fr\/wp-content\/uploads\/2025\/07\/thibault-scaled.jpg\" alt=\"\" class=\"wp-image-343597\" style=\"aspect-ratio:1;object-fit:cover;width:124px;height:auto\"  \/><\/p>\n<p>Thibault Vetter suit les collectifs militants et les associations qui se mobilisent partout dans la r\u00e9gion face aux projets \u00e9cocides, comme de nouvelles zones d\u2019activit\u00e9s sur des terres cultivables. Un travail de l\u2019ombre, qui n\u00e9cessite beaucoup de contacts et le d\u00e9corticage de nombreuses alertes.<\/p>\n<p>Pour poursuivre ce travail, unique en Alsace, nous avons besoin d\u2019une petite contribution de votre part. <strong>Chaque abonnement compte<\/strong>. Toutes les recettes servent directement \u00e0 financer un journalisme engag\u00e9 et document\u00e9 sur l\u2019environnement \u00e0 Strasbourg et en Alsace.<\/p>\n<p>\t\t\t<a href=\"https:\/\/www.rue89strasbourg.com\/\" class=\"custom-logo-link\" rel=\"home noopener\" target=\"_blank\"><img loading=\"lazy\" decoding=\"async\" width=\"290\" height=\"62\" src=\"https:\/\/www.europesays.com\/fr\/wp-content\/uploads\/2025\/04\/1743975279_388_logo.png\" class=\"custom-logo\" alt=\"Rue89 Strasbourg Enqu\u00eates et informations locales\"  \/><\/a><\/p>\n<p>\n\t\t\t\tAbonnez-vous maintenant pour suivre l\u2019actualit\u00e9 locale.\t\t\t<\/p>\n<p class=\"font-bold font-serif-heading mb-2 text-4xl\">\n\t\t\t\t\t\tL\u2019investigation locale \u00e0 port\u00e9e de main.\n\t\t\t\t\t<\/p>\n<p>\n\t\t\t\t\t\tAbonnez-vous et profitez d\u2019un acc\u00e8s illimit\u00e9 \u00e0 Rue89 Strasbourg. Annulez quand vous voulez.\n\t\t\t\t\t<\/p>\n<p class=\"xl:text-sm\">\n\t\t\t\t\tD\u00e9j\u00e0 abonn\u00e9\u00a0?<br \/>\n\t\t\t\t\t<a class=\"border border-transparent text-center transition-colors duration-instant focus:border-info focus:rounded focus:shadow-focus cursor-pointer text-black hover:text-gray-700 active:bg-black-700 font-semibold inline-block\" href=\"https:\/\/www.rue89strasbourg.com\/user\/connexion?redirect=\/parcelles-strasbourg-foret-libre-evolution-360848\" target=\"_blank\" rel=\"noopener\">Connectez-vous<\/a>\t\t\t\t<\/p>\n<p>\n\t\t\t\tChoisissez votre formule\u00a0:\n\t\t\t<\/p>\n<p>\t\t\t\tFermer<\/p>\n","protected":false},"excerpt":{"rendered":"La for\u00eat de l\u2019Oedenwald, pr\u00e8s de Wasselonne, appartient \u00e0 la Ville de Strasbourg. Cette derni\u00e8re a entam\u00e9 depuis&hellip;\n","protected":false},"author":2,"featured_media":444302,"comment_status":"","ping_status":"","sticky":false,"template":"","format":"standard","meta":{"footnotes":""},"categories":[2820],"tags":[1111,11,22062,51,436,1777,674,1011,27,775,12,25,32617,640,774],"class_list":{"0":"post-444301","1":"post","2":"type-post","3":"status-publish","4":"format-standard","5":"has-post-thumbnail","7":"category-strasbourg","8":"tag-actu","9":"tag-actualites","10":"tag-alsace-nature","11":"tag-ecologie","12":"tag-environnement","13":"tag-eu","14":"tag-europe","15":"tag-fr","16":"tag-france","17":"tag-grand-est","18":"tag-news","19":"tag-republique-francaise","20":"tag-reserve-naturelle","21":"tag-strasbourg","22":"tag-vosges"},"share_on_mastodon":{"url":"https:\/\/pubeurope.com\/@fr\/115330968826671663","error":""},"_links":{"self":[{"href":"https:\/\/www.europesays.com\/fr\/wp-json\/wp\/v2\/posts\/444301","targetHints":{"allow":["GET"]}}],"collection":[{"href":"https:\/\/www.europesays.com\/fr\/wp-json\/wp\/v2\/posts"}],"about":[{"href":"https:\/\/www.europesays.com\/fr\/wp-json\/wp\/v2\/types\/post"}],"author":[{"embeddable":true,"href":"https:\/\/www.europesays.com\/fr\/wp-json\/wp\/v2\/users\/2"}],"replies":[{"embeddable":true,"href":"https:\/\/www.europesays.com\/fr\/wp-json\/wp\/v2\/comments?post=444301"}],"version-history":[{"count":0,"href":"https:\/\/www.europesays.com\/fr\/wp-json\/wp\/v2\/posts\/444301\/revisions"}],"wp:featuredmedia":[{"embeddable":true,"href":"https:\/\/www.europesays.com\/fr\/wp-json\/wp\/v2\/media\/444302"}],"wp:attachment":[{"href":"https:\/\/www.europesays.com\/fr\/wp-json\/wp\/v2\/media?parent=444301"}],"wp:term":[{"taxonomy":"category","embeddable":true,"href":"https:\/\/www.europesays.com\/fr\/wp-json\/wp\/v2\/categories?post=444301"},{"taxonomy":"post_tag","embeddable":true,"href":"https:\/\/www.europesays.com\/fr\/wp-json\/wp\/v2\/tags?post=444301"}],"curies":[{"name":"wp","href":"https:\/\/api.w.org\/{rel}","templated":true}]}}