{"id":444307,"date":"2025-10-07T04:24:46","date_gmt":"2025-10-07T04:24:46","guid":{"rendered":"https:\/\/www.europesays.com\/fr\/444307\/"},"modified":"2025-10-07T04:24:46","modified_gmt":"2025-10-07T04:24:46","slug":"trois-blesses-pour-nantes-a-challans-kyle-riddley-serieusement-touche-remy-valin-en-colere","status":"publish","type":"post","link":"https:\/\/www.europesays.com\/fr\/444307\/","title":{"rendered":"Trois bless\u00e9s pour Nantes \u00e0 Challans, Kyle Riddley s\u00e9rieusement touch\u00e9, R\u00e9my Valin en col\u00e8re"},"content":{"rendered":"<p>Le visionnage des images LNB TV, et surtout l\u2019\u00e9coute des commentaires, a de quoi \u00e9tonner. Au micro de Challans \u2013 Nantes vendredi, le commentateur challandais a affirm\u00e9 que <a target=\"_blank\" rel=\"noopener nofollow\" href=\"https:\/\/www.bebasket.fr\/joueur\/kyle-riddley\">Kyle Riddley<\/a>\u00a0s\u2019\u00e9tait\u00a0\u00ab\u00a0tordu la cheville tout seul\u00a0\u00bb.<\/p>\n<p>Mais non, le leader du Nantes Basket Hermine ne s\u2019est pas bless\u00e9 tout seul. Si le Challandais n\u2019a certainement pas fait expr\u00e8s, il est retomb\u00e9 sur les pieds de <a target=\"_blank\" rel=\"noopener nofollow\" href=\"https:\/\/www.bebasket.fr\/joueur\/clement-morel\">Cl\u00e9ment Morel<\/a>, sanctionn\u00e9 d\u2019une faute antisportive, apr\u00e8s une tentative \u00e0 3-points, ce qui a fait exploser l\u2019entra\u00eeneur nantais R\u00e9my Valin, exasp\u00e9r\u00e9 par la duret\u00e9 du VCB.<\/p>\n<p><strong>Fracture du nez pour Kangudia<\/strong><\/p>\n<p>Auteur de 16 points dans le deuxi\u00e8me quart-temps, le meneur du NBH \u00e9tait, \u00e0 cet instant, le troisi\u00e8me bless\u00e9 de la soir\u00e9e c\u00f4t\u00e9 Hermine.\u00a0<a target=\"_blank\" rel=\"noopener nofollow\" href=\"https:\/\/www.bebasket.fr\/joueur\/hugo-mienandi\">Hugo Mienandi<\/a> a quitt\u00e9 la salle Michel-Vrignaud avec une arcade ouverte et\u00a0<a target=\"_blank\" rel=\"noopener nofollow\" href=\"https:\/\/www.bebasket.fr\/joueur\/mathys-kangudia\">Mathys Kangudia<\/a> avec une fracture du nez, qui le forcera \u00e0 jouer les prochains matchs avec un match de protection.<\/p>\n<p><a target=\"_blank\" rel=\"noopener nofollow\" href=\"https:\/\/www.bebasket.fr\/joueur\/kyle-riddley\">Kyle Riddley<\/a> n\u2019aura lui pas cette chance. Selon <a target=\"_blank\" rel=\"noopener nofollow\" href=\"https:\/\/www.ouest-france.fr\/sport\/basket\/nantes-hermine\/basket-ball-elite-2-lhermine-perd-son-meilleur-joueur-le-succes-a-challans-a-coute-cher-a53337d2-a1fc-11f0-a698-dbf3ac8f3cb6\">Presse Oc\u00e9an<\/a>, le deuxi\u00e8me meilleur marqueur de la Pro B (comme l\u2019an dernier) souffre d\u2019une entorse grave de la cheville droite selon le club. Une blessure qui le forcera \u00e0 observer un temps de repos encore ind\u00e9termin\u00e9.<\/p>\n<p><a class=\"image\" href=\"https:\/\/www.bebasket.fr\/joueur\/kyle-riddley\" rel=\"nofollow noopener\" target=\"_blank\"> <img decoding=\"async\" src=\"https:\/\/www.europesays.com\/fr\/wp-content\/uploads\/2025\/10\/photo-profil-joueur-basketball-2025-1ef9daf0-c1ac-6ef4-bd40-b3a3602c5d52.jpg\" alt=\"Kyle RIDDLEY\"\/> <\/a><\/p>\n<p><a class=\"league-image\" href=\"https:\/\/www.bebasket.fr\/ligue\/pro-b\" rel=\"nofollow noopener\" target=\"_blank\"> <img decoding=\"async\" src=\"https:\/\/www.europesays.com\/fr\/wp-content\/uploads\/2025\/10\/elite-2-nouveau-logo-2025-1f04d200-2aed-677c-9f62-25d7a0c8ba35.png\" alt=\"Logo ELITE 2\"\/> <\/a><\/p>\n<p>\u00ab\u00a0Je repars avec avec trois bless\u00e9s, je pense qu\u2019il faut quand m\u00eame le souligner parce que les cons\u00e9quences pour nous peuvent \u00eatre gravissimes\u00a0\u00bb, pestait R\u00e9my Valin en <a target=\"_blank\" rel=\"noopener nofollow\" href=\"https:\/\/www.nantes-basket.com\/le-derby-pour-le-nbh-dans-la-douleur\/\">conf\u00e9rence de presse<\/a>, avant m\u00eame de conna\u00eetre le verdict pour son joueur. Un prix un peu fort \u00e0 payer pour la victoire (78-71)\u2026<\/p>\n","protected":false},"excerpt":{"rendered":"Le visionnage des images LNB TV, et surtout l\u2019\u00e9coute des commentaires, a de quoi \u00e9tonner. Au micro de&hellip;\n","protected":false},"author":2,"featured_media":444308,"comment_status":"","ping_status":"","sticky":false,"template":"","format":"standard","meta":{"footnotes":""},"categories":[2818],"tags":[1111,11,1777,674,1011,27,766,12,2636,25],"class_list":{"0":"post-444307","1":"post","2":"type-post","3":"status-publish","4":"format-standard","5":"has-post-thumbnail","7":"category-nantes","8":"tag-actu","9":"tag-actualites","10":"tag-eu","11":"tag-europe","12":"tag-fr","13":"tag-france","14":"tag-nantes","15":"tag-news","16":"tag-pays-de-la-loire","17":"tag-republique-francaise"},"share_on_mastodon":{"url":"https:\/\/pubeurope.com\/@fr\/115330984573354654","error":""},"_links":{"self":[{"href":"https:\/\/www.europesays.com\/fr\/wp-json\/wp\/v2\/posts\/444307","targetHints":{"allow":["GET"]}}],"collection":[{"href":"https:\/\/www.europesays.com\/fr\/wp-json\/wp\/v2\/posts"}],"about":[{"href":"https:\/\/www.europesays.com\/fr\/wp-json\/wp\/v2\/types\/post"}],"author":[{"embeddable":true,"href":"https:\/\/www.europesays.com\/fr\/wp-json\/wp\/v2\/users\/2"}],"replies":[{"embeddable":true,"href":"https:\/\/www.europesays.com\/fr\/wp-json\/wp\/v2\/comments?post=444307"}],"version-history":[{"count":0,"href":"https:\/\/www.europesays.com\/fr\/wp-json\/wp\/v2\/posts\/444307\/revisions"}],"wp:featuredmedia":[{"embeddable":true,"href":"https:\/\/www.europesays.com\/fr\/wp-json\/wp\/v2\/media\/444308"}],"wp:attachment":[{"href":"https:\/\/www.europesays.com\/fr\/wp-json\/wp\/v2\/media?parent=444307"}],"wp:term":[{"taxonomy":"category","embeddable":true,"href":"https:\/\/www.europesays.com\/fr\/wp-json\/wp\/v2\/categories?post=444307"},{"taxonomy":"post_tag","embeddable":true,"href":"https:\/\/www.europesays.com\/fr\/wp-json\/wp\/v2\/tags?post=444307"}],"curies":[{"name":"wp","href":"https:\/\/api.w.org\/{rel}","templated":true}]}}