{"id":444311,"date":"2025-10-07T04:26:19","date_gmt":"2025-10-07T04:26:19","guid":{"rendered":"https:\/\/www.europesays.com\/fr\/444311\/"},"modified":"2025-10-07T04:26:19","modified_gmt":"2025-10-07T04:26:19","slug":"municipales-2026-la-france-insoumise-se-lance-a-bordeaux-sur-fond-dunion-difficile-de-la-gauche","status":"publish","type":"post","link":"https:\/\/www.europesays.com\/fr\/444311\/","title":{"rendered":"Municipales 2026 : La France insoumise se lance \u00e0 Bordeaux sur fond d\u2019union difficile de la gauche"},"content":{"rendered":"<p class=\"wp-block-post-excerpt__excerpt\">Ce lundi 6 octobre, La France Insoumise \u00e0 Bordeaux a officialis\u00e9 sa candidature pour les municipales de 2026. Dans un contexte national plus que jamais instable, Nordine Raymond et Lucie H\u00e9mond ne d\u00e9sesp\u00e8rent pas de rassembler la gauche et l\u2019extr\u00eame gauche, ainsi que les d\u00e9\u00e7us de la majorit\u00e9 municipale sortante. <\/p>\n<p><a href=\"https:\/\/rue89bordeaux.com\/category\/actualite\/\" rel=\"tag noopener\" target=\"_blank\">Actualit\u00e9<\/a>, <a href=\"https:\/\/rue89bordeaux.com\/category\/kiosque-abonne\/\" rel=\"tag noopener\" target=\"_blank\">\u00c9dition abonn\u00e9s<\/a><\/p>\n<p>Samuel Clauzier<\/p>\n<p>Publi\u00e9 le 7 octobre 2025\u00a0\u00a0\u00b7\u00a0\u00a0<\/p>\n<p>Imprim\u00e9 le 7 octobre 2025 \u00e0 06h26\u00a0\u00a0\u00b7\u00a0\u00a0<\/p>\n<p>\t\t\t\t\t4\u00a0minutes\n<\/p>\n<p>Une candidature pour les municipales en plein tintamarre national. \u00ab\u00a0On lance un appel \u00e0 la constitution d\u2019une liste d\u2019union populaire\u00a0\u00bb, annonce d\u2019embl\u00e9e Nordine Raymond, aux c\u00f4t\u00e9s de Lucie H\u00e9mond, tous deux d\u00e9sign\u00e9s chefs de file locaux de La France insoumise (LFI) depuis le mois de mai pour ces municipales 2026, \u00e0 Bordeaux.<\/p>\n<p>Quelques heures apr\u00e8s la d\u00e9mission surprise du Premier ministre, les militants remettent l\u2019accent sur la logique d\u2019union qui avait permis \u00e0 la gauche de percer aux derni\u00e8res l\u00e9gislatives. \u00ab\u00a0Notre strat\u00e9gie, c\u2019est de rencontrer tous les partenaires du Nouveau Front populaire\u00a0\u00bb, poursuit-il, soulignant le caract\u00e8re \u00ab\u00a0national\u00a0\u00bb de ce prochain scrutin :<\/p>\n<blockquote class=\"wp-block-quote is-layout-flow wp-block-quote-is-layout-flow\">\n<p>\u00ab\u00a0Des rencontres se poursuivent avec les communistes, le NPA et Karfa Diallo, que nous voyons cette semaine. Par presse interpos\u00e9e, Pierre Hurmic a d\u00e9cid\u00e9 de fermer la porte \u00e0 tout accord. La possibilit\u00e9 d\u2019une gauche de rupture unie n\u2019aura donc pas lieu : nous entrons en campagne en prenant acte de cela, sans fermer la porte \u00e0 de possibles unions\u00a0\u00bb, explique Nordine Raymond.<\/p>\n<\/blockquote>\n<p class=\"has-warning-color has-text-color\">\n\t\t\t<strong> Cet article fait partie de l\u2019\u00e9dition abonn\u00e9s.<\/strong><br \/>\n\t\t\t| D\u00e9j\u00e0 abonn\u00e9\u00a0?<br \/>\n\t\t\t<a href=\"https:\/\/rue89bordeaux.com\/user\/login\/\" data-type=\"page\" data-id=\"26256\" target=\"_blank\" rel=\"noopener\">Connectez-vous<\/a>\n\t\t<\/p>\n<p>Abonnez-vous maintenant pour poursuivre votre lecture<\/p>\n<p><img loading=\"lazy\" decoding=\"async\" width=\"607\" height=\"480\" src=\"https:\/\/www.europesays.com\/fr\/wp-content\/uploads\/2025\/04\/1744387698_768_04-paywall.png\" alt=\"Abonnez-vous\" class=\"wp-image-128438\"  \/><\/p>\n<p>\t\t\t<a href=\"https:\/\/rue89bordeaux.com\/\" class=\"custom-logo-link\" rel=\"home noopener\" target=\"_blank\"><img loading=\"lazy\" decoding=\"async\" width=\"290\" height=\"49\" src=\"https:\/\/www.europesays.com\/fr\/wp-content\/uploads\/2025\/04\/logo.png\" class=\"custom-logo\" alt=\"Rue89Bordeaux Enqu\u00eates et informations de proximit\u00e9\"  \/><\/a><\/p>\n<p>\n\t\t\t\tAbonnez-vous maintenant pour suivre l\u2019actualit\u00e9 locale.\t\t\t<\/p>\n<p class=\"font-bold font-serif-heading mb-2 text-4xl\">\n\t\t\t\t\t\tL\u2019investigation locale \u00e0 port\u00e9e de main.\n\t\t\t\t\t<\/p>\n<p>\n\t\t\t\t\t\tAbonnez-vous et profitez d\u2019un acc\u00e8s illimit\u00e9 \u00e0 Rue89Bordeaux. Annulez quand vous voulez.\n\t\t\t\t\t<\/p>\n<p class=\"xl:text-sm\">\n\t\t\t\t\tD\u00e9j\u00e0 abonn\u00e9\u00a0?<br \/>\n\t\t\t\t\t<a class=\"border border-transparent text-center transition-colors duration-instant focus:border-info focus:rounded focus:shadow-focus cursor-pointer text-black hover:text-gray-700 active:bg-black-700 font-semibold inline-block\" href=\"https:\/\/rue89bordeaux.com\/user\/login\/?redirect=\/2025\/10\/municipales-2026-la-france-insoumise-se-lance-a-bordeaux-sur-fond-dunion-difficile-de-la-gauche\/\" target=\"_blank\" rel=\"noopener\">Connectez-vous<\/a>\t\t\t\t<\/p>\n<p>\n\t\t\t\tChoisissez votre formule\u00a0:\n\t\t\t<\/p>\n<p>\t\t\t\tFermer<\/p>\n","protected":false},"excerpt":{"rendered":"Ce lundi 6 octobre, La France Insoumise \u00e0 Bordeaux a officialis\u00e9 sa candidature pour les municipales de 2026.&hellip;\n","protected":false},"author":2,"featured_media":444312,"comment_status":"","ping_status":"","sticky":false,"template":"","format":"standard","meta":{"footnotes":""},"categories":[2817],"tags":[1111,11,1997,1777,674,1011,27,4728,3434,12,2219,25],"class_list":{"0":"post-444311","1":"post","2":"type-post","3":"status-publish","4":"format-standard","5":"has-post-thumbnail","7":"category-bordeaux","8":"tag-actu","9":"tag-actualites","10":"tag-bordeaux","11":"tag-eu","12":"tag-europe","13":"tag-fr","14":"tag-france","15":"tag-france-insoumise","16":"tag-municipales-2026","17":"tag-news","18":"tag-nouvelle-aquitaine","19":"tag-republique-francaise"},"share_on_mastodon":{"url":"https:\/\/pubeurope.com\/@fr\/115330992686423561","error":""},"_links":{"self":[{"href":"https:\/\/www.europesays.com\/fr\/wp-json\/wp\/v2\/posts\/444311","targetHints":{"allow":["GET"]}}],"collection":[{"href":"https:\/\/www.europesays.com\/fr\/wp-json\/wp\/v2\/posts"}],"about":[{"href":"https:\/\/www.europesays.com\/fr\/wp-json\/wp\/v2\/types\/post"}],"author":[{"embeddable":true,"href":"https:\/\/www.europesays.com\/fr\/wp-json\/wp\/v2\/users\/2"}],"replies":[{"embeddable":true,"href":"https:\/\/www.europesays.com\/fr\/wp-json\/wp\/v2\/comments?post=444311"}],"version-history":[{"count":0,"href":"https:\/\/www.europesays.com\/fr\/wp-json\/wp\/v2\/posts\/444311\/revisions"}],"wp:featuredmedia":[{"embeddable":true,"href":"https:\/\/www.europesays.com\/fr\/wp-json\/wp\/v2\/media\/444312"}],"wp:attachment":[{"href":"https:\/\/www.europesays.com\/fr\/wp-json\/wp\/v2\/media?parent=444311"}],"wp:term":[{"taxonomy":"category","embeddable":true,"href":"https:\/\/www.europesays.com\/fr\/wp-json\/wp\/v2\/categories?post=444311"},{"taxonomy":"post_tag","embeddable":true,"href":"https:\/\/www.europesays.com\/fr\/wp-json\/wp\/v2\/tags?post=444311"}],"curies":[{"name":"wp","href":"https:\/\/api.w.org\/{rel}","templated":true}]}}