{"id":444317,"date":"2025-10-07T04:29:09","date_gmt":"2025-10-07T04:29:09","guid":{"rendered":"https:\/\/www.europesays.com\/fr\/444317\/"},"modified":"2025-10-07T04:29:09","modified_gmt":"2025-10-07T04:29:09","slug":"situation-intenable-contexte-economique-complique-ces-six-commerces-qui-ferment-a-lille","status":"publish","type":"post","link":"https:\/\/www.europesays.com\/fr\/444317\/","title":{"rendered":"Situation intenable, contexte \u00e9conomique compliqu\u00e9\u2026 Ces six commerces qui ferment \u00e0 Lille"},"content":{"rendered":"<p>            Par<br \/>\n        <strong><br \/>\n            <a href=\"https:\/\/actu.fr\/auteur\/amandine-vachez\" title=\"Consulter tous les articles de Amandine Vachez\" rel=\"nofollow noopener\" target=\"_blank\">Amandine Vachez<\/a><br \/>\n        <\/strong><\/p>\n<p>        Publi\u00e9 le<\/p>\n<p>            7 oct. 2025 \u00e0 6h04        <\/p>\n<p>On vous parle r\u00e9guli\u00e8rement des <b>ouvertures de commerces<\/b>, sur Lille actu. Malheureusement, certains mettent aussi la cl\u00e9 sous la porte. En ce <b>d\u00e9but d\u2019automne 2025<\/b>, de nombreux \u00e9tablissements de <a href=\"https:\/\/actu.fr\/hauts-de-france\/lille_59350\" rel=\"nofollow noopener\" target=\"_blank\">Lille<\/a> (Nord) ont annonc\u00e9 leur <b>fermeture<\/b>. On fait le point sur les annonces r\u00e9centes.<\/p>\n<p>Quelles fermetures et pour quelles raisons\u2009?<\/p>\n<ul class=\" wall-content\">\n<li><b>Pour Woodii, un \u00ab\u2009contexte \u00e9conomique compliqu\u00e9\u2009\u00bb<\/b><\/li>\n<\/ul>\n<p class=\" wall-content\">Fin septembre, la <a href=\"https:\/\/actu.fr\/hauts-de-france\/lille_59350\/la-jardinerie-urbaine-woodii-sinstalle-a-lille-pour-proposer-des-plantes-toute-lannee_59232540.html\" rel=\"nofollow noopener\" target=\"_blank\">\u00ab\u2009jardinerie urbaine\u2009\u00bb de Gambetta Woodii<\/a> annon\u00e7ait sa fermeture, apr\u00e8s presque trois ans d\u2019ouverture. Dans un message publi\u00e9 sur le compte Instagram de l\u2019\u00e9tablissement, Victoria et Florent \u00e9voquent \u00ab\u2009un contexte \u00e9conomique compliqu\u00e9 depuis plusieurs mois, des charges tr\u00e8s \u00e9lev\u00e9es ainsi que l\u2019impossibilit\u00e9 de nous verser des salaires alors que nous ne comptons plus nos heures de travail\u2009\u00bb. Une situation qui ne tenait plus.<\/p>\n<p class=\" wall-content\">Dans un message \u00e9mouvant, le duo remercie ses proches et la client\u00e8le\u2009: \u00ab\u2009merci, merci pour tous vos passages en boutique, vos compliments et votre fid\u00e9lit\u00e9.\u2009\u00bb Ils d\u00e9signent \u00ab\u2009une aventure entrepreneuriale incroyable avec beaucoup de sacrifices mais aussi de tr\u00e8s belles rencontres\u2009\u00bb. Enfin, les g\u00e9rants se disent \u00ab\u2009fier [s] de n\u2019avoir jamais c\u00e9d\u00e9 sur [notre] engagement \u00e9coresponsable.\u2009\u00bb<\/p>\n<p class=\" wall-content\">Jusqu\u2019\u00e0 la fermeture mi-octobre, un gros d\u00e9stockage est organis\u00e9 avec -40\u2009% sur les produits de la boutique.<\/p>\n<p class=\" wall-content\"><a href=\"https:\/\/www.instagram.com\/p\/DPJnN53CSoH\/embed\" title=\"Ouvrir le lien sur Instagram\" rel=\"nofollow noopener\" target=\"_blank\">Visualiser le contenu sur Instagram<\/a><\/p>\n<ul class=\" wall-content\">\n<li><b>\u00c0 L\u2019Imparfait, l\u2019\u00e9puisement de Thomas qui portait son commerce \u00e0 bout de bras<\/b><\/li>\n<\/ul>\n<p class=\" wall-content\">Thomas, qui ouvrait le <a href=\"https:\/\/actu.fr\/hauts-de-france\/lille_59350\/lille-limparfait-salon-de-the-culturel-ouvre-ses-portes-ce-samedi_61721333.html\" rel=\"nofollow noopener\" target=\"_blank\">\u00ab\u2009salon de th\u00e9 culturel\u2009\u00bb de ses r\u00eaves il y a un an \u00e0 Wazemmes<\/a>, a pris la d\u00e9cision d\u2019arr\u00eater cette aventure. En septembre, il annon\u00e7ait la nouvelle dans un post empreint de beaucoup d\u2019\u00e9motion, via le compte Instagram de son commerce, qu\u2019il d\u00e9finit comme \u00ab\u2009microcosme culturel, caram\u00e9lis\u00e9 et imparfait.\u2009\u00bb<\/p>\n<p class=\" wall-content\">Si le salon avait trouv\u00e9 ses fid\u00e8les, le g\u00e9rant est, dit-il, arriv\u00e9 \u00ab\u2009\u00e0 bout de force\u2009\u00bb. Le contrecoup d\u2019un projet ambitieux, qu\u2019il devait porter seul. Il \u00e9voque les p\u00e9rip\u00e9ties, d\u00e8s le d\u00e9but de ce projet. Puis ses \u00ab\u2009casquettes dans cette aventure Imparfaite\u2009: Chef d\u2019entreprise, porteur de projets, p\u00e2tissier, cuisinier, serveur, m\u00e9diateur culturel, programmateur, n\u00e9gociateur, animateur, comptable, RH, Community Manager, r\u00e9parateur, peintre, carreleur, ponceur (\u00e7a existe\u2009?), chef de l\u2019improvisation et de l\u2019adaptation\u2026\u2009\u00bb<\/p>\n<p>Votre r\u00e9gion, votre actu !<\/p>\n<p>Recevez chaque jour les infos qui comptent pour vous.<\/p>\n<p>\t<a href=\"https:\/\/actu.fr\/newsletter\" class=\"ac-btn ac-btn--corner ac-btn--medium ac-btn--blue800\" rel=\"nofollow noopener\" target=\"_blank\">S&rsquo;incrire<\/a><\/p>\n<p class=\" wall-content\">Le jeune entrepreneur a, en prenant cette d\u00e9cision, choisi de pr\u00e9server sa sant\u00e9. Il a pris le temps de remercier les personnes qui l\u2019ont accompagn\u00e9es tout au long de cette aventure, qui s\u2019est cl\u00f4tur\u00e9e le 13\u00a0septembre dernier.<\/p>\n<p class=\" wall-content\"><a href=\"https:\/\/www.instagram.com\/p\/DOXtrm6DHJh\/embed\" title=\"Ouvrir le lien sur Instagram\" rel=\"nofollow noopener\" target=\"_blank\">Visualiser le contenu sur Instagram<\/a><\/p>\n<ul class=\" wall-content\">\n<li><b>\u00ab\u2009L\u2019Hirondelle est morte\u2009\u00bb\u2009: la fin de cette version du Bistrot de Saint-So<\/b><\/li>\n<\/ul>\n<p class=\" wall-content\">L\u2019\u00e9quipe qui g\u00e9rait le Bistrot de Saint-So depuis plus de 3\u00a0ans <a href=\"https:\/\/actu.fr\/hauts-de-france\/lille_59350\/lhirondelle-est-morte-le-bistrot-saint-so-de-lille-annonce-officiellement-sa-fermeture_63206776.html\" rel=\"nofollow noopener\" target=\"_blank\">a quitt\u00e9 les lieux<\/a>. Cette d\u00e9cision a \u00e9t\u00e9 prise avec amertume par l\u2019\u00e9quipe, d\u00e9signant \u00ab\u2009une fermeture subie, v\u00e9cue comme une injustice\u2009\u00bb. L\u2019Hirondelle a point\u00e9 du doigt la Ville de Lille, qui dit-elle n\u2019a \u00ab\u2009jamais \u00e9t\u00e9 aidante\u2009\u00bb.<\/p>\n<p class=\" wall-content\">L\u2019\u00e9tablissement, en principe en concession jusqu\u2019en 2027, n\u2019a donc pas tenu le coup. Faisant face \u00e0 \u00ab\u2009une \u00e9quation financi\u00e8re intenable\u2009\u00bb, l\u2019\u00e9quipe n\u2019a, malgr\u00e9 ses tentatives, pas r\u00e9ussi \u00e0 redresser la barre. \u00ab\u2009Nous avons tout donn\u00e9, parfois au d\u00e9triment de notre sant\u00e9 et de nos vies personnelles, uniquement pour faire tourner la boutique et continuer \u00e0 proposer une programmation culturelle de qualit\u00e9\u2009\u00bb, \u00e9crit-elle, avant de remercier ses divers partenaires et fid\u00e8les dans cette aventure.<\/p>\n<p class=\" wall-content\">La derni\u00e8re rencontre avec l\u2019\u00e9quipe municipale n\u2019a pas permis de d\u00e9bloquer la situation. Le lieu a ferm\u00e9 ses portes le 24\u00a0septembre. La municipalit\u00e9 pr\u00e9cise d\u2019ailleurs que le d\u00e9part du concessionnaire <a href=\"https:\/\/actu.fr\/hauts-de-france\/lille_59350\/lille-lhirondelle-quitte-saint-so-mais-ce-nest-pas-la-fin-du-bistrot_63210771.html\" rel=\"nofollow noopener\" target=\"_blank\">ne signifie pas une fermeture d\u00e9finitive du Bistrot<\/a>.<\/p>\n<p class=\" wall-content\"><a href=\"https:\/\/www.instagram.com\/p\/DO-q47MjfFP\/embed\" title=\"Ouvrir le lien sur Instagram\" rel=\"nofollow noopener\" target=\"_blank\">Visualiser le contenu sur Instagram<\/a><\/p>\n<ul class=\" wall-content\">\n<li><b>Le plan de Grand Sc\u00e8ne n\u2019a pas suffi \u00e0 sauver le food-court<\/b><\/li>\n<\/ul>\n<p class=\" wall-content\">Le food-court de la rue de B\u00e9thune <a href=\"https:\/\/actu.fr\/hauts-de-france\/lille_59350\/voici-les-10-restos-street-food-de-grand-scene-au-31-rue-de-bethune-a-lille_41083719.html\" rel=\"nofollow noopener\" target=\"_blank\">ouvert en 2021 rue de B\u00e9thune<\/a> a d\u00fb fermer ses portes le samedi 4\u00a0octobre dernier, suite \u00e0 la liquidation judiciaire, prononc\u00e9e par le tribunal de commerce de Lille. Depuis des mois, l\u2019\u00e9tablissement \u00e9tait en redressement. Mais les efforts d\u00e9crits par l\u2019\u00e9quipe pour \u00ab\u2009construire un plan de redressement solide\u2009\u00bb n\u2019ont pas suffi. L\u2019activit\u00e9 s\u2019est arr\u00eat\u00e9e d\u00e9finitivement. L\u2019\u00e9quipe regrette cette \u00ab\u2009d\u00e9cision brutale\u2009\u00bb, mais a pris soin de remercier celles et ceux qui ont fait vivre l\u2019endroit ces derni\u00e8res ann\u00e9es. \u00ab\u2009Ce qui reste de plus fort, ce sont les souvenirs\u2009\u00bb, d\u00e9clarait la g\u00e9rance, <a href=\"https:\/\/actu.fr\/hauts-de-france\/lille_59350\/lille-clap-de-fin-pour-grand-scene-le-food-court-de-la-rue-de-bethune-ferme-definitivement-ses-portes_63245757.html\" rel=\"nofollow noopener\" target=\"_blank\">le 2\u00a0octobre dernier<\/a>.<\/p>\n<p class=\" wall-content\"><a href=\"https:\/\/www.instagram.com\/p\/DPTqrliCPbb\/embed\" title=\"Ouvrir le lien sur Instagram\" rel=\"nofollow noopener\" target=\"_blank\">Visualiser le contenu sur Instagram<\/a><\/p>\n<ul class=\" wall-content\">\n<li><b>Le Janken Manga Bar ne tient plus<\/b><\/li>\n<\/ul>\n<p class=\" wall-content\">On peut lire un sobre \u00ab\u2009d\u00e9finitivement ferm\u00e9\u2009\u00bb sur sa page Instagram ou sur Google. Le Janken Manga Bar, qu\u2019<a href=\"https:\/\/actu.fr\/hauts-de-france\/lille_59350\/lille-un-nouveau-manga-bar-va-ouvrir-dans-le-centre-ville_61778470.html\" rel=\"nofollow noopener\" target=\"_blank\">on vous pr\u00e9sentait il y a un an pour son ouverture<\/a>, n\u2019a pas tenu dans le temps. Ce n\u2019est pas faute d\u2019avoir plu \u00e0 la client\u00e8le. Mais le flux n\u2019a pas permis d\u2019absorber les frais n\u00e9cessaires. Son g\u00e9rant, Mohamed, a donc \u00e9t\u00e9 contraint de prendre la d\u00e9cision de fermer, apr\u00e8s quelques mois d\u2019activit\u00e9. Il a confi\u00e9 dans un entretien accord\u00e9 \u00e0 Lille actu\u2009: \u00ab\u2009Septembre a \u00e9t\u00e9 catastrophique par rapport \u00e0 juillet et ao\u00fbt, qui avaient bien march\u00e9 avec les touristes.\u2009\u00bb<\/p>\n<p class=\" wall-content\">Dans la conjoncture actuelle, avec les gens qui consomment moins en lien avec l\u2019inflation, et le loyer qui est cher \u00e0 cet endroit du centre-ville, Mohamed a d\u00fb se r\u00e9soudre \u00e0 laisser \u00ab\u2009son b\u00e9b\u00e9\u2009\u00bb pour ne pas que sa situation ne devienne trop critique. L\u2019entrepreneur n\u2019exclut pas un retour \u00e0 son compte un jour, mais il fera diff\u00e9remment. Cette exp\u00e9rience lui aura dans tous les cas appris beaucoup.<\/p>\n<ul class=\" wall-content\">\n<li><b>Berliner Das Original Kebab montre porte close \u00e0 Grand-Place<\/b><\/li>\n<\/ul>\n<p class=\" wall-content\">Le <a href=\"https:\/\/actu.fr\/hauts-de-france\/lille_59350\/un-restaurant-specialise-dans-le-kebab-berlinois-ouvre-sur-la-grand-place-de-lille_54922103.html\" rel=\"nofollow noopener\" target=\"_blank\">kebab de la Grand-Place ouvert d\u00e9but 2023<\/a> n\u2019est plus. Depuis des jours, le lieu est ferm\u00e9 \u00e0 la client\u00e8le. L\u2019adresse lilloise n\u2019est plus mentionn\u00e9e dans les points de vente de l\u2019enseigne, qui n\u2019a visiblement pas su convaincre la client\u00e8le locale. \u00ab\u2009\u00c0 fuir\u2009\u00bb, \u00ab\u2009affreux\u2009\u00bb, \u00ab\u2009honteux\u2009\u00bb\u2026 De nombreux avis en ligne sur l\u2019endroit, not\u00e9 2,1\/5 sur Tripadvisor sont n\u00e9gatifs\u2026 L\u2019enseigne allemande n\u2019a pas r\u00e9ussi \u00e0 se faire une place sous le soleil lillois, malgr\u00e9 un emplacement de choix.<\/p>\n<p class=\" wall-content\">Personnalisez votre actualit\u00e9 en ajoutant vos villes et m\u00e9dias en favori avec <a href=\"https:\/\/moncompte.actu.fr\" title=\"D\u00e9couvez Mon Actu\" rel=\"nofollow noopener\" data-trk=\"{&quot;cta&quot;:{&quot;action&quot;:&quot;https:\\\/\\\/moncompte.actu.fr&quot;,&quot;category&quot;:&quot;mon compte&quot;,&quot;from&quot;:&quot;article footer&quot;,&quot;name&quot;:&quot;Mon actu&quot;,&quot;type&quot;:&quot;cta&quot;}}\" target=\"_blank\">Mon Actu<\/a>.<\/p>\n<p>                    <script async src=\"\/\/www.instagram.com\/embed.js\"><\/script><\/p>\n","protected":false},"excerpt":{"rendered":"Par Amandine Vachez Publi\u00e9 le 7 oct. 2025 \u00e0 6h04 On vous parle r\u00e9guli\u00e8rement des ouvertures de commerces,&hellip;\n","protected":false},"author":2,"featured_media":444318,"comment_status":"","ping_status":"","sticky":false,"template":"","format":"standard","meta":{"footnotes":""},"categories":[2815],"tags":[1111,11,215,33,1777,674,1011,27,811,1307,12,25,1340],"class_list":{"0":"post-444317","1":"post","2":"type-post","3":"status-publish","4":"format-standard","5":"has-post-thumbnail","7":"category-lille","8":"tag-actu","9":"tag-actualites","10":"tag-commerce","11":"tag-economie","12":"tag-eu","13":"tag-europe","14":"tag-fr","15":"tag-france","16":"tag-hauts-de-france","17":"tag-lille","18":"tag-news","19":"tag-republique-francaise","20":"tag-restaurant"},"share_on_mastodon":{"url":"https:\/\/pubeurope.com\/@fr\/115331004078725573","error":""},"_links":{"self":[{"href":"https:\/\/www.europesays.com\/fr\/wp-json\/wp\/v2\/posts\/444317","targetHints":{"allow":["GET"]}}],"collection":[{"href":"https:\/\/www.europesays.com\/fr\/wp-json\/wp\/v2\/posts"}],"about":[{"href":"https:\/\/www.europesays.com\/fr\/wp-json\/wp\/v2\/types\/post"}],"author":[{"embeddable":true,"href":"https:\/\/www.europesays.com\/fr\/wp-json\/wp\/v2\/users\/2"}],"replies":[{"embeddable":true,"href":"https:\/\/www.europesays.com\/fr\/wp-json\/wp\/v2\/comments?post=444317"}],"version-history":[{"count":0,"href":"https:\/\/www.europesays.com\/fr\/wp-json\/wp\/v2\/posts\/444317\/revisions"}],"wp:featuredmedia":[{"embeddable":true,"href":"https:\/\/www.europesays.com\/fr\/wp-json\/wp\/v2\/media\/444318"}],"wp:attachment":[{"href":"https:\/\/www.europesays.com\/fr\/wp-json\/wp\/v2\/media?parent=444317"}],"wp:term":[{"taxonomy":"category","embeddable":true,"href":"https:\/\/www.europesays.com\/fr\/wp-json\/wp\/v2\/categories?post=444317"},{"taxonomy":"post_tag","embeddable":true,"href":"https:\/\/www.europesays.com\/fr\/wp-json\/wp\/v2\/tags?post=444317"}],"curies":[{"name":"wp","href":"https:\/\/api.w.org\/{rel}","templated":true}]}}