{"id":444319,"date":"2025-10-07T04:30:14","date_gmt":"2025-10-07T04:30:14","guid":{"rendered":"https:\/\/www.europesays.com\/fr\/444319\/"},"modified":"2025-10-07T04:30:14","modified_gmt":"2025-10-07T04:30:14","slug":"previsions-du-mardi-7-octobre-2025-16","status":"publish","type":"post","link":"https:\/\/www.europesays.com\/fr\/444319\/","title":{"rendered":"pr\u00e9visions du mardi 7 octobre 2025"},"content":{"rendered":"<p>\u00c0 Lille, la m\u00e9t\u00e9o devrait s&rsquo;am\u00e9liorer durant la journ\u00e9e. Les temp\u00e9ratures seront de 17\u00b0C. Un vent de sud-ouest rafra\u00eechira sensiblement l&rsquo;atmosph\u00e8re. Il fera 15\u00b0C en moyenne le matin. Les temp\u00e9ratures vont enregistrer une hausse de plusieurs degr\u00e9s pendant l&rsquo;apr\u00e8s-midi. Les valeurs s&rsquo;\u00e9chelonneront entre 18 et 21\u00b0C. Des \u00e9claircies appara\u00eetront dans la soir\u00e9e. On passera de mardi \u00e0 mercredi par une nuit claire.<\/p>\n<p>Un bel ensoleillement est pr\u00e9vu demain \u00e0 Lille. Les temp\u00e9ratures vont chuter de quelques degr\u00e9s. Le thermom\u00e8tre affichera 16\u00b0C en moyenne. Un modeste vent de nord-ouest sera ressenti par les habitants. Les temp\u00e9ratures seront de 15\u00b0C au minimum et de 19\u00b0C au maximum l&rsquo;apr\u00e8s-midi. Le ciel sera relativement lumineux, avec quelques \u00e9claircies demain soir. On pr\u00e9voit des valeurs avoisinant 13\u00b0C.<\/p>\n<p>Le temps restera stable les prochains jours. Le temps sera ensoleill\u00e9 avec des temp\u00e9ratures autour de 15\u00b0C.<\/p>\n<p><\/p>\n","protected":false},"excerpt":{"rendered":"\u00c0 Lille, la m\u00e9t\u00e9o devrait s&rsquo;am\u00e9liorer durant la journ\u00e9e. Les temp\u00e9ratures seront de 17\u00b0C. Un vent de sud-ouest&hellip;\n","protected":false},"author":2,"featured_media":444320,"comment_status":"","ping_status":"","sticky":false,"template":"","format":"standard","meta":{"footnotes":""},"categories":[2815],"tags":[1111,11,1777,674,1011,27,811,1307,12,2119,25],"class_list":{"0":"post-444319","1":"post","2":"type-post","3":"status-publish","4":"format-standard","5":"has-post-thumbnail","7":"category-lille","8":"tag-actu","9":"tag-actualites","10":"tag-eu","11":"tag-europe","12":"tag-fr","13":"tag-france","14":"tag-hauts-de-france","15":"tag-lille","16":"tag-news","17":"tag-previsions-meteo","18":"tag-republique-francaise"},"share_on_mastodon":{"url":"https:\/\/pubeurope.com\/@fr\/115331008057816017","error":""},"_links":{"self":[{"href":"https:\/\/www.europesays.com\/fr\/wp-json\/wp\/v2\/posts\/444319","targetHints":{"allow":["GET"]}}],"collection":[{"href":"https:\/\/www.europesays.com\/fr\/wp-json\/wp\/v2\/posts"}],"about":[{"href":"https:\/\/www.europesays.com\/fr\/wp-json\/wp\/v2\/types\/post"}],"author":[{"embeddable":true,"href":"https:\/\/www.europesays.com\/fr\/wp-json\/wp\/v2\/users\/2"}],"replies":[{"embeddable":true,"href":"https:\/\/www.europesays.com\/fr\/wp-json\/wp\/v2\/comments?post=444319"}],"version-history":[{"count":0,"href":"https:\/\/www.europesays.com\/fr\/wp-json\/wp\/v2\/posts\/444319\/revisions"}],"wp:featuredmedia":[{"embeddable":true,"href":"https:\/\/www.europesays.com\/fr\/wp-json\/wp\/v2\/media\/444320"}],"wp:attachment":[{"href":"https:\/\/www.europesays.com\/fr\/wp-json\/wp\/v2\/media?parent=444319"}],"wp:term":[{"taxonomy":"category","embeddable":true,"href":"https:\/\/www.europesays.com\/fr\/wp-json\/wp\/v2\/categories?post=444319"},{"taxonomy":"post_tag","embeddable":true,"href":"https:\/\/www.europesays.com\/fr\/wp-json\/wp\/v2\/tags?post=444319"}],"curies":[{"name":"wp","href":"https:\/\/api.w.org\/{rel}","templated":true}]}}