{"id":444321,"date":"2025-10-07T04:31:10","date_gmt":"2025-10-07T04:31:10","guid":{"rendered":"https:\/\/www.europesays.com\/fr\/444321\/"},"modified":"2025-10-07T04:31:10","modified_gmt":"2025-10-07T04:31:10","slug":"marseille-les-repas-gratuits-chaque-mardi-pour-les-etudiants-un-seul-restaurant-concerne","status":"publish","type":"post","link":"https:\/\/www.europesays.com\/fr\/444321\/","title":{"rendered":"Marseille. Les repas gratuits chaque mardi pour les \u00e9tudiants, un seul restaurant concern\u00e9"},"content":{"rendered":"<p>            Par<br \/>\n        <strong><br \/>\n            <a href=\"https:\/\/actu.fr\/auteur\/thibault-nadal-actu-fr\" title=\"Consulter tous les articles de Thibault Nadal\" target=\"_blank\" rel=\"noopener\">Thibault Nadal<\/a><br \/>\n        <\/strong><\/p>\n<p>        Publi\u00e9 le<\/p>\n<p>            7 oct. 2025 \u00e0 6h04        <\/p>\n<p>La municipalit\u00e9 veut lutter contre <a href=\"https:\/\/actu.fr\/tag\/precarite-etudiante\" target=\"_blank\" rel=\"noopener\">la pr\u00e9carit\u00e9 \u00e9tudiante<\/a>, grandissante chaque ann\u00e9e. Pour aider ceux dans le besoin, la Ville de <a href=\"https:\/\/actu.fr\/marseille\/\" target=\"_blank\" rel=\"noopener\">Marseille<\/a> annonce dans un communiqu\u00e9 la mise en place de repas gratuits pour les \u00e9tudiants <strong>chaque mardi soir<\/strong>.<\/p>\n<p class=\" wall-content\">Voici tout ce qu\u2019il faut savoir sur ce dispositif.<\/p>\n<p>Durant deux mois et demi pour l\u2019instant<\/p>\n<p class=\" wall-content\">Ces derni\u00e8res ann\u00e9es, la Ville avait mis en place <a href=\"https:\/\/actu.fr\/provence-alpes-cote-d-azur\/marseille_13055\/marseille-la-ville-offre-des-repas-aux-etudiants-voici-ou-et-jusqu-a-quand-en-profiter_62613460.html\" target=\"_blank\" rel=\"noopener\">des semaines enti\u00e8res o\u00f9 les repas \u00e9taient gratuits<\/a>. Une exp\u00e9rience renouvel\u00e9e lors de cette rentr\u00e9e. Mais pour 2025-2026, l\u2019\u00e9quipe municipale a d\u00e9cid\u00e9 d\u2019aller encore plus loin en proposant un repas gratuit chaque mardi.<\/p>\n<p class=\" wall-content\">L\u2019op\u00e9ration d\u00e9marre ce mardi 7\u00a0octobre 2025 et dure jusqu\u2019au mardi 16\u00a0d\u00e9cembre 2025. Mais attention\u2009: seul <strong>le restaurant universitaire de La Canebi\u00e8re<\/strong> \u2013 situ\u00e9 9 rue S\u00e9nac, dans le 1er arrondissement \u2013 est partenaire de cette op\u00e9ration.<\/p>\n<p>    <a href=\"https:\/\/www.google.com\/maps\/embed?pb=!1m18!1m12!1m3!1d2211.8630211087666!2d5.381072974922308!3d43.29794657533702!2m3!1f0!2f0!3f0!3m2!1i1024!2i768!4f13.1!3m3!1m2!1s0x12c9c132cb118a07%3A0xfe8f16dc98cffa0a!2sRU%20Canebi%C3%A8re!5e1!3m2!1sfr!2sfr!4v1759742199804!5m2!1sfr!2sfr\" title=\"Ouvrie le lien\" target=\"_blank\" rel=\"noopener\">Cliquez ici pour visualiser le contenu<\/a><\/p>\n<p class=\" wall-content\">En 2024, ce sont <strong>5892 repas<\/strong> qui ont \u00e9t\u00e9 distribu\u00e9s aux \u00e9tudiants le soir.<\/p>\n<p>Marseille figure parmi les villes les plus ch\u00e8res pour un \u00e9tudiant<\/p>\n<p class=\" wall-content\">\u00c0 la veille de cette rentr\u00e9e, l\u2019Union nationale des \u00e9tudiants de France (Unef) avait d\u00e9voil\u00e9 son classement des villes les plus ch\u00e8res.<\/p>\n<p>Votre r\u00e9gion, votre actu !<\/p>\n<p>Recevez chaque jour les infos qui comptent pour vous.<\/p>\n<p>\t<a href=\"https:\/\/actu.fr\/newsletter\" class=\"ac-btn ac-btn--corner ac-btn--medium ac-btn--blue800\" target=\"_blank\" rel=\"noopener\">S&rsquo;incrire<\/a><\/p>\n<p class=\" wall-content\"><a href=\"https:\/\/www.instagram.com\/p\/DNkknCNix9A\/embed\" title=\"Ouvrir le lien sur Instagram\" target=\"_blank\" rel=\"noopener\">Visualiser le contenu sur Instagram<\/a><\/p>\n<p class=\" wall-content\">Hors r\u00e9gion parisienne, Aix-en-Provence et Marseille figurent dans le haut du classement, en deuxi\u00e8me et sixi\u00e8me positions respectivement. Dans la cit\u00e9 phoc\u00e9enne, un \u00e9tudiant doit en moyenne <strong>d\u00e9bourser 1256,48 euros pour vivre<\/strong>, soit une hausse de 3,98% par rapport \u00e0 l\u2019ann\u00e9e pr\u00e9c\u00e9dente.<\/p>\n<p class=\" wall-content\">Personnalisez votre actualit\u00e9 en ajoutant vos villes et m\u00e9dias en favori avec <a href=\"https:\/\/moncompte.actu.fr\" title=\"D\u00e9couvez Mon Actu\" rel=\"nofollow noopener\" data-trk=\"{&quot;cta&quot;:{&quot;action&quot;:&quot;https:\\\/\\\/moncompte.actu.fr&quot;,&quot;category&quot;:&quot;mon compte&quot;,&quot;from&quot;:&quot;article footer&quot;,&quot;name&quot;:&quot;Mon actu&quot;,&quot;type&quot;:&quot;cta&quot;}}\" target=\"_blank\">Mon Actu<\/a>.<\/p>\n<p>                    <script async src=\"\/\/www.instagram.com\/embed.js\"><\/script><\/p>\n","protected":false},"excerpt":{"rendered":"Par Thibault Nadal Publi\u00e9 le 7 oct. 2025 \u00e0 6h04 La municipalit\u00e9 veut lutter contre la pr\u00e9carit\u00e9 \u00e9tudiante,&hellip;\n","protected":false},"author":2,"featured_media":444322,"comment_status":"","ping_status":"","sticky":false,"template":"","format":"standard","meta":{"footnotes":""},"categories":[2814],"tags":[1111,11,1180,1064,1777,674,1011,27,884,12,11090,882,25,104],"class_list":{"0":"post-444321","1":"post","2":"type-post","3":"status-publish","4":"format-standard","5":"has-post-thumbnail","7":"category-marseille","8":"tag-actu","9":"tag-actualites","10":"tag-canebiere","11":"tag-etudiantses","12":"tag-eu","13":"tag-europe","14":"tag-fr","15":"tag-france","16":"tag-marseille","17":"tag-news","18":"tag-precarite-etudiante","19":"tag-provence-alpes-cote-dazur","20":"tag-republique-francaise","21":"tag-societe"},"share_on_mastodon":{"url":"https:\/\/pubeurope.com\/@fr\/115331012048271710","error":""},"_links":{"self":[{"href":"https:\/\/www.europesays.com\/fr\/wp-json\/wp\/v2\/posts\/444321","targetHints":{"allow":["GET"]}}],"collection":[{"href":"https:\/\/www.europesays.com\/fr\/wp-json\/wp\/v2\/posts"}],"about":[{"href":"https:\/\/www.europesays.com\/fr\/wp-json\/wp\/v2\/types\/post"}],"author":[{"embeddable":true,"href":"https:\/\/www.europesays.com\/fr\/wp-json\/wp\/v2\/users\/2"}],"replies":[{"embeddable":true,"href":"https:\/\/www.europesays.com\/fr\/wp-json\/wp\/v2\/comments?post=444321"}],"version-history":[{"count":0,"href":"https:\/\/www.europesays.com\/fr\/wp-json\/wp\/v2\/posts\/444321\/revisions"}],"wp:featuredmedia":[{"embeddable":true,"href":"https:\/\/www.europesays.com\/fr\/wp-json\/wp\/v2\/media\/444322"}],"wp:attachment":[{"href":"https:\/\/www.europesays.com\/fr\/wp-json\/wp\/v2\/media?parent=444321"}],"wp:term":[{"taxonomy":"category","embeddable":true,"href":"https:\/\/www.europesays.com\/fr\/wp-json\/wp\/v2\/categories?post=444321"},{"taxonomy":"post_tag","embeddable":true,"href":"https:\/\/www.europesays.com\/fr\/wp-json\/wp\/v2\/tags?post=444321"}],"curies":[{"name":"wp","href":"https:\/\/api.w.org\/{rel}","templated":true}]}}