{"id":444325,"date":"2025-10-07T04:33:12","date_gmt":"2025-10-07T04:33:12","guid":{"rendered":"https:\/\/www.europesays.com\/fr\/444325\/"},"modified":"2025-10-07T04:33:12","modified_gmt":"2025-10-07T04:33:12","slug":"deux-ans-apres-le-7-octobre-la-communaute-juive-entre-reconstruction-et-fractures","status":"publish","type":"post","link":"https:\/\/www.europesays.com\/fr\/444325\/","title":{"rendered":"deux ans apr\u00e8s le 7-Octobre, la communaut\u00e9 juive entre reconstruction et fractures"},"content":{"rendered":"<p>Les traumatismes du 7-Octobre hantent encore tous les esprits. \u00c0 Villeurbanne, la \u00ab\u00a0petite J\u00e9rusalem\u00a0\u00bb, rares sont ceux qui acceptent de parler en leur nom. \u00ab\u00a0J\u2019ai tellement de choses \u00e0 dire que j\u2019ai sur le c\u0153ur, mais j\u2019ai trop peur\u00a0\u00bb, t\u00e9moigne Sandra (le pr\u00e9nom a \u00e9t\u00e9 chang\u00e9) une sexag\u00e9naire habitant Charpennes depuis 40 ans. Depuis deux ans, et malgr\u00e9 certaines fractures, la communaut\u00e9 a intens\u00e9ment resserr\u00e9 ses rangs. \u00ab\u00a0On ne se sent en s\u00e9curit\u00e9 qu\u2019entre nous, c\u2019est une r\u00e9alit\u00e9\u00a0\u00bb, explique \u00c8ve Lahyani, 54 ans.<\/p>\n<p>\u00ab\u00a0La France, c\u2019est notre pays de naissance, mais on ne s\u2019y sent plus chez&#8230;<\/p>\n","protected":false},"excerpt":{"rendered":"Les traumatismes du 7-Octobre hantent encore tous les esprits. \u00c0 Villeurbanne, la \u00ab\u00a0petite J\u00e9rusalem\u00a0\u00bb, rares sont ceux qui&hellip;\n","protected":false},"author":2,"featured_media":444326,"comment_status":"","ping_status":"","sticky":false,"template":"","format":"standard","meta":{"footnotes":""},"categories":[1889],"tags":[1111,11,2430,3206,3152,2757,3153,3154,1777,674,107,1011,27,2428,2756,12,25,2429,3151],"class_list":{"0":"post-444325","1":"post","2":"type-post","3":"status-publish","4":"format-standard","5":"has-post-thumbnail","7":"category-lyon","8":"tag-actu","9":"tag-actualites","10":"tag-auvergne-rhone-alpes","11":"tag-defense-guerre-conflit","12":"tag-edition-est-lyonnais","13":"tag-edition-lyon-villeurbanne","14":"tag-edition-ouest-lyonnais","15":"tag-edition-sud-lyonnais","16":"tag-eu","17":"tag-europe","18":"tag-fil-info","19":"tag-fr","20":"tag-france","21":"tag-lyon","22":"tag-lyon-bassin","23":"tag-news","24":"tag-republique-francaise","25":"tag-rhone","26":"tag-selection-de-la-redaction-69"},"share_on_mastodon":{"url":"https:\/\/pubeurope.com\/@fr\/115331019804251995","error":""},"_links":{"self":[{"href":"https:\/\/www.europesays.com\/fr\/wp-json\/wp\/v2\/posts\/444325","targetHints":{"allow":["GET"]}}],"collection":[{"href":"https:\/\/www.europesays.com\/fr\/wp-json\/wp\/v2\/posts"}],"about":[{"href":"https:\/\/www.europesays.com\/fr\/wp-json\/wp\/v2\/types\/post"}],"author":[{"embeddable":true,"href":"https:\/\/www.europesays.com\/fr\/wp-json\/wp\/v2\/users\/2"}],"replies":[{"embeddable":true,"href":"https:\/\/www.europesays.com\/fr\/wp-json\/wp\/v2\/comments?post=444325"}],"version-history":[{"count":0,"href":"https:\/\/www.europesays.com\/fr\/wp-json\/wp\/v2\/posts\/444325\/revisions"}],"wp:featuredmedia":[{"embeddable":true,"href":"https:\/\/www.europesays.com\/fr\/wp-json\/wp\/v2\/media\/444326"}],"wp:attachment":[{"href":"https:\/\/www.europesays.com\/fr\/wp-json\/wp\/v2\/media?parent=444325"}],"wp:term":[{"taxonomy":"category","embeddable":true,"href":"https:\/\/www.europesays.com\/fr\/wp-json\/wp\/v2\/categories?post=444325"},{"taxonomy":"post_tag","embeddable":true,"href":"https:\/\/www.europesays.com\/fr\/wp-json\/wp\/v2\/tags?post=444325"}],"curies":[{"name":"wp","href":"https:\/\/api.w.org\/{rel}","templated":true}]}}