{"id":444327,"date":"2025-10-07T04:34:11","date_gmt":"2025-10-07T04:34:11","guid":{"rendered":"https:\/\/www.europesays.com\/fr\/444327\/"},"modified":"2025-10-07T04:34:11","modified_gmt":"2025-10-07T04:34:11","slug":"cyclisme-de-lyon-sprint-evolution-au-velo-club-villefranche-beaujolais-sur-les-traces-de-paul-seixas","status":"publish","type":"post","link":"https:\/\/www.europesays.com\/fr\/444327\/","title":{"rendered":"Cyclisme. De Lyon-Sprint \u00c9volution au V\u00e9lo-Club Villefranche-Beaujolais, sur les traces de Paul Seixas"},"content":{"rendered":"<p>Paul Seixas, la nouvelle perle du cyclisme lyonnais, m\u00e9daill\u00e9 de bronze dimanche aux championnat d\u2019Europe derri\u00e8re Pogacar et Evenepol, a d\u2019abord touch\u00e9 \u00e0 tout : \u00ab\u00a0Foot, rugby, karat\u00e9, escalade, hand, mais \u00e7a ne l\u2019accrochait pas\u00a0\u00bb comme le pr\u00e9cise son p\u00e8re Emmanuel. Avec son grand-p\u00e8re paternel, l\u2019\u00e9t\u00e9 \u00e0 Magland, village entre Cluses et Sallanches en Haute-Savoie, il a mordu en regardant les \u00e9tapes du Tour de France.<\/p>\n<p>Le petit Paul est ainsi arriv\u00e9 \u00e0 Lyon Sprint \u00c9volution \u00e0 8 ans. \u00ab\u00a0Tr\u00e8s gentil, bien \u00e9lev\u00e9, timide mais toujours&#8230;<\/p>\n","protected":false},"excerpt":{"rendered":"Paul Seixas, la nouvelle perle du cyclisme lyonnais, m\u00e9daill\u00e9 de bronze dimanche aux championnat d\u2019Europe derri\u00e8re Pogacar et&hellip;\n","protected":false},"author":2,"featured_media":444328,"comment_status":"","ping_status":"","sticky":false,"template":"","format":"standard","meta":{"footnotes":""},"categories":[1889],"tags":[1111,11,2430,207,2757,1777,674,1011,27,2428,2756,12,25,2429,3151,517],"class_list":{"0":"post-444327","1":"post","2":"type-post","3":"status-publish","4":"format-standard","5":"has-post-thumbnail","7":"category-lyon","8":"tag-actu","9":"tag-actualites","10":"tag-auvergne-rhone-alpes","11":"tag-cyclisme","12":"tag-edition-lyon-villeurbanne","13":"tag-eu","14":"tag-europe","15":"tag-fr","16":"tag-france","17":"tag-lyon","18":"tag-lyon-bassin","19":"tag-news","20":"tag-republique-francaise","21":"tag-rhone","22":"tag-selection-de-la-redaction-69","23":"tag-sport"},"share_on_mastodon":{"url":"https:\/\/pubeurope.com\/@fr\/115331023677437174","error":""},"_links":{"self":[{"href":"https:\/\/www.europesays.com\/fr\/wp-json\/wp\/v2\/posts\/444327","targetHints":{"allow":["GET"]}}],"collection":[{"href":"https:\/\/www.europesays.com\/fr\/wp-json\/wp\/v2\/posts"}],"about":[{"href":"https:\/\/www.europesays.com\/fr\/wp-json\/wp\/v2\/types\/post"}],"author":[{"embeddable":true,"href":"https:\/\/www.europesays.com\/fr\/wp-json\/wp\/v2\/users\/2"}],"replies":[{"embeddable":true,"href":"https:\/\/www.europesays.com\/fr\/wp-json\/wp\/v2\/comments?post=444327"}],"version-history":[{"count":0,"href":"https:\/\/www.europesays.com\/fr\/wp-json\/wp\/v2\/posts\/444327\/revisions"}],"wp:featuredmedia":[{"embeddable":true,"href":"https:\/\/www.europesays.com\/fr\/wp-json\/wp\/v2\/media\/444328"}],"wp:attachment":[{"href":"https:\/\/www.europesays.com\/fr\/wp-json\/wp\/v2\/media?parent=444327"}],"wp:term":[{"taxonomy":"category","embeddable":true,"href":"https:\/\/www.europesays.com\/fr\/wp-json\/wp\/v2\/categories?post=444327"},{"taxonomy":"post_tag","embeddable":true,"href":"https:\/\/www.europesays.com\/fr\/wp-json\/wp\/v2\/tags?post=444327"}],"curies":[{"name":"wp","href":"https:\/\/api.w.org\/{rel}","templated":true}]}}