{"id":444333,"date":"2025-10-07T04:39:09","date_gmt":"2025-10-07T04:39:09","guid":{"rendered":"https:\/\/www.europesays.com\/fr\/444333\/"},"modified":"2025-10-07T04:39:09","modified_gmt":"2025-10-07T04:39:09","slug":"lavenue-des-champs-elysees-est-plus-attractive-que-la-5e-avenue-et-oxford-street","status":"publish","type":"post","link":"https:\/\/www.europesays.com\/fr\/444333\/","title":{"rendered":"l&rsquo;avenue des Champs-\u00c9lys\u00e9es est plus attractive que la 5e Avenue et Oxford Street"},"content":{"rendered":"<p>            Par<br \/>\n        <strong><br \/>\n            <a href=\"https:\/\/actu.fr\/auteur\/ines-cussac-actu-fr\" title=\"Consulter tous les articles de In\u00e8s Cussac\" rel=\"nofollow noopener\" target=\"_blank\">In\u00e8s Cussac<\/a><br \/>\n        <\/strong><\/p>\n<p>        Publi\u00e9 le<\/p>\n<p>            7 oct. 2025 \u00e0 6h04        <\/p>\n<p>Qui de Paris, New York ou Londres d\u00e9tient l\u2019avenue la plus in\u2009? Flux de pi\u00e9tons, derni\u00e8res transactions, vacance commerciale, attractivit\u00e9 internationale\u2026 Une \u00e9tude men\u00e9e par <a href=\"https:\/\/www.nmrk.com\/insights\/thought-leadership\/paris-london-and-new-york-major-thoroughfares-at-the-heart-of-retail-revolutions\" rel=\"nofollow noopener\" target=\"_blank\">Newmark<\/a> et publi\u00e9e mi-septembre 2025 a compar\u00e9 l\u2019avenue des <a href=\"https:\/\/actu.fr\/tag\/champs-elysees\" rel=\"nofollow noopener\" target=\"_blank\">Champs-\u00c9lys\u00e9es<\/a> \u00e0 Paris (8e), la 5e Avenue \u00e0 New York ainsi que l\u2019Oxford et la Regent Street \u00e0 Londres. Des trois s\u0153urs, la petite fran\u00e7aise semble avoir acquis <strong>une coquette pr\u00e9dominance<\/strong> aux yeux des investisseurs.<\/p>\n<p>Une raret\u00e9 immobili\u00e8re s\u00e9duisante<\/p>\n<p class=\" wall-content\">La fr\u00e9quentation y est \u00e9lev\u00e9e, la demande des enseignes y est toujours importante et <a href=\"https:\/\/actu.fr\/ile-de-france\/paris_75056\/a-paris-la-plus-belle-avenue-du-monde-suscite-les-convoitises-a-qui-appartiennent-les-champs-elysees_63178907.html\" rel=\"nofollow noopener\" target=\"_blank\">l\u2019avenue du 8e arrondissement de Paris<\/a> suscite encore <strong>l\u2019int\u00e9r\u00eat des investisseurs nationaux et internationaux<\/strong>. La raret\u00e9 de l\u2019offre immobili\u00e8re freine toutefois le rythme des nouvelles implantations mais offre aussi un contexte propice \u00e0 la poursuite de la transformation de l\u2019avenue, note l\u2019\u00e9tude. En effet, elle doit se borner \u00e0 ses fronti\u00e8res physiques marqu\u00e9es par le jardin des Champs-\u00c9lys\u00e9es d\u2019un c\u00f4t\u00e9 et la place de l\u2019\u00c9toile de l\u2019autre, limitant les possibilit\u00e9s d\u2019extension et d\u2019alternatives dont jouissent la 5e Avenue ou l\u2019Oxford et la Regent Street.<\/p>\n<p class=\" wall-content\">Dans le cas des Champs-\u00c9lys\u00e9es, l\u2019avenue tire son \u00e9pingle du jeu par sa viralit\u00e9. \u00ab\u2009Il est aujourd\u2019hui impossible de dissocier les mondes physique et digital\u2009\u00bb, souligne l\u2019\u00e9tude. La visibilit\u00e9 sur Internet est une v\u00e9ritable<strong> \u00ab\u2009vitrine \u00e0 l\u2019international\u2009\u00bb<\/strong>. Depuis mi-2021, les recherches effectu\u00e9es sur Google par des internautes situ\u00e9s en France s\u2019\u00e9l\u00e8vent en moyenne \u00e0 500\u2009000 chaque mois. Et elles ne cessent d\u2019augmenter. Ce qui est sans commune mesure avec la rue de Rivoli par exemple, qui n\u2019a jamais d\u00e9pass\u00e9 les 100\u2009000 recherches. \u00ab\u2009Cette tendance positive s\u2019explique sans doute par la succession d\u2019\u00e9v\u00e8nements ayant marqu\u00e9 l\u2019avenue des Champs-\u00c9lys\u00e9es ces derni\u00e8res ann\u00e9es\u2009\u00bb, indique Newmark. <a href=\"https:\/\/actu.fr\/ile-de-france\/paris_75056\/a-paris-les-illuminations-des-champs-elysees-ont-plonge-la-foule-dans-la-magie-de-noel_61910282.html\" rel=\"nofollow noopener\" target=\"_blank\">Les illuminations de No\u00ebl<\/a> ou les soldes jouent un r\u00f4le mais l\u2019actualit\u00e9 du site importe \u00e9galement les internautes. Les ouvertures de flagship dont certaines sont m\u00e9diatis\u00e9es ainsi que des habillages de devantures LVMH font gonfler les chiffres. En 2023, <a href=\"https:\/\/actu.fr\/ile-de-france\/paris_75056\/images-pourquoi-une-poupee-geante-a-investi-la-facade-de-louis-vuitton-a-paris_56549871.html\" rel=\"nofollow noopener\" target=\"_blank\">l\u2019installation de l\u2019artiste japonaise Yayoi Kusama<\/a> et <a href=\"https:\/\/actu.fr\/ile-de-france\/paris_75056\/pourquoi-la-pub-geante-et-contestee-de-louis-vuitton-a-paris-n-est-pas-pres-de-disparaitre_60690286.html\" rel=\"nofollow noopener\" target=\"_blank\">la malle g\u00e9ante Louis Vuitton<\/a> avaient cr\u00e9\u00e9 le buzz.<\/p>\n<p class=\" wall-content\">Ces activit\u00e9s ont par ailleurs particip\u00e9 \u00e0 la hausse de 6\u2009% du flux pi\u00e9tons, tout comme la plantation d\u2019arbres, l\u2019augmentation de l\u2019espace pi\u00e9ton ou <a href=\"https:\/\/actu.fr\/ile-de-france\/paris_75056\/champs-elysees-de-nouvelles-regles-vont-bouleverser-le-visage-de-la-plus-belle-avenue-du-monde_60130079.html\" rel=\"nofollow noopener\" target=\"_blank\">l\u2019harmonisation du mobilier urbain.<\/a><\/p>\n<p>Un flagship pour la visibilit\u00e9<\/p>\n<p class=\" wall-content\">L\u2019\u00e9tude compile aussi les points communs de ces trois art\u00e8res. Pl\u00e9biscit\u00e9es des touristes, install\u00e9es au c\u0153ur de quartiers de bureaux, compos\u00e9es d\u2019enseignes similaires <a href=\"https:\/\/actu.fr\/ile-de-france\/paris_75056\/paris-sur-l-avenue-des-champs-elysees-zara-veut-pousser-les-murs-de-son-vaisseau-amiral_62357002.html\" rel=\"nofollow noopener\" target=\"_blank\">dans de grandes surfaces<\/a>, elles sont aussi sujettes \u00e0 <a href=\"https:\/\/actu.fr\/ile-de-france\/paris_75056\/moins-de-voitures-plus-verte-et-plus-festive-l-avenue-des-champs-elysees-veut-redorer-son-blason_61121726.html\" rel=\"nofollow noopener\" target=\"_blank\">des projets de revitalisation<\/a> visant \u00e0 moderniser tout en pr\u00e9servant le caract\u00e8re patrimonial de chacune d\u2019elles.<\/p>\n<p class=\" wall-content\">Selon Newmark, les perspectives d\u2019\u00e9volution s\u2019annoncent florissantes pour les trois axes. Malgr\u00e9 un ralentissement des ventes dans le secteur du luxe, des acquisitions sur les grandes art\u00e8res <strong>permettent de rassurer<\/strong>. Elles offrent un grand potentiel en mati\u00e8re d\u2019image et de chiffre d\u2019affaires. \u00ab\u2009C\u2019est devenu une v\u00e9ritable course \u00e0 l\u2019armement. Il ne suffit plus d\u2019avoir une adresse sur les Champs-\u00c9lys\u00e9es ou sur la 5e Avenue, il faut un flagship suffisamment visible pour repr\u00e9senter la marque\u2009\u00bb, avait indiqu\u00e9 aupr\u00e8s de <a href=\"https:\/\/www.curbed.com\/2024\/02\/prada-lvmh-gucci-buying-fifth-avenue-real-estate.html\" rel=\"nofollow noopener\" target=\"_blank\">Curbed<\/a> Mark Cohen, directeur des \u00e9tudes de vente au d\u00e9tail \u00e0 la Columbia Business School en f\u00e9vrier\u00a02024. \u00ab\u2009Non seulement ces marques d\u00e9pensent 800\u00a0millions de dollars pour acqu\u00e9rir le site, comme Prada, mais elles d\u00e9pensent aussi une fortune pour r\u00e9am\u00e9nager leur magasin.\u2009\u00bb<\/p>\n<p>Votre r\u00e9gion, votre actu !<\/p>\n<p>Recevez chaque jour les infos qui comptent pour vous.<\/p>\n<p>\t<a href=\"https:\/\/actu.fr\/newsletter\" class=\"ac-btn ac-btn--corner ac-btn--medium ac-btn--blue800\" rel=\"nofollow noopener\" target=\"_blank\">S&rsquo;incrire<\/a><\/p>\n<p class=\" wall-content\">\u00c0 la condition de conserver leur singularit\u00e9, les trois art\u00e8res peuvent profiter de la <strong>communication digitale<\/strong> et <strong>l\u2019essor des flagship<\/strong> pour continuer d\u2019attirer les investisseurs. Mais ces deux leviers sont aussi des app\u00e2ts pour un tourisme de masse, qui pourrait lui-m\u00eame faire fuir les int\u00e9ress\u00e9s.<\/p>\n<p class=\" wall-content\">Personnalisez votre actualit\u00e9 en ajoutant vos villes et m\u00e9dias en favori avec <a href=\"https:\/\/moncompte.actu.fr\" title=\"D\u00e9couvez Mon Actu\" rel=\"nofollow noopener\" data-trk=\"{&quot;cta&quot;:{&quot;action&quot;:&quot;https:\\\/\\\/moncompte.actu.fr&quot;,&quot;category&quot;:&quot;mon compte&quot;,&quot;from&quot;:&quot;article footer&quot;,&quot;name&quot;:&quot;Mon actu&quot;,&quot;type&quot;:&quot;cta&quot;}}\" target=\"_blank\">Mon Actu<\/a>.<\/p>\n","protected":false},"excerpt":{"rendered":"Par In\u00e8s Cussac Publi\u00e9 le 7 oct. 2025 \u00e0 6h04 Qui de Paris, New York ou Londres d\u00e9tient&hellip;\n","protected":false},"author":2,"featured_media":444334,"comment_status":"","ping_status":"","sticky":false,"template":"","format":"standard","meta":{"footnotes":""},"categories":[1888],"tags":[11,6984,33,1777,674,1011,27,1116,12,626,25],"class_list":{"0":"post-444333","1":"post","2":"type-post","3":"status-publish","4":"format-standard","5":"has-post-thumbnail","7":"category-paris","8":"tag-actualites","9":"tag-champs-elysees","10":"tag-economie","11":"tag-eu","12":"tag-europe","13":"tag-fr","14":"tag-france","15":"tag-immobilier","16":"tag-news","17":"tag-paris","18":"tag-republique-francaise"},"share_on_mastodon":{"url":"https:\/\/pubeurope.com\/@fr\/115331043535048301","error":""},"_links":{"self":[{"href":"https:\/\/www.europesays.com\/fr\/wp-json\/wp\/v2\/posts\/444333","targetHints":{"allow":["GET"]}}],"collection":[{"href":"https:\/\/www.europesays.com\/fr\/wp-json\/wp\/v2\/posts"}],"about":[{"href":"https:\/\/www.europesays.com\/fr\/wp-json\/wp\/v2\/types\/post"}],"author":[{"embeddable":true,"href":"https:\/\/www.europesays.com\/fr\/wp-json\/wp\/v2\/users\/2"}],"replies":[{"embeddable":true,"href":"https:\/\/www.europesays.com\/fr\/wp-json\/wp\/v2\/comments?post=444333"}],"version-history":[{"count":0,"href":"https:\/\/www.europesays.com\/fr\/wp-json\/wp\/v2\/posts\/444333\/revisions"}],"wp:featuredmedia":[{"embeddable":true,"href":"https:\/\/www.europesays.com\/fr\/wp-json\/wp\/v2\/media\/444334"}],"wp:attachment":[{"href":"https:\/\/www.europesays.com\/fr\/wp-json\/wp\/v2\/media?parent=444333"}],"wp:term":[{"taxonomy":"category","embeddable":true,"href":"https:\/\/www.europesays.com\/fr\/wp-json\/wp\/v2\/categories?post=444333"},{"taxonomy":"post_tag","embeddable":true,"href":"https:\/\/www.europesays.com\/fr\/wp-json\/wp\/v2\/tags?post=444333"}],"curies":[{"name":"wp","href":"https:\/\/api.w.org\/{rel}","templated":true}]}}