{"id":444340,"date":"2025-10-07T04:43:14","date_gmt":"2025-10-07T04:43:14","guid":{"rendered":"https:\/\/www.europesays.com\/fr\/444340\/"},"modified":"2025-10-07T04:43:14","modified_gmt":"2025-10-07T04:43:14","slug":"une-taxe-americaine-lourde-de-consequences","status":"publish","type":"post","link":"https:\/\/www.europesays.com\/fr\/444340\/","title":{"rendered":"Une taxe am\u00e9ricaine lourde de cons\u00e9quences"},"content":{"rendered":"<p style=\"font-weight: 400;\"><strong>Trump a d\u00e9cid\u00e9 d\u2019instaurer depuis le 1er octobre un droit de douane de 25 % sur les poids lourds import\u00e9s. Selon les \u00e9conomistes, cette mesure risque de bouleverser profond\u00e9ment un secteur (l\u2019industrie du camions) d\u00e9j\u00e0 fragilis\u00e9 par une baisse de la demande et des co\u00fbts de production \u00e9lev\u00e9s.<\/strong><\/p>\n<p>Des cha\u00eenes de production fragilis\u00e9es<\/p>\n<p style=\"font-weight: 400;\">Les poids lourds am\u00e9ricains sont produits au sein d\u2019un r\u00e9seau tr\u00e8s int\u00e9gr\u00e9 entre les \u00c9tats-Unis, le Mexique et le Canada. L\u2019application de la taxe pourrait r\u00e9duire \u00e0 n\u00e9ant les b\u00e9n\u00e9fices de l\u2019accord de libre-\u00e9change USMCA, comme cela s\u2019est d\u00e9j\u00e0 produit pour certains v\u00e9hicules de tourisme.<\/p>\n<p style=\"font-weight: 400;\">Le Mexique occupe une place pr\u00e9pond\u00e9rante, puisqu\u2019il a repr\u00e9sent\u00e9 78 % des exportations de camions vers les \u00c9tats-Unis en 2023. Les constructeurs qui y ont investi massivement, comme Volvo avec une nouvelle usine de 700 millions de dollars \u00e0 Monterrey ou Stellantis avec ses sites de production de camions Ram et d\u2019utilitaires, se trouvent aujourd\u2019hui en position d\u00e9licate face \u00e0 des conditions de concurrence soudainement d\u00e9favorables.<\/p>\n<p>Un choc financier imm\u00e9diat<\/p>\n<p style=\"font-weight: 400;\">L\u2019impact de la mesure se traduit d\u00e9j\u00e0 sur les prix. Le co\u00fbt moyen d\u2019un camion de classe 8, sup\u00e9rieur \u00e0 170 000 dollars, atteindrait d\u00e9sormais plus de 212 000 dollars avec le tarif douanier, et grimperait \u00e0 pr\u00e8s de 238 000 dollars en ajoutant la taxe f\u00e9d\u00e9rale d\u2019accise de 12 %. Dans un secteur o\u00f9 les marges sont faibles, cette augmentation repr\u00e9sente une charge consid\u00e9rable.<\/p>\n<p style=\"font-weight: 400;\">Les constructeurs sont confront\u00e9s \u00e0 un dilemme. Ils doivent soit accepter une forte r\u00e9duction de leurs marges, soit envisager un transfert partiel ou total de leurs activit\u00e9s vers le nord de la fronti\u00e8re. Toutefois, une telle r\u00e9organisation supposerait des investissements colossaux, difficiles \u00e0 r\u00e9aliser dans un contexte de demande atone. Selon Jason Miller, sp\u00e9cialiste de la cha\u00eene d\u2019approvisionnement \u00e0 l\u2019Universit\u00e9 d\u2019\u00c9tat du Michigan, cette taxe risque de rendre rapidement inapplicables les dispositions de l\u2019USMCA.<\/p>\n<p>Des r\u00e9actions prudentes<\/p>\n<p style=\"font-weight: 400;\">Tous les acteurs n\u2019ont pas r\u00e9agi de la m\u00eame mani\u00e8re. PACCAR, qui produit d\u00e9j\u00e0 la quasi-totalit\u00e9 de ses camions Peterbilt et Kenworth aux \u00c9tats-Unis, a exprim\u00e9 une attente mesur\u00e9e en esp\u00e9rant obtenir davantage de pr\u00e9cisions sur la mise en \u0153uvre du tarif. En revanche, d\u2019autres grands constructeurs comme Daimler Truck North America, International Motors ou encore Volvo pr\u00e9f\u00e8rent rester silencieux dans l\u2019attente de clarifications officielles.<\/p>\n<p>\u00c7a peut (aussi) vous int\u00e9resser<br \/>\n                         <a href=\"https:\/\/www.trm24.fr\/author\/admin6767\/\" class=\"url\" title=\"Laurent Paquette\" rel=\"nofollow noopener\" target=\"_blank\"> <img loading=\"lazy\" width=\"250\" height=\"180\" decoding=\"async\" src=\"data:image\/svg+xml,%3Csvg%20xmlns=\" http:=\"\" class=\"photo\" alt=\"Laurent Paquette\" data-lazy-src=\"https:\/\/www.europesays.com\/fr\/wp-content\/uploads\/2025\/10\/0adobestock-211651043.jpg\"\/><\/a>  <a href=\"https:\/\/www.trm24.fr\/author\/admin6767\/\" class=\"url\" title=\"Laurent Paquette\" rel=\"nofollow noopener\" target=\"_blank\"><img loading=\"lazy\" width=\"250\" height=\"180\" decoding=\"async\" src=\"data:image\/svg+xml,%3Csvg%20xmlns=\" http:=\"\" class=\"photo\" alt=\"Laurent Paquette\" data-lazy-src=\"https:\/\/www.europesays.com\/fr\/wp-content\/uploads\/2025\/10\/0adobestock-211651043.jpg\"\/><\/a>Les derniers articles par Laurent Paquette (<a href=\"https:\/\/www.trm24.fr\/author\/admin6767\/\" rel=\"nofollow noopener\" target=\"_blank\">tout voir<\/a>)  \t\t\t<\/p>\n","protected":false},"excerpt":{"rendered":"Trump a d\u00e9cid\u00e9 d\u2019instaurer depuis le 1er octobre un droit de douane de 25 % sur les poids&hellip;\n","protected":false},"author":2,"featured_media":444341,"comment_status":"","ping_status":"","sticky":false,"template":"","format":"standard","meta":{"footnotes":""},"categories":[1589],"tags":[11,73,1866,12,1864,1865,1863,308],"class_list":{"0":"post-444340","1":"post","2":"type-post","3":"status-publish","4":"format-standard","5":"has-post-thumbnail","7":"category-etats-unis","8":"tag-actualites","9":"tag-etats-unis","10":"tag-etats-unis-damerique","11":"tag-news","12":"tag-united-states","13":"tag-united-states-of-america","14":"tag-us","15":"tag-usa"},"share_on_mastodon":{"url":"https:\/\/pubeurope.com\/@fr\/115331059135925017","error":""},"_links":{"self":[{"href":"https:\/\/www.europesays.com\/fr\/wp-json\/wp\/v2\/posts\/444340","targetHints":{"allow":["GET"]}}],"collection":[{"href":"https:\/\/www.europesays.com\/fr\/wp-json\/wp\/v2\/posts"}],"about":[{"href":"https:\/\/www.europesays.com\/fr\/wp-json\/wp\/v2\/types\/post"}],"author":[{"embeddable":true,"href":"https:\/\/www.europesays.com\/fr\/wp-json\/wp\/v2\/users\/2"}],"replies":[{"embeddable":true,"href":"https:\/\/www.europesays.com\/fr\/wp-json\/wp\/v2\/comments?post=444340"}],"version-history":[{"count":0,"href":"https:\/\/www.europesays.com\/fr\/wp-json\/wp\/v2\/posts\/444340\/revisions"}],"wp:featuredmedia":[{"embeddable":true,"href":"https:\/\/www.europesays.com\/fr\/wp-json\/wp\/v2\/media\/444341"}],"wp:attachment":[{"href":"https:\/\/www.europesays.com\/fr\/wp-json\/wp\/v2\/media?parent=444340"}],"wp:term":[{"taxonomy":"category","embeddable":true,"href":"https:\/\/www.europesays.com\/fr\/wp-json\/wp\/v2\/categories?post=444340"},{"taxonomy":"post_tag","embeddable":true,"href":"https:\/\/www.europesays.com\/fr\/wp-json\/wp\/v2\/tags?post=444340"}],"curies":[{"name":"wp","href":"https:\/\/api.w.org\/{rel}","templated":true}]}}