{"id":444344,"date":"2025-10-07T04:45:16","date_gmt":"2025-10-07T04:45:16","guid":{"rendered":"https:\/\/www.europesays.com\/fr\/444344\/"},"modified":"2025-10-07T04:45:16","modified_gmt":"2025-10-07T04:45:16","slug":"allemagne-espere-que-la-premiere-phase-du-plan-de-paix-de-trump-sur-gaza-sera-atteint-la-semaine-prochaine","status":"publish","type":"post","link":"https:\/\/www.europesays.com\/fr\/444344\/","title":{"rendered":"Allemagne esp\u00e8re que la premi\u00e8re phase du plan de paix de Trump sur Gaza sera atteint la semaine prochaine"},"content":{"rendered":"<p>ARTA &#8211; Le ministre allemand des Affaires \u00e9trang\u00e8res, Herman Wadephul, a d\u00e9clar\u00e9 lundi que la premi\u00e8re phase du plan du pr\u00e9sident am\u00e9ricain Donald Trump visant \u00e0 mettre fin \u00e0 la guerre \u00e0 Gaza devrait \u00eatre atteinte au plus tard au d\u00e9but de la semaine prochaine.<\/p>\n<p>el al-Abd al-Abd al-Abd al-Abd al-Abd al-Abd al-Abd al-Abd al-Abd al-Abd al-Abd al-Abd al-Abd al-Abd al-Abd al-Abd al-Abd al-Abd al-Abd al-Abd al-Abd al-Abd al-Abd al-Abd al-Abd al-Abd al-Abd al-Abd al-Abd al-Abd al-Abd al-Abd al-Abd al-Abd al-Abd al-Abd al-Abd al-Abd al-Abd al-Abd al-Abd al-Abd al-Abd al-Abd al-Abd al-Abd al-Abd al-Abd al-Abd al-Abd al-Abd al-Abd al-Abd al-Abd al-Abd al-Abd al-Abd al-Abd al-Abd al-Abd al-Abd al-Abd al-Abd al<\/p>\n<p>\u00bb Toutes les autres questions sont tr\u00e8s compliqu\u00e9es et, en effet, c\u2019est pourquoi elles ont besoin de temps \u00bb, a d\u00e9clar\u00e9 le ministre des Affaires \u00e9trang\u00e8res, Wadephul, lors d\u2019une conf\u00e9rence de presse \u00e0 Tel Aviv.<\/p>\n<p>\u00ab Nous ne devons pas ignorer tous les efforts diplomatiques, mais je veux me concentrer maintenant sur la premi\u00e8re \u00e9tape qui d\u00e9cide ensemble. \u00bb<\/p>\n<p>r\u00e8tes : la premi\u00e8re phase vise le cessez-le-feu, la lib\u00e9ration d&rsquo;otages et de prisonniers, le contr\u00f4le des conflits militaires et la livraison de fournitures \u00e0 Gaza, ce qui peut \u00eatre parvenu, a d\u00e9clar\u00e9 le chef adjoint de la police.<\/p>\n<p>Trump a annonc\u00e9 le 29 septembre une proposition de paix de 20 points de Gaza comprenant la lib\u00e9ration de prisonniers isra\u00e9liens et palestiniens, un cessez-le-feu, le cessez-le-feu du Hamas et la reconstruction de Gaza.<\/p>\n<p>ar, une d\u00e9l\u00e9gation isra\u00e9lienne du Hamas a repris les n\u00e9gociations de paix indirectes avec les m\u00e9diateurs am\u00e9ricains, \u00e9gyptiens et du Qatar. Les pourparlers tenus \u00e0 la mer rouge \u00e9gyptienne, Sharm el-Cheikh, vise \u00e0 poser la base pour un \u00e9change de prisonniers dans le cadre des efforts visant \u00e0 faire progresser les plans de cessez-le-feu de Gaza soutenus par Washington.<\/p>\n<p>Trump a appel\u00e9 \u00e0 n\u00e9gocier imm\u00e9diatement vers un accord final.<\/p>\n<p>\u00bb Je suis vraiment s\u00fbr que nous allons parvenir \u00e0 un accord \u00bb, a d\u00e9clar\u00e9 lundi le pr\u00e9sident Trump \u00e0 la Maison Blanche.<\/p>\n<p>\u00bb Nous avons une tr\u00e8s bonne opportunit\u00e9 de conclure un accord, et ce sera un accord durable \u00bb, a-t-il esp\u00e9r\u00e9.<\/p>\n<p>ar sur la base des n\u00e9gociations d&rsquo;hier se sont termin\u00e9es par une atmosph\u00e8re positive et les pourparlers reprendront aujourd&rsquo;hui.<\/p>\n<p>The English, Chinese, Japanese, Arabic, and French versions are automatically generated by the AI. So there may still be inaccuracies in translating, please always see Indonesian as our main language.<br \/>\n                                    (system supported by DigitalSiber.id)<\/p>\n","protected":false},"excerpt":{"rendered":"ARTA &#8211; Le ministre allemand des Affaires \u00e9trang\u00e8res, Herman Wadephul, a d\u00e9clar\u00e9 lundi que la premi\u00e8re phase du&hellip;\n","protected":false},"author":2,"featured_media":444345,"comment_status":"","ping_status":"","sticky":false,"template":"","format":"standard","meta":{"footnotes":""},"categories":[1587],"tags":[11,672,8438,5436,1804,1805,1803,75,1866,1777,674,665,1801,664,12,1802,57075],"class_list":{"0":"post-444344","1":"post","2":"type-post","3":"status-publish","4":"format-standard","5":"has-post-thumbnail","7":"category-allemagne","8":"tag-actualites","9":"tag-allemagne","10":"tag-allemand","11":"tag-ar","12":"tag-bundesrepublik-deutschland","13":"tag-de","14":"tag-deutschland","15":"tag-donald-trump","16":"tag-etats-unis-damerique","17":"tag-eu","18":"tag-europe","19":"tag-gaza","20":"tag-germany","21":"tag-israel","22":"tag-news","23":"tag-republique-federale-dallemagne","24":"tag-yakann-wadephul"},"share_on_mastodon":{"url":"https:\/\/pubeurope.com\/@fr\/115331066947646765","error":""},"_links":{"self":[{"href":"https:\/\/www.europesays.com\/fr\/wp-json\/wp\/v2\/posts\/444344","targetHints":{"allow":["GET"]}}],"collection":[{"href":"https:\/\/www.europesays.com\/fr\/wp-json\/wp\/v2\/posts"}],"about":[{"href":"https:\/\/www.europesays.com\/fr\/wp-json\/wp\/v2\/types\/post"}],"author":[{"embeddable":true,"href":"https:\/\/www.europesays.com\/fr\/wp-json\/wp\/v2\/users\/2"}],"replies":[{"embeddable":true,"href":"https:\/\/www.europesays.com\/fr\/wp-json\/wp\/v2\/comments?post=444344"}],"version-history":[{"count":0,"href":"https:\/\/www.europesays.com\/fr\/wp-json\/wp\/v2\/posts\/444344\/revisions"}],"wp:featuredmedia":[{"embeddable":true,"href":"https:\/\/www.europesays.com\/fr\/wp-json\/wp\/v2\/media\/444345"}],"wp:attachment":[{"href":"https:\/\/www.europesays.com\/fr\/wp-json\/wp\/v2\/media?parent=444344"}],"wp:term":[{"taxonomy":"category","embeddable":true,"href":"https:\/\/www.europesays.com\/fr\/wp-json\/wp\/v2\/categories?post=444344"},{"taxonomy":"post_tag","embeddable":true,"href":"https:\/\/www.europesays.com\/fr\/wp-json\/wp\/v2\/tags?post=444344"}],"curies":[{"name":"wp","href":"https:\/\/api.w.org\/{rel}","templated":true}]}}