{"id":444357,"date":"2025-10-07T04:59:12","date_gmt":"2025-10-07T04:59:12","guid":{"rendered":"https:\/\/www.europesays.com\/fr\/444357\/"},"modified":"2025-10-07T04:59:12","modified_gmt":"2025-10-07T04:59:12","slug":"je-serai-amene-a-repartir-un-peu-plus-les-temps-de-jeu-didier-deschamps-avant-les-matches-des-bleus-contre-lazerbaidjan-et-en-islande-lequipe","status":"publish","type":"post","link":"https:\/\/www.europesays.com\/fr\/444357\/","title":{"rendered":"\u00ab Je serai amen\u00e9 \u00e0 r\u00e9partir un peu plus les temps de jeu \u00bb : Didier Deschamps avant les matches des Bleus contre l&#039;Azerba\u00efdjan et en Islande &#8211; L&#039;\u00c9quipe"},"content":{"rendered":"<ol>\n<li><a href=\"https:\/\/news.google.com\/rss\/articles\/CBMilAJBVV95cUxQZnlhZDZCNUFCNzR6ai05Q29QekNpMGdwM0lWVXdGNXlGcHRNUFdtZk9GM2IwODlzZnBGaWdVVFpzbUpiWVN0QnJ1SVBTcHJOMHcwU05uanc0b0dsVVM3RzkzQTJwRFBSZ0VZNHBaSHZQNF9ad3VGc3JZTV8zYnRvV1BneHI4U056RGpkWjk4V1pfVkJLNkR5UF9IYUdmNHlYci01cTdEa1U0NEMwTkpRanprYzFrNlJvdWpMR003d0NuVk1WY3lyM3piMzFuUjVjTkJXMWp6RmVKM2IyQ2NVVHFpZFYtSFExODQtR29YM2h3RlpvU2pQdU5GeFhfQ0wtRHpaTjhQMVI4TzcwTGMtQ0ladVA?oc=5\" target=\"_blank\" rel=\"nofollow noopener\">\u00ab Je serai amen\u00e9 \u00e0 r\u00e9partir un peu plus les temps de jeu \u00bb : Didier Deschamps avant les matches des Bleus contre l&rsquo;Azerba\u00efdjan et en Islande<\/a>&nbsp;&nbsp;L&rsquo;\u00c9quipe<\/li>\n<li><a href=\"https:\/\/news.google.com\/rss\/articles\/CBMi2AFBVV95cUxQR05MV3FsUkkzSGdwOC1qZ1RZM3FUSDN3c2wwOG5HeEw2aXlRODc4V2gwZzJGMmJpclRPNkpZS0FzRXBLQXpJYkpWb1NmX01zNXhtWkdrUzhfWTlHNUgzN1ZyMGhZU3ktUmVwN1ZNUUJXNC0zN3VRQVVkT0dzYUNhTFU1dmVHclR6RU5FUGJWRDVlZGRaVEJ3bUJWUGQ1RGdhS21UdmgxYUhRaFoyejJ3OU5SZWJsdERXMkwzOHIxYk9faS1VcWdjblphS0g1enVIVE15b2YtR1k?oc=5\" target=\"_blank\" rel=\"nofollow noopener\">\u00c9quipe de France de football : une cascade de forfaits, pour plus d\u2019int\u00e9r\u00eat<\/a>&nbsp;&nbsp;Sud Ouest<\/li>\n<li><a href=\"https:\/\/news.google.com\/rss\/articles\/CBMirAFBVV95cUxPdHk5S1ZDSlkzSjI4eHlRd2UzNG05c1g1U1Nub1FQeU9pa0QwQmVBY2pMRGhtVk9iQ0JaY2F3UGZNdzEyOUxMYVk5OHNPSExycmctSXZUTlJEVnEwT2NjcTZDbV93d3pJVUJwMUtZSDZxRFlNYzdoc0h3TEhZTllKMGU0QVYxb1czLTR4YUFDS1ZmdlNSaEtlVEpzY18xOXh4cGtHTENWS2ZRMGhD?oc=5\" target=\"_blank\" rel=\"nofollow noopener\">\u00c9quipe de France : \u00e0 quoi s\u2019attendre avec Jean-Philippe Mateta ?<\/a>&nbsp;&nbsp;Foot Mercato<\/li>\n<li><a href=\"https:\/\/news.google.com\/rss\/articles\/CBMic0FVX3lxTFBTUjRoT2tzUFFWNWR0c0R6TF9zMVNHdmRNa1pvekdqOUJDby1lM2VfT0dvNmlKSmZPVTJ1RkZEQVYyZDZVRFJYUl95T20yUjFiR1FNdHJoYXhmcDY5a0RydWFVNlNER0ZybzBoSWNoMlgzeFU?oc=5\" target=\"_blank\" rel=\"nofollow noopener\">La liste d&rsquo;octobre en stats<\/a>&nbsp;&nbsp;f\u00e9d\u00e9ration fran\u00e7aise de football &#8211; FFF<\/li>\n<li><a href=\"https:\/\/news.google.com\/rss\/articles\/CBMimwJBVV95cUxOSmtiQTh0VHozV1E2NjdLMTA2ZUZnVE5KQzZaRkFQN241SlJSYkRsN1pKYWFoVkc3OEZ2Y2g3bFZaa3poRFlCV2tQTU9kaVpLM240TEFSSllzQVRkYXNxZUFCS21NU0JQWVZfc3JCVllZbUNQOGxtYmlKYlFRVG1oblVucHZYNmRFczRoZnJDaTV6b2VqNFpva3BKaEc4cVpza2RQbXNjQ2s2cW1iZUJoaHBZeW5mel8xeThuM1NlVnlIWjhNQUlITmhTbnpwT3Vfbk5KR01fZTlaN1ZsZDRNRlJLYUY1aU9YUDJwREYwVXdJM2k2TEFraHVDT0x3c3VVanFpalFMOXo4bUU4Q0x4OGRpQzZWVVFTbU80?oc=5\" target=\"_blank\" rel=\"nofollow noopener\">\u00c9quipe de France. Programme, horaires, enjeux, diffusion\u2026 Tout savoir sur le rassemblement des Bleus<\/a>&nbsp;&nbsp;Ouest-France<\/li>\n<\/ol>\n","protected":false},"excerpt":{"rendered":"\u00ab Je serai amen\u00e9 \u00e0 r\u00e9partir un peu plus les temps de jeu \u00bb : Didier Deschamps avant&hellip;\n","protected":false},"author":2,"featured_media":444358,"comment_status":"","ping_status":"","sticky":false,"template":"","format":"standard","meta":{"footnotes":""},"categories":[1410],"tags":[63,1011,27,60],"class_list":{"0":"post-444357","1":"post","2":"type-post","3":"status-publish","4":"format-standard","5":"has-post-thumbnail","7":"category-football","8":"tag-football","9":"tag-fr","10":"tag-france","11":"tag-sports"},"share_on_mastodon":{"url":"https:\/\/pubeurope.com\/@fr\/115331122075144512","error":""},"_links":{"self":[{"href":"https:\/\/www.europesays.com\/fr\/wp-json\/wp\/v2\/posts\/444357","targetHints":{"allow":["GET"]}}],"collection":[{"href":"https:\/\/www.europesays.com\/fr\/wp-json\/wp\/v2\/posts"}],"about":[{"href":"https:\/\/www.europesays.com\/fr\/wp-json\/wp\/v2\/types\/post"}],"author":[{"embeddable":true,"href":"https:\/\/www.europesays.com\/fr\/wp-json\/wp\/v2\/users\/2"}],"replies":[{"embeddable":true,"href":"https:\/\/www.europesays.com\/fr\/wp-json\/wp\/v2\/comments?post=444357"}],"version-history":[{"count":0,"href":"https:\/\/www.europesays.com\/fr\/wp-json\/wp\/v2\/posts\/444357\/revisions"}],"wp:featuredmedia":[{"embeddable":true,"href":"https:\/\/www.europesays.com\/fr\/wp-json\/wp\/v2\/media\/444358"}],"wp:attachment":[{"href":"https:\/\/www.europesays.com\/fr\/wp-json\/wp\/v2\/media?parent=444357"}],"wp:term":[{"taxonomy":"category","embeddable":true,"href":"https:\/\/www.europesays.com\/fr\/wp-json\/wp\/v2\/categories?post=444357"},{"taxonomy":"post_tag","embeddable":true,"href":"https:\/\/www.europesays.com\/fr\/wp-json\/wp\/v2\/tags?post=444357"}],"curies":[{"name":"wp","href":"https:\/\/api.w.org\/{rel}","templated":true}]}}