{"id":444364,"date":"2025-10-07T05:06:18","date_gmt":"2025-10-07T05:06:18","guid":{"rendered":"https:\/\/www.europesays.com\/fr\/444364\/"},"modified":"2025-10-07T05:06:18","modified_gmt":"2025-10-07T05:06:18","slug":"departements-les-plus-touches-en-france","status":"publish","type":"post","link":"https:\/\/www.europesays.com\/fr\/444364\/","title":{"rendered":"d\u00e9partements les plus touch\u00e9s en France"},"content":{"rendered":"<p class=\"post-excerpt\">Les donn\u00e9es de Sant\u00e9 Publique France<br \/>\nr\u00e9v\u00e8lent une hausse marqu\u00e9e des suspicions de cas de Covid-19 dans<br \/>\ndix d\u00e9partements de l\u2019hexagone. En cause, notamment, la propagation<br \/>\ndu variant Frankenstein.<\/p>\n<p><strong>Le <a href=\"https:\/\/www.aufeminin.com\/maman\/variant-frankenstein-enfants-attrapent-covid-19-seconde-fois-risque-developper-covid-long-2663961.html\" target=\"_blank\" rel=\"noopener nofollow\">Covid-19<\/a> n\u2019a pas dit son dernier<br \/>\nmot<\/strong>. Apr\u00e8s un \u00e9t\u00e9 relativement calme, plusieurs<br \/>\nindicateurs montrent un net regain de l\u2019\u00e9pid\u00e9mie en France. En<br \/>\ncause : un nouveau variant, surnomm\u00e9 \u201c<a href=\"https:\/\/www.aufeminin.com\/maman\/covid-19-enfant-nouveau-variant-frankenstein-mettre-lecole-lavis-medecin-2663535.html\" target=\"_blank\" rel=\"noopener nofollow\">Frankenstein<\/a>\u201d, ou \u201cXFG\u201d dans le<br \/>\nlangage scientifique. Ce surnom, donn\u00e9 par les chercheurs<br \/>\neux-m\u00eames, tient au fait que ce variant est une hybridation du<br \/>\nvariant Omicron, combinant plusieurs de ses sous-lignages.<\/p>\n<p>Selon les derni\u00e8res donn\u00e9es du r\u00e9seau Sentinelles, qui s\u2019appuie<br \/>\nsur plus de 1.300 m\u00e9decins lib\u00e9raux, le taux d\u2019incidence s\u2019\u00e9l\u00e8ve<br \/>\nd\u00e9sormais \u00e0 48 cas pour 100.000 habitants sur la semaine du 15 au<br \/>\n21 septembre. C\u2019est la deuxi\u00e8me semaine cons\u00e9cutive de hausse,<br \/>\nsigne que le virus regagne du terrain. <strong>Les passages aux<br \/>\nurgences pour suspicion de <a href=\"https:\/\/www.aufeminin.com\/societe\/sante-femme-societe\/covid-19-le-variant-frankenstein-se-propage-voici-le-symptome-inhabituel-n1-que-la-plupart-des-gens-ignorent-2663468.html\" target=\"_blank\" rel=\"noopener nofollow\">Covid-19<\/a> ont eux aussi grimp\u00e9 de<br \/>\n37 %, et plus de 20 % des tests effectu\u00e9s en laboratoire reviennent<br \/>\npositifs.<\/strong><\/p>\n<p>Ces chiffres, encore qualifi\u00e9s de \u201cmod\u00e9r\u00e9s\u201d, traduisent<br \/>\nn\u00e9anmoins une dynamique de reprise claire. Le variant Frankenstein,<br \/>\nplus habile \u00e0 contourner les d\u00e9fenses immunitaires, pourrait en<br \/>\n\u00eatre le principal moteur.<\/p>\n<p>\u201cRien d\u2019alarmant, mais il faut rester vigilant\u201d<\/p>\n<p>Invit\u00e9 sur <a href=\"https:\/\/www.bfmtv.com\/sante\/variant-frankenstein-cas-en-nette-hausse-faut-il-s-attendre-a-une-forte-epidemie-de-covid-19-cet-automne_AV-202510010040.html\" target=\"_blank\" rel=\"nofollow noopener\">BFMTV<\/a>, le<br \/>\nprofesseur Olivier Schwartz, directeur de l\u2019Unit\u00e9 Virus et Immunit\u00e9<br \/>\n\u00e0 l\u2019Institut Pasteur, confirme la circulation croissante du variant<br \/>\nXFG en France et \u00e0 l\u2019international. \u201cOn a constat\u00e9 un<br \/>\ndoublement des chiffres depuis le mois de juillet, et cela se<br \/>\nretrouve \u00e9galement dans d\u2019autres outils d\u2019\u00e9valuation comme le suivi<br \/>\ndes eaux us\u00e9es\u201d, pr\u00e9cise-t-il.<\/p>\n<p>Selon lui, le variant Frankenstein se distingue par \u201cune<br \/>\nmoindre sensibilit\u00e9 \u00e0 la neutralisation par les anticorps\u201d, ce<br \/>\nqui favorise sa propagation, notamment chez les personnes vaccin\u00e9es<br \/>\ndepuis plus d\u2019un an ou d\u00e9j\u00e0 infect\u00e9es par d\u2019autres souches.<br \/>\n<strong>\u201cLe virus ne dispara\u00eet pas : il continue \u00e0 circuler<br \/>\ndans la population, m\u00eame si les formes graves restent<br \/>\nrares\u201d<\/strong>, rappelle le virologue.<\/p>\n<p>Olivier Schwartz se veut toutefois rassurant. \u201c<strong>Pour<br \/>\nl\u2019instant, il n\u2019y a rien d\u2019alarmant.<\/strong> Le variant XFG<br \/>\nprogresse vite, mais il n\u2019y a pas de signal clair de gravit\u00e9. Il<br \/>\nfaut simplement rester attentif et poursuivre la<br \/>\nsurveillance.\u201d Selon l\u2019Organisation mondiale de la sant\u00e9, le<br \/>\nvariant repr\u00e9sente d\u00e9j\u00e0 plus de 25 % des souches en Europe, contre<br \/>\n\u00e0 peine 2,5 % il y a quelques mois. Qu\u00a0\u00bben-est-il de la situation<br \/>\ndans l&rsquo;hexagone ?<\/p>\n<p><img loading=\"lazy\" decoding=\"async\" itemprop=\"thumbnailUrl\" class=\"alignnone size-large wp-image-2664369 img-responsive pinit-here\" src=\"https:\/\/www.europesays.com\/fr\/wp-content\/uploads\/2025\/10\/covid-19-le-variant-frankenstein-se-propage-vite-voici-les-departements-les-plus-touches-en-france--.jpeg\" alt=\"\" width=\"1024\" height=\"496\" data-pin-media=\"https:\/\/sf2.afcdn.com\/wp-content\/uploads\/aufeminin\/2025\/10\/covid-19-le-variant-frankenstein-se-propage-vite-voici-les-departements-les-plus-touches-en-france--736x357.jpg\"\/><br \/>\n\u00a9 Anucha<br \/>\nNaisuntorn \/ Shutterstock<\/p>\n<p>Covid-19 : les d\u00e9partements les plus touch\u00e9s par la<br \/>\nreprise<\/p>\n<p>Sant\u00e9 publique France observe une hausse marqu\u00e9e des suspicions<br \/>\nde Covid-19 dans plusieurs d\u00e9partements, particuli\u00e8rement situ\u00e9s<br \/>\ndans le centre et le sud du pays. <strong>Voici les dix<br \/>\nd\u00e9partements o\u00f9 la progression est la plus forte au cours de la<br \/>\nsemaine du 15 septembre au 21 septembre 2025<\/strong>, selon le<br \/>\nm\u00e9dia <a href=\"https:\/\/www.planet.fr\/sante-et-bien-etre-retour-du-covid-les-departements-les-plus-touches.2988684.816277.html\" target=\"_blank\" rel=\"nofollow noopener\">Planet<\/a>\u00a0:<\/p>\n<ol>\n<li>Les Hautes-Pyr\u00e9n\u00e9es : +571,43 %<\/li>\n<li>La Loz\u00e8re : +389,89 %<\/li>\n<li>L\u2019Ari\u00e8ge : +322,47 %<\/li>\n<li>La Charente-Maritime : +263,95 %<\/li>\n<li>L\u2019Allier : +240,3 %<\/li>\n<li>L\u2019Indre-et-Loire : +223,75 %<\/li>\n<li>Le Gard : +207,32 %<\/li>\n<li>La Moselle : +196,82 %<\/li>\n<li>L\u2019Oise : +192,38 %<\/li>\n<li>Le Calvados : +181,82 %<\/li>\n<\/ol>\n<p>Des hausses qui peuvent para\u00eetre spectaculaires, m\u00eame si les<br \/>\nniveaux de d\u00e9part \u00e9taient faibles. Les autorit\u00e9s sanitaires<br \/>\nrappellent qu\u2019il ne s\u2019agit pas d\u2019une \u201cnouvelle vague\u201d comparable \u00e0<br \/>\ncelles de 2020 ou 2021, mais plut\u00f4t d\u2019un <strong>rebond saisonnier<br \/>\nqu\u2019il faudra suivre de pr\u00e8s<\/strong>.<\/p>\n<p>En attendant, la vigilance et l&rsquo;application des gestes barri\u00e8res<br \/>\nreste de mise afin d&rsquo;\u00e9viter une large propagation du virus. Lavage<br \/>\ndes mains, a\u00e9ration des espaces clos et port du masque en cas de<br \/>\nsympt\u00f4mes restent les meilleurs r\u00e9flexes pour freiner le retour du<br \/>\nCovid-19 et de son inqui\u00e9tant variant \u201cFrankenstein\u201d.<\/p>\n","protected":false},"excerpt":{"rendered":"Les donn\u00e9es de Sant\u00e9 Publique France r\u00e9v\u00e8lent une hausse marqu\u00e9e des suspicions de cas de Covid-19 dans dix&hellip;\n","protected":false},"author":2,"featured_media":444365,"comment_status":"","ping_status":"","sticky":false,"template":"","format":"standard","meta":{"footnotes":""},"categories":[10],"tags":[4400,9968,1011,27,72,71,5336],"class_list":{"0":"post-444364","1":"post","2":"type-post","3":"status-publish","4":"format-standard","5":"has-post-thumbnail","7":"category-sante","8":"tag-covid","9":"tag-departement","10":"tag-fr","11":"tag-france","12":"tag-health","13":"tag-sante","14":"tag-virus"},"share_on_mastodon":{"url":"https:\/\/pubeurope.com\/@fr\/115331149749576770","error":""},"_links":{"self":[{"href":"https:\/\/www.europesays.com\/fr\/wp-json\/wp\/v2\/posts\/444364","targetHints":{"allow":["GET"]}}],"collection":[{"href":"https:\/\/www.europesays.com\/fr\/wp-json\/wp\/v2\/posts"}],"about":[{"href":"https:\/\/www.europesays.com\/fr\/wp-json\/wp\/v2\/types\/post"}],"author":[{"embeddable":true,"href":"https:\/\/www.europesays.com\/fr\/wp-json\/wp\/v2\/users\/2"}],"replies":[{"embeddable":true,"href":"https:\/\/www.europesays.com\/fr\/wp-json\/wp\/v2\/comments?post=444364"}],"version-history":[{"count":0,"href":"https:\/\/www.europesays.com\/fr\/wp-json\/wp\/v2\/posts\/444364\/revisions"}],"wp:featuredmedia":[{"embeddable":true,"href":"https:\/\/www.europesays.com\/fr\/wp-json\/wp\/v2\/media\/444365"}],"wp:attachment":[{"href":"https:\/\/www.europesays.com\/fr\/wp-json\/wp\/v2\/media?parent=444364"}],"wp:term":[{"taxonomy":"category","embeddable":true,"href":"https:\/\/www.europesays.com\/fr\/wp-json\/wp\/v2\/categories?post=444364"},{"taxonomy":"post_tag","embeddable":true,"href":"https:\/\/www.europesays.com\/fr\/wp-json\/wp\/v2\/tags?post=444364"}],"curies":[{"name":"wp","href":"https:\/\/api.w.org\/{rel}","templated":true}]}}