{"id":444377,"date":"2025-10-07T05:14:11","date_gmt":"2025-10-07T05:14:11","guid":{"rendered":"https:\/\/www.europesays.com\/fr\/444377\/"},"modified":"2025-10-07T05:14:11","modified_gmt":"2025-10-07T05:14:11","slug":"saint-etienne-le-festival-arcomik-a-la-recherche-de-partenaires-prives","status":"publish","type":"post","link":"https:\/\/www.europesays.com\/fr\/444377\/","title":{"rendered":"Saint-\u00c9tienne. Le festival Arcomik \u00e0 la recherche de partenaires priv\u00e9s"},"content":{"rendered":"<p>Nombre d\u2019organisateurs de festivals sont confront\u00e9s au probl\u00e8me\u00a0: des co\u00fbts en forte augmentation, une aide publique en berne.<\/p>\n<p>Farid Bouabdellah, directeur du festival d\u2019humour Arcomik, et en pleine pr\u00e9paration de la prochaine \u00e9dition, le souligne\u00a0: \u00ab\u00a0On sait tr\u00e8s bien qu\u2019au niveau des aides et subventions publiques, \u00e7a va \u00eatre compliqu\u00e9. Notre mod\u00e8le \u00e9conomique a besoin d\u2019autres ressources. C\u2019est pourquoi nous souhaitons augmenter la part du priv\u00e9 (1)\u00a0\u00bb.<\/p>\n<p>Le priv\u00e9, pour Arcomik, c\u2019est d\u00e9j\u00e0 une \u00e9quipe d\u2019une dizaine d\u2019entreprises partenaires et surtout fid\u00e8les. Il a \u00e9t\u00e9 act\u00e9, lors d\u2019une rencontre d\u00e9but octobre \u00e0 Saint-Etienne, que ces partenaires allaient se r\u00e9unir au sein d\u2019un club. Dans quel but\u00a0? Se regrouper d\u00e9j\u00e0, et prendre des initiatives dont, pour l\u2019heure, on ne conna\u00eet pas la teneur. Mais surtout jouer un v\u00e9ritable r\u00f4le d\u2019ambassadeurs aupr\u00e8s de potentiels partenaires \u00e9conomiques susceptibles de rejoindre le club. Et bien s\u00fbr de \u00ab\u00a0consolider\u00a0\u00bb le festival.<\/p>\n<p>  \u00ab\u00a0Un spectacle qui ne marche pas et \u00e7a devient difficile\u00a0\u00bb<\/p>\n<p>\u00ab\u00a0Un festival comme le n\u00f4tre, c\u2019est fragile\u00a0\u00bb rappelle Farid Bouabdellah. \u00ab\u00a0Un spectacle qui ne marche pas et \u00e7a devient difficile\u00a0\u00bb.<\/p>\n<p>C\u2019est pourquoi, en cette rentr\u00e9e 2025-2026, Arcomik a choisi de communiquer sur ce projet, jugeant qu\u2019il s\u2019agit l\u00e0 d\u2019une \u00ab\u00a0\u00e9tape importante pour le festival\u00a0\u00bb, afin de continuer \u00e0 \u00ab\u00a0impulser l\u2019\u00e9v\u00e9nement culturel, \u00e0 l\u2019accompagner encore plus dans sa bonification\u00a0\u00bb.<\/p>\n<p class=\"note\">(1) \u00c0 l\u2019heure actuelle dans le budget du festival (350\u00a0000\u00a0euros), la part des partenaires priv\u00e9s est de 9\u00a0% seulement, celle des aides publiques de 19\u00a0%. Les recettes billetterie repr\u00e9sentent 66\u00a0% du budget.<\/p>\n","protected":false},"excerpt":{"rendered":"Nombre d\u2019organisateurs de festivals sont confront\u00e9s au probl\u00e8me\u00a0: des co\u00fbts en forte augmentation, une aide publique en berne.&hellip;\n","protected":false},"author":2,"featured_media":444378,"comment_status":"","ping_status":"","sticky":false,"template":"","format":"standard","meta":{"footnotes":""},"categories":[9653],"tags":[1111,11,2430,1687,7539,1777,674,1011,27,3367,12,25,4001,7538,3140],"class_list":{"0":"post-444377","1":"post","2":"type-post","3":"status-publish","4":"format-standard","5":"has-post-thumbnail","7":"category-saint-etienne","8":"tag-actu","9":"tag-actualites","10":"tag-auvergne-rhone-alpes","11":"tag-culture-loisirs","12":"tag-edition-loire-sud","13":"tag-eu","14":"tag-europe","15":"tag-fr","16":"tag-france","17":"tag-loire","18":"tag-news","19":"tag-republique-francaise","20":"tag-saint-etienne","21":"tag-saint-etienne-ville","22":"tag-spectacle"},"share_on_mastodon":{"url":"https:\/\/pubeurope.com\/@fr\/115331181021504308","error":""},"_links":{"self":[{"href":"https:\/\/www.europesays.com\/fr\/wp-json\/wp\/v2\/posts\/444377","targetHints":{"allow":["GET"]}}],"collection":[{"href":"https:\/\/www.europesays.com\/fr\/wp-json\/wp\/v2\/posts"}],"about":[{"href":"https:\/\/www.europesays.com\/fr\/wp-json\/wp\/v2\/types\/post"}],"author":[{"embeddable":true,"href":"https:\/\/www.europesays.com\/fr\/wp-json\/wp\/v2\/users\/2"}],"replies":[{"embeddable":true,"href":"https:\/\/www.europesays.com\/fr\/wp-json\/wp\/v2\/comments?post=444377"}],"version-history":[{"count":0,"href":"https:\/\/www.europesays.com\/fr\/wp-json\/wp\/v2\/posts\/444377\/revisions"}],"wp:featuredmedia":[{"embeddable":true,"href":"https:\/\/www.europesays.com\/fr\/wp-json\/wp\/v2\/media\/444378"}],"wp:attachment":[{"href":"https:\/\/www.europesays.com\/fr\/wp-json\/wp\/v2\/media?parent=444377"}],"wp:term":[{"taxonomy":"category","embeddable":true,"href":"https:\/\/www.europesays.com\/fr\/wp-json\/wp\/v2\/categories?post=444377"},{"taxonomy":"post_tag","embeddable":true,"href":"https:\/\/www.europesays.com\/fr\/wp-json\/wp\/v2\/tags?post=444377"}],"curies":[{"name":"wp","href":"https:\/\/api.w.org\/{rel}","templated":true}]}}