{"id":444379,"date":"2025-10-07T05:15:16","date_gmt":"2025-10-07T05:15:16","guid":{"rendered":"https:\/\/www.europesays.com\/fr\/444379\/"},"modified":"2025-10-07T05:15:16","modified_gmt":"2025-10-07T05:15:16","slug":"ce-que-pensent-les-stephanois-des-requisitions-du-proces-perdriau","status":"publish","type":"post","link":"https:\/\/www.europesays.com\/fr\/444379\/","title":{"rendered":"ce que pensent les St\u00e9phanois des r\u00e9quisitions du proc\u00e8s Perdriau"},"content":{"rendered":"<p>Ce vendredi-l\u00e0, en fin de matin\u00e9e, la place du march\u00e9 de Montplaisir est tout naturellement anim\u00e9e. C\u2019est jour de march\u00e9. Devant l\u2019\u00e9tal de produits carn\u00e9s locaux, une assez longue file d\u2019attente s\u2019est form\u00e9e. \u00c0 la question, \u00ab\u00a0que pensez-vous des r\u00e9quisitions de la procureure de la R\u00e9publique \u00e0 l\u2019encontre du maire Ga\u00ebl Perdriau\u00a0?\u00a0\u00bb, les r\u00e9ponses fusent un peu dans tous les sens.<\/p>\n<p>\u00ab\u00a0Il faut qu\u2019il d\u00e9gage\u00a0! Je suis d\u00e9sol\u00e9e, mais je n\u2019ai pas d\u2019autres termes qui me viennent apr\u00e8s avoir lu et entendu tout ce qui s\u2019est dit&#8230;<\/p>\n","protected":false},"excerpt":{"rendered":"Ce vendredi-l\u00e0, en fin de matin\u00e9e, la place du march\u00e9 de Montplaisir est tout naturellement anim\u00e9e. C\u2019est jour&hellip;\n","protected":false},"author":2,"featured_media":444380,"comment_status":"","ping_status":"","sticky":false,"template":"","format":"standard","meta":{"footnotes":""},"categories":[9653],"tags":[1111,11,42797,2430,7539,1777,674,274,107,1011,27,3367,12,316,25,4001,7538],"class_list":{"0":"post-444379","1":"post","2":"type-post","3":"status-publish","4":"format-standard","5":"has-post-thumbnail","7":"category-saint-etienne","8":"tag-actu","9":"tag-actualites","10":"tag-affaire-perdriau","11":"tag-auvergne-rhone-alpes","12":"tag-edition-loire-sud","13":"tag-eu","14":"tag-europe","15":"tag-faits-divers-justice","16":"tag-fil-info","17":"tag-fr","18":"tag-france","19":"tag-loire","20":"tag-news","21":"tag-politique","22":"tag-republique-francaise","23":"tag-saint-etienne","24":"tag-saint-etienne-ville"},"share_on_mastodon":{"url":"https:\/\/pubeurope.com\/@fr\/115331184886224623","error":""},"_links":{"self":[{"href":"https:\/\/www.europesays.com\/fr\/wp-json\/wp\/v2\/posts\/444379","targetHints":{"allow":["GET"]}}],"collection":[{"href":"https:\/\/www.europesays.com\/fr\/wp-json\/wp\/v2\/posts"}],"about":[{"href":"https:\/\/www.europesays.com\/fr\/wp-json\/wp\/v2\/types\/post"}],"author":[{"embeddable":true,"href":"https:\/\/www.europesays.com\/fr\/wp-json\/wp\/v2\/users\/2"}],"replies":[{"embeddable":true,"href":"https:\/\/www.europesays.com\/fr\/wp-json\/wp\/v2\/comments?post=444379"}],"version-history":[{"count":0,"href":"https:\/\/www.europesays.com\/fr\/wp-json\/wp\/v2\/posts\/444379\/revisions"}],"wp:featuredmedia":[{"embeddable":true,"href":"https:\/\/www.europesays.com\/fr\/wp-json\/wp\/v2\/media\/444380"}],"wp:attachment":[{"href":"https:\/\/www.europesays.com\/fr\/wp-json\/wp\/v2\/media?parent=444379"}],"wp:term":[{"taxonomy":"category","embeddable":true,"href":"https:\/\/www.europesays.com\/fr\/wp-json\/wp\/v2\/categories?post=444379"},{"taxonomy":"post_tag","embeddable":true,"href":"https:\/\/www.europesays.com\/fr\/wp-json\/wp\/v2\/tags?post=444379"}],"curies":[{"name":"wp","href":"https:\/\/api.w.org\/{rel}","templated":true}]}}