{"id":444381,"date":"2025-10-07T05:21:08","date_gmt":"2025-10-07T05:21:08","guid":{"rendered":"https:\/\/www.europesays.com\/fr\/444381\/"},"modified":"2025-10-07T05:21:08","modified_gmt":"2025-10-07T05:21:08","slug":"regional-1-la-reserve-de-las-nancy-lorraine-passe-la-cinquieme-et-prend-la-tete-du-championnat","status":"publish","type":"post","link":"https:\/\/www.europesays.com\/fr\/444381\/","title":{"rendered":"R\u00e9gional 1. La r\u00e9serve de l&rsquo;AS Nancy-Lorraine\u00a0passe la cinqui\u00e8me et prend la t\u00eate du championnat"},"content":{"rendered":"<p>Biesheim 2 &#8211; ASNL 2<\/p>\n<p>1-5<\/p>\n<p>Il n\u2019y avait pas grand-chose \u00e0 faire pour la formation de Richard Da Sylva qui, malgr\u00e9 une belle entame, a c\u00e9d\u00e9 logiquement face \u00e0 meilleure qu\u2019elle.<\/p>\n<p>Les r\u00e9servistes biesheimois n\u2019ont pas exist\u00e9 dans le d\u00e9fi technique que voulait imposer le technicien local \u00e0 la talentueuse r\u00e9serve nanc\u00e9ienne.<\/p>\n<p>C\u2019est fort logiquement que les Alsaciens allaient conc\u00e9der l\u2019ouverture du score cons\u00e9cutivement \u00e0 une faute dans la surface de Cortes, le portier rh\u00e9nan. El Hansar transformait (0-1, 10e).<\/p>\n<p>Ce but mettait un coup au moral aux joueurs biesheimois, qui voyaient en plus les d\u00e9ferlantes se poursuivre sur leur cage.<\/p>\n<p>Tandia venait doubler la mise, avant que Ztouti ne porte l\u2019estocade (0-3, 28e). L\u2019ASCB n\u2019avait rien \u00e0 se mettre sous la dent dans ce premier acte et d\u00e9marrait le second en encaissant un but avant l\u2019heure de jeu, \u0153uvre de Tacafred cette fois (0-4, 57e). Malgr\u00e9 tout, les Biesheimois \u00e9taient un peu mieux dans le jeu. Mais pas de quoi inqui\u00e9ter les Nanc\u00e9iens. Lesquels y allaient d\u2019un cinqui\u00e8me but par l\u2019interm\u00e9diaire de Michael (0-5, 82e). Pour l\u2019honneur, Biesheim parvenait \u00e0 r\u00e9duire l\u2019addition\u00a0: Louiserre \u00e9tait bouscul\u00e9 dans la surface, ce qui permettait \u00e0 Wesley Joao de scorer (1-5, 87e).<\/p>\n<p>Mi-temps. 0-3. Arbitre\u00a0: M.\u00a0Lapr\u00eat, assist\u00e9 de MM. Altas et Delanzy.<\/p>\n<p><strong>Les buts.<\/strong> Biesheim\u00a0: Joao (87e s.p.)\u00a0; ASNL\u00a0: El Hansar (10e s.p.), Tandia (15e), Ztouti (28e), Tacafred (57e), Michael (82e).<\/p>\n","protected":false},"excerpt":{"rendered":"Biesheim 2 &#8211; ASNL 2 1-5 Il n\u2019y avait pas grand-chose \u00e0 faire pour la formation de Richard&hellip;\n","protected":false},"author":2,"featured_media":444382,"comment_status":"","ping_status":"","sticky":false,"template":"","format":"standard","meta":{"footnotes":""},"categories":[9635],"tags":[1111,11,3703,1704,1777,674,1701,63,1011,27,775,1702,12,25,517,1700],"class_list":{"0":"post-444381","1":"post","2":"type-post","3":"status-publish","4":"format-standard","5":"has-post-thumbnail","7":"category-nancy","8":"tag-actu","9":"tag-actualites","10":"tag-asnl","11":"tag-edition-nancy-et-agglomeration","12":"tag-eu","13":"tag-europe","14":"tag-fil-info-sport","15":"tag-football","16":"tag-fr","17":"tag-france","18":"tag-grand-est","19":"tag-nancy","20":"tag-news","21":"tag-republique-francaise","22":"tag-sport","23":"tag-sport-lorrain"},"share_on_mastodon":{"url":"https:\/\/pubeurope.com\/@fr\/115331208513661497","error":""},"_links":{"self":[{"href":"https:\/\/www.europesays.com\/fr\/wp-json\/wp\/v2\/posts\/444381","targetHints":{"allow":["GET"]}}],"collection":[{"href":"https:\/\/www.europesays.com\/fr\/wp-json\/wp\/v2\/posts"}],"about":[{"href":"https:\/\/www.europesays.com\/fr\/wp-json\/wp\/v2\/types\/post"}],"author":[{"embeddable":true,"href":"https:\/\/www.europesays.com\/fr\/wp-json\/wp\/v2\/users\/2"}],"replies":[{"embeddable":true,"href":"https:\/\/www.europesays.com\/fr\/wp-json\/wp\/v2\/comments?post=444381"}],"version-history":[{"count":0,"href":"https:\/\/www.europesays.com\/fr\/wp-json\/wp\/v2\/posts\/444381\/revisions"}],"wp:featuredmedia":[{"embeddable":true,"href":"https:\/\/www.europesays.com\/fr\/wp-json\/wp\/v2\/media\/444382"}],"wp:attachment":[{"href":"https:\/\/www.europesays.com\/fr\/wp-json\/wp\/v2\/media?parent=444381"}],"wp:term":[{"taxonomy":"category","embeddable":true,"href":"https:\/\/www.europesays.com\/fr\/wp-json\/wp\/v2\/categories?post=444381"},{"taxonomy":"post_tag","embeddable":true,"href":"https:\/\/www.europesays.com\/fr\/wp-json\/wp\/v2\/tags?post=444381"}],"curies":[{"name":"wp","href":"https:\/\/api.w.org\/{rel}","templated":true}]}}