{"id":444383,"date":"2025-10-07T05:23:02","date_gmt":"2025-10-07T05:23:02","guid":{"rendered":"https:\/\/www.europesays.com\/fr\/444383\/"},"modified":"2025-10-07T05:23:02","modified_gmt":"2025-10-07T05:23:02","slug":"nancy-en-decembre-balade-nocturne-entre-lumieres-et-patrimoine","status":"publish","type":"post","link":"https:\/\/www.europesays.com\/fr\/444383\/","title":{"rendered":"Nancy en d\u00e9cembre : balade nocturne entre lumi\u00e8res et patrimoine"},"content":{"rendered":"<p data-end=\"822\" data-start=\"392\">Quand j\u2019\u00e9tais enfant, j\u2019attendais toujours avec impatience de visiter Nancy en d\u00e9cembre.<\/p>\n<p data-end=\"822\" data-start=\"392\">\u00c0 l\u2019\u00e9poque, les d\u00e9corations \u00e9taient plus simples : quelques guirlandes tendues entre les rues, quelques vitrines anim\u00e9es qui faisaient briller les yeux des passants.<\/p>\n<p data-end=\"822\" data-start=\"392\">Pourtant, ces soirs-l\u00e0, la ville me paraissait diff\u00e9rente. Les fa\u00e7ades que je voyais tous les jours semblaient s\u2019\u00eatre habill\u00e9es pour une f\u00eate que je n\u2019arrivais pas \u00e0 d\u00e9finir.<\/p>\n<p data-end=\"1259\" data-start=\"824\">Aujourd\u2019hui, la ville a franchi un cap. Les installations lumineuses sont plus ambitieuses, plus nombreuses et surtout, mieux int\u00e9gr\u00e9es au d\u00e9cor.<\/p>\n<p data-end=\"1259\" data-start=\"824\">Ce ne sont pas seulement des guirlandes : ce sont des sc\u00e9nographies urbaines qui transforment chaque quartier en tableau.<\/p>\n<p data-end=\"1259\" data-start=\"824\">J\u2019ai red\u00e9couvert cette atmosph\u00e8re gr\u00e2ce \u00e0 des s\u00e9jours r\u00e9cents, appareil photo en main. Et ce que je croyais conna\u00eetre par c\u0153ur m\u2019a soudain offert un nouveau visage.<\/p>\n<p data-end=\"1613\" data-start=\"1261\">Nancy ne cherche pas \u00e0 rivaliser avec les <a href=\"https:\/\/mon-grand-est.fr\/plus-beau-marche-de-noel-en-alsace\/\" target=\"_blank\" rel=\"noopener\">march\u00e9s de No\u00ebl alsaciens<\/a> : ici, pas d\u2019exub\u00e9rance.<\/p>\n<p data-end=\"1613\" data-start=\"1261\">Ce que la ville propose est d\u2019un autre ordre : l\u2019\u00e9l\u00e9gance de son architecture met en valeur les lumi\u00e8res, et les lumi\u00e8res, en retour, r\u00e9v\u00e8lent l\u2019\u00e9l\u00e9gance des fa\u00e7ades.<\/p>\n<p data-end=\"1613\" data-start=\"1261\">On comprend alors pourquoi la cit\u00e9 ducale attire de plus en plus de visiteurs en d\u00e9cembre.<\/p>\n<p><img decoding=\"async\" class=\"tve_image wp-image-29620\" alt=\"Nancy en d\u00e9cembre \u00a9 French Moments\" data-id=\"29620\" width=\"729\" data-init-width=\"1000\" height=\"486\" data-init-height=\"667\" title=\"Nancy in December 10 copyright French Moments\" src=\"https:\/\/www.europesays.com\/fr\/wp-content\/uploads\/2025\/10\/Nancy-in-December-10-copyright-French-Moments.jpg\" data-width=\"729\" data-height=\"486\" style=\"aspect-ratio: auto 1000 \/ 667;\" loading=\"lazy\"  \/><\/p>\n<p class=\"thrv_wrapper thrv-inline-text wp-caption-text\">Illuminations de No\u00ebl \u00e0 Nancy en d\u00e9cembre \u00a9 French Moments<\/p>\n<p>La Grande Rue et la vieille-ville<\/p>\n<p data-end=\"2013\" data-start=\"1660\">La Grande Rue, c\u2019est un peu l\u2019\u00e9pine dorsale de la <a href=\"https:\/\/mon-grand-est.fr\/vieille-ville-de-nancy\/\" class=\"\" style=\"outline: none;\" target=\"_blank\" rel=\"noopener\">vieille-ville<\/a>.\u00a0<\/p>\n<p data-end=\"2013\" data-start=\"1660\">Elle serpente entre des fa\u00e7ades m\u00e9di\u00e9vales et Renaissance, bord\u00e9es de boutiques et de petits caf\u00e9s.<\/p>\n<p><img decoding=\"async\" class=\"tve_image wp-image-29615\" alt=\"Nancy en d\u00e9cembre \u00a9 French Moments\" data-id=\"29615\" width=\"729\" data-init-width=\"1000\" height=\"486\" data-init-height=\"667\" title=\"Nancy in December 05 copyright French Moments\" src=\"https:\/\/www.europesays.com\/fr\/wp-content\/uploads\/2025\/10\/Nancy-in-December-05-copyright-French-Moments.jpg\" data-width=\"729\" data-height=\"486\" style=\"aspect-ratio: auto 1000 \/ 667;\" loading=\"lazy\"  \/><\/p>\n<p class=\"thrv_wrapper thrv-inline-text wp-caption-text\">Vieilles enseignes dans la Grande Rue \u00a9 French Moments<\/p>\n<p><img decoding=\"async\" class=\"tve_image wp-image-10181\" alt=\"Grand'Rue \u00e0 Nancy \u00a9 French Moments\" data-id=\"10181\" width=\"729\" data-init-width=\"1200\" height=\"486\" data-init-height=\"801\" title=\"Nancy Grand'Rue Christmas 03 \u00a9 French Moments\" src=\"https:\/\/www.europesays.com\/fr\/wp-content\/uploads\/2025\/07\/Nancy-GrandRue-Christmas-03-\u00a9-French-Moments.jpg\" data-width=\"729\" data-height=\"486\" loading=\"lazy\" style=\"aspect-ratio: auto 1200 \/ 801;\"  \/><\/p>\n<p class=\"thrv_wrapper thrv-inline-text wp-caption-text\">La Grand&rsquo;Rue \u00e0 No\u00ebl, Nancy \u00a9 French Moments<\/p>\n<p data-end=\"2013\" data-start=\"1660\">En d\u00e9cembre, elle prend une allure nouvelle. Les guirlandes suspendues au-dessus des passants cr\u00e9ent un plafond lumineux, comme un fil conducteur qui guide vers la <a href=\"https:\/\/mon-grand-est.fr\/basilique-saint-epvre-de-nancy\/\" class=\"\" style=\"outline: none;\" target=\"_blank\" rel=\"noopener\">basilique Saint-Epvre<\/a>.<\/p>\n<p data-end=\"2463\" data-start=\"2015\">La basilique elle-m\u00eame, avec ses fl\u00e8ches gothiques qui s\u2019\u00e9lancent dans le ciel nocturne, est mise en valeur par un \u00e9clairage qui souligne la dentelle de pierre.<\/p>\n<p data-end=\"2463\" data-start=\"2015\">Quand on l\u00e8ve la t\u00eate, on a l\u2019impression qu\u2019elle veille sur le quartier tout entier.<\/p>\n<p><img decoding=\"async\" class=\"tve_image wp-image-13606\" alt=\"No\u00ebl \u00e0 Nancy \u00a9 French Moments\" data-id=\"13606\" width=\"729\" data-init-width=\"1200\" height=\"488\" data-init-height=\"804\" title=\"Nancy Saint-Epvre night \u00a9 French Moments\" src=\"https:\/\/www.europesays.com\/fr\/wp-content\/uploads\/2025\/07\/Nancy-Saint-Epvre-night-\u00a9-French-Moments.jpg\" data-width=\"729\" data-height=\"488\" loading=\"lazy\" style=\"aspect-ratio: auto 1200 \/ 804;\"  \/><\/p>\n<p class=\"thrv_wrapper thrv-inline-text wp-caption-text\">La fa\u00e7ade de l&rsquo;\u00e9glise Saint-Epvre de Nancy \u00a9 French Moments<\/p>\n<p><img decoding=\"async\" class=\"tve_image wp-image-29616\" alt=\"Nancy en d\u00e9cembre \u00a9 French Moments\" data-id=\"29616\" width=\"729\" data-init-width=\"1000\" height=\"486\" data-init-height=\"667\" title=\"Nancy in December 06 copyright French Moments\" src=\"https:\/\/www.europesays.com\/fr\/wp-content\/uploads\/2025\/10\/Nancy-in-December-06-copyright-French-Moments.jpg\" data-width=\"729\" data-height=\"486\" loading=\"lazy\" style=\"aspect-ratio: auto 1000 \/ 667;\"  \/><\/p>\n<p class=\"thrv_wrapper thrv-inline-text wp-caption-text\">La place Saint-Epvre \u00a9 French Moments<\/p>\n<p data-end=\"2463\" data-start=\"2015\">\u00c0 quelques pas, le <a href=\"https:\/\/mon-grand-est.fr\/porterie-du-palais-ducal-nancy\/\" class=\"\" style=\"outline: none;\" target=\"_blank\" rel=\"noopener\">Palais ducal<\/a> rappelle que Nancy fut longtemps une capitale.\u00a0<\/p>\n<p data-end=\"2463\" data-start=\"2015\">Les pierres anciennes, baign\u00e9es dans une lumi\u00e8re dor\u00e9e, contrastent avec le bleu profond du ciel d\u2019hiver \u00e0 l\u2019heure bleue.<\/p>\n<p><img decoding=\"async\" class=\"tve_image wp-image-13576\" alt=\"No\u00ebl \u00e0 Nancy \u00a9 French Moments\" data-id=\"13576\" width=\"729\" data-init-width=\"1200\" height=\"486\" data-init-height=\"801\" title=\"Nancy Porterie Palais Ducal by night \u00a9 French Moments\" src=\"https:\/\/www.europesays.com\/fr\/wp-content\/uploads\/2025\/07\/Nancy-Porterie-Palais-Ducal-by-night-\u00a9-French-Moments.jpg\" data-width=\"729\" data-height=\"486\" loading=\"lazy\" style=\"aspect-ratio: auto 1200 \/ 801;\"  \/><\/p>\n<p class=\"thrv_wrapper thrv-inline-text wp-caption-text\">La porterie Renaissance du Palais Ducal de Nancy \u00a9 French Moments<\/p>\n<p data-end=\"2705\" data-start=\"2465\">Ce qui me frappe toujours ici, c\u2019est l\u2019\u00e9quilibre entre le quotidien et l\u2019extraordinaire : les habitants rentrent chez eux, les promeneurs fl\u00e2nent, et au-dessus de tout cela, les d\u00e9corations transforment une rue famili\u00e8re en d\u00e9cor de f\u00eate.<\/p>\n<p><img decoding=\"async\" class=\"tve_image wp-image-29614\" alt=\"Nancy en d\u00e9cembre \u00a9 French Moments\" data-id=\"29614\" width=\"729\" data-init-width=\"1000\" height=\"486\" data-init-height=\"667\" title=\"Nancy in December 04 copyright French Moments\" src=\"https:\/\/www.europesays.com\/fr\/wp-content\/uploads\/2025\/10\/Nancy-in-December-04-copyright-French-Moments.jpg\" data-width=\"729\" data-height=\"486\" loading=\"lazy\" style=\"aspect-ratio: auto 1000 \/ 667;\"  \/><\/p>\n<p class=\"thrv_wrapper thrv-inline-text wp-caption-text\">Une vieille-rue dans la Ville-Vieille \u00a9 French Moments<\/p>\n<p data-end=\"2705\" data-start=\"2465\">\u00c0 l&rsquo;extr\u00e9mit\u00e9 nord, la Porte de la Craffe signale au visiteur la fin (ou le d\u00e9but ?) de l&rsquo;itin\u00e9raire de visite de Nancy en d\u00e9cembre.<\/p>\n<p><img decoding=\"async\" class=\"tve_image wp-image-13561\" alt=\"No\u00ebl \u00e0 Nancy \u00a9 French Moments\" data-id=\"13561\" width=\"729\" data-init-width=\"1200\" height=\"486\" data-init-height=\"801\" title=\"Nancy Porte de la Craffe Christmas 01 \u00a9 French Moments\" src=\"https:\/\/www.europesays.com\/fr\/wp-content\/uploads\/2025\/07\/Nancy-Porte-de-la-Craffe-Christmas-01-\u00a9-French-Moments.jpg\" data-width=\"729\" data-height=\"486\" loading=\"lazy\" style=\"aspect-ratio: auto 1200 \/ 801;\"  \/><\/p>\n<p class=\"thrv_wrapper thrv-inline-text wp-caption-text\">La porte de la Craffe illumin\u00e9e \u00a9 French Moments<\/p>\n<p><img decoding=\"async\" class=\"tve_image wp-image-14595\" alt=\"Porte de la Craffe \u00a9 French Moments\" data-id=\"14595\" width=\"729\" data-init-width=\"1200\" height=\"546\" data-init-height=\"900\" title=\"Porte de la Craffe Passage Voute Nancy 02 LR \u00a9 French Moments\" src=\"https:\/\/www.europesays.com\/fr\/wp-content\/uploads\/2025\/10\/Porte-de-la-Craffe-Passage-Voute-Nancy-02-LR-\u00a9-French-Moments.jpg\" data-width=\"729\" data-height=\"546\" loading=\"lazy\" style=\"aspect-ratio: auto 1200 \/ 900;\"  \/><\/p>\n<p class=\"thrv_wrapper thrv-inline-text wp-caption-text\">Le passage vo\u00fbt\u00e9 de la Craffe \u00a9 French Moments<\/p>\n<p>O\u00f9 loger \u00e0 Nancy en d\u00e9cembre ?<\/p>\n<p data-end=\"701\" data-start=\"196\">Un conseil pratique si vous pr\u00e9voyez de venir \u00e0 Nancy pour la f\u00eate de la Saint-Nicolas (le premier week-end de d\u00e9cembre) : r\u00e9servez votre chambre tr\u00e8s en avance !\u00a0<\/p>\n<p data-end=\"701\" data-start=\"196\">La ville attire alors des milliers de visiteurs et les h\u00f4tels affichent complet bien avant la date.<\/p>\n<p data-end=\"701\" data-start=\"196\">Le reste du mois de d\u00e9cembre est relativement plus calme, et c\u2019est une excellente option si vous avez d\u00e9j\u00e0 visit\u00e9 les march\u00e9s de No\u00ebl d\u2019Alsace et que vous souhaitez d\u00e9couvrir une autre facette du nord-est de la France pendant la saison des f\u00eates.<\/p>\n<p data-end=\"1187\" data-start=\"703\">Pour ma part, j\u2019ai eu plusieurs fois l\u2019occasion de <a class=\"\" href=\"https:\/\/booking.stay22.com\/frenchmoments\/alXS4DTvTX\" style=\"outline: none;\" target=\"_blank\" rel=\"noopener\">s\u00e9journer \u00e0 l\u2019<strong data-end=\"786\" data-start=\"768\">H\u00f4tel de Guise<\/strong>, rue de Guise, en plein c\u0153ur de la vieille-ville<\/a>.\u00a0<\/p>\n<p data-end=\"1187\" data-start=\"703\">L\u2019\u00e9tablissement occupe une \u00e9l\u00e9gante demeure Renaissance, ce qui lui conf\u00e8re beaucoup de caract\u00e8re.<\/p>\n<p><img decoding=\"async\" class=\"tve_image wp-image-11101\" alt=\"L'H\u00f4tel de Guise \u00e0 Nancy \u00a9 French Moments\" data-id=\"11101\" width=\"500\" data-init-width=\"1200\" height=\"335\" data-init-height=\"804\" title=\"Hotel de Guise Nancy \u00a9 French Moments\" src=\"https:\/\/www.europesays.com\/fr\/wp-content\/uploads\/2025\/10\/Hotel-de-Guise-Nancy-\u00a9-French-Moments.jpg\" data-width=\"500\" data-height=\"335\" data-css=\"tve-u-19996bf87d3\" style=\"aspect-ratio: auto 1200 \/ 804;\" loading=\"lazy\"  \/><\/p>\n<p class=\"thrv_wrapper thrv-inline-text wp-caption-text\" data-css=\"tve-u-19996bfa777\" style=\"\">L&rsquo;H\u00f4tel de Guise \u00e0 Nancy \u00a9 French Moments<\/p>\n<p data-end=\"1187\" data-start=\"703\">Les chambres sont confortables, l\u2019accueil chaleureux, et surtout, l\u2019emplacement est id\u00e9al : \u00e0 deux pas de la Grande Rue, de la basilique Saint-Epvre et du Palais ducal. C\u2019est un pied-\u00e0-terre parfait pour explorer Nancy \u00e0 pied, de jour comme de nuit.<\/p>\n<p data-end=\"1187\" data-start=\"703\">Vous pouvez trouver <a class=\"\" href=\"https:\/\/stay22.com\/embed\/68418729e98ea7c19554a28c\" style=\"outline: none;\" target=\"_blank\" rel=\"noopener\">d&rsquo;autres h\u00e9bergements<\/a> en naviguant sur la carte suivante :<\/p>\n<p>Place de la Carri\u00e8re<\/p>\n<p data-end=\"2993\" data-start=\"2739\">La <a href=\"https:\/\/mon-grand-est.fr\/place-de-la-carriere-nancy\/\" target=\"_blank\" rel=\"noopener\">Place de la Carri\u00e8re<\/a> est moins connue que la c\u00e9l\u00e8bre voisine Stanislas, et pourtant, elle a un charme particulier en hiver.\u00a0<\/p>\n<p data-end=\"2993\" data-start=\"2739\">Son trac\u00e9 rectiligne, ses rang\u00e9es d\u2019arbres align\u00e9s, ses fa\u00e7ades classiques offrent un terrain de jeu id\u00e9al aux illuminations.<\/p>\n<p data-end=\"3350\" data-start=\"2995\">En d\u00e9cembre, chaque arbre semble se couvrir d\u2019une pluie d\u2019\u00e9toiles.<\/p>\n<p><img decoding=\"async\" class=\"tve_image wp-image-10187\" alt=\"La place de la Carri\u00e8re, Nancy \u00a9 French Moments\" data-id=\"10187\" width=\"729\" data-init-width=\"1200\" height=\"486\" data-init-height=\"800\" title=\"Nancy Place de la Carri\u00e8re Christmas 05 \u00a9 French Moments\" src=\"https:\/\/www.europesays.com\/fr\/wp-content\/uploads\/2025\/07\/Nancy-Place-de-la-Carri\u00e8re-Christmas-05-\u00a9-French-Moments.jpg\" data-width=\"729\" data-height=\"486\" style=\"aspect-ratio: auto 1200 \/ 800;\" loading=\"lazy\"  \/><\/p>\n<p class=\"thrv_wrapper thrv-inline-text wp-caption-text\">La place de la Carri\u00e8re, Nancy \u00a9 French Moments<\/p>\n<p data-end=\"3350\" data-start=\"2995\">Les branches s\u2019habillent de milliers de points lumineux, dessinant une perspective qui attire irr\u00e9sistiblement le regard vers l\u2019<a href=\"https:\/\/mon-grand-est.fr\/arc-de-triomphe-here-nancy\/\" target=\"_blank\" rel=\"noopener\">arc de triomphe d\u2019H\u00e9r\u00e9<\/a>.\u00a0<\/p>\n<p data-end=\"3350\" data-start=\"2995\">Ce couloir de lumi\u00e8re a quelque chose de solennel, presque th\u00e9\u00e2tral : on avance comme sur une sc\u00e8ne dont on serait l\u2019acteur principal.<\/p>\n<p data-end=\"3699\" data-start=\"3352\">Ce que j\u2019aime photographier ici, c\u2019est l\u2019instant o\u00f9 le ciel prend une teinte bleu-nuit, juste avant de basculer dans l\u2019obscurit\u00e9 totale.<\/p>\n<p><img decoding=\"async\" class=\"tve_image wp-image-29622\" alt=\"Nancy en d\u00e9cembre \u00a9 French Moments\" data-id=\"29622\" width=\"729\" data-init-width=\"1000\" height=\"486\" data-init-height=\"667\" title=\"Nancy in December 12 copyright French Moments\" src=\"https:\/\/www.europesays.com\/fr\/wp-content\/uploads\/2025\/10\/Nancy-in-December-12-copyright-French-Moments.jpg\" data-width=\"729\" data-height=\"486\" style=\"aspect-ratio: auto 1000 \/ 667;\" loading=\"lazy\"  \/><\/p>\n<p class=\"thrv_wrapper thrv-inline-text wp-caption-text\">La place de la Carri\u00e8re \u00a9 French Moments<\/p>\n<p data-end=\"3699\" data-start=\"3352\">La lumi\u00e8re naturelle et les illuminations se r\u00e9pondent, donnant \u00e0 la place une profondeur qui n\u2019existe qu\u2019\u00e0 ce moment pr\u00e9cis.<\/p>\n<p data-end=\"3699\" data-start=\"3352\">Les pav\u00e9s humides apr\u00e8s une averse refl\u00e8tent alors les guirlandes comme un miroir.<\/p>\n<p><img decoding=\"async\" class=\"tve_image wp-image-10189 tcb-moved-image\" alt=\"La place de la Carri\u00e8re, Nancy \u00a9 French Moments\" data-id=\"10189\" width=\"729\" data-init-width=\"1200\" height=\"486\" data-init-height=\"801\" title=\"Nancy Place de la Carri\u00e8re Christmas 07 \u00a9 French Moments\" src=\"https:\/\/www.europesays.com\/fr\/wp-content\/uploads\/2025\/10\/Nancy-Place-de-la-Carri\u00e8re-Christmas-07-\u00a9-French-Moments.jpg\" data-width=\"729\" data-height=\"486\" style=\"aspect-ratio: auto 1200 \/ 801;\" data-css=\"tve-u-19999cb7ade\" loading=\"lazy\"  \/><\/p>\n<p class=\"thrv_wrapper thrv-inline-text wp-caption-text\">Statue de ch\u00e9rubin, place de la Carri\u00e8re, Nancy \u00a9 French Moments<\/p>\n<p>Place Stanislas et son grand sapin<\/p>\n<p data-end=\"4131\" data-start=\"3747\">La <a href=\"https:\/\/mon-grand-est.fr\/place-stanislas\/\" target=\"_blank\" rel=\"noopener\">Place Stanislas<\/a> est le joyau de Nancy, et les soirs de d\u00e9cembre, elle devient encore plus impressionnante.\u00a0<\/p>\n<p><img decoding=\"async\" class=\"tve_image wp-image-29621\" alt=\"Nancy en d\u00e9cembre \u00a9 French Moments\" data-id=\"29621\" width=\"729\" data-init-width=\"1000\" height=\"486\" data-init-height=\"667\" title=\"Nancy in December 11 copyright French Moments\" src=\"https:\/\/www.europesays.com\/fr\/wp-content\/uploads\/2025\/10\/Nancy-in-December-11-copyright-French-Moments.jpg\" data-width=\"729\" data-height=\"486\" style=\"aspect-ratio: auto 1000 \/ 667;\" loading=\"lazy\"  \/><\/p>\n<p class=\"thrv_wrapper thrv-inline-text wp-caption-text\">La place Stanislas vue de nuit \u00a9 French Moments<\/p>\n<p data-end=\"4131\" data-start=\"3747\">Ce qui est fascinant, c\u2019est la mani\u00e8re dont chaque \u00e9l\u00e9ment architectural est soulign\u00e9.<\/p>\n<p data-end=\"4131\" data-start=\"3747\">Les grilles dor\u00e9es s\u2019illuminent de reflets chatoyants, les fa\u00e7ades des h\u00f4tels particuliers semblent recouvertes d\u2019une lueur douce, et l\u2019<a href=\"https:\/\/mon-grand-est.fr\/arc-de-triomphe-here-nancy\/\" class=\"\" style=\"outline: none;\" target=\"_blank\" rel=\"noopener\">arc d\u2019H\u00e9r\u00e9<\/a> s\u2019impose comme une porte vers un monde enchant\u00e9.<\/p>\n<p data-end=\"4529\" data-start=\"4133\">Et puis il y a le grand sapin, au centre.<\/p>\n<p><img decoding=\"async\" class=\"tve_image wp-image-29617\" alt=\"Nancy en d\u00e9cembre \u00a9 French Moments\" data-id=\"29617\" width=\"729\" data-init-width=\"1000\" height=\"486\" data-init-height=\"667\" title=\"Nancy in December 07 copyright French Moments\" src=\"https:\/\/www.europesays.com\/fr\/wp-content\/uploads\/2025\/10\/Nancy-in-December-07-copyright-French-Moments.jpg\" data-width=\"729\" data-height=\"486\" style=\"aspect-ratio: auto 1000 \/ 667;\" loading=\"lazy\"  \/><\/p>\n<p class=\"thrv_wrapper thrv-inline-text wp-caption-text\">La place Stanislas \u00e0 No\u00ebl \u00a9 French Moments<\/p>\n<p data-end=\"4529\" data-start=\"4133\">Toujours diff\u00e9rent d\u2019une ann\u00e9e \u00e0 l\u2019autre, il surprend par sa taille, ses d\u00e9corations, sa mise en valeur.<\/p>\n<p data-end=\"4529\" data-start=\"4133\">On le voit d\u2019abord de loin, puis il domine la place de toute sa hauteur.<\/p>\n<p data-end=\"4529\" data-start=\"4133\">Il attire les familles, les curieux, les photographes. Les enfants tournent autour, les yeux lev\u00e9s, et les adultes retrouvent un instant ce regard \u00e9merveill\u00e9 de leur enfance.<\/p>\n<p><img decoding=\"async\" class=\"tve_image wp-image-29618\" alt=\"Nancy en d\u00e9cembre \u00a9 French Moments\" data-id=\"29618\" width=\"729\" data-init-width=\"1000\" height=\"486\" data-init-height=\"667\" title=\"Nancy in December 08 copyright French Moments\" src=\"https:\/\/www.europesays.com\/fr\/wp-content\/uploads\/2025\/10\/Nancy-in-December-08-copyright-French-Moments.jpg\" data-width=\"729\" data-height=\"486\" style=\"aspect-ratio: auto 1000 \/ 667;\" loading=\"lazy\"  \/><\/p>\n<p class=\"thrv_wrapper thrv-inline-text wp-caption-text\">L&rsquo;arc de Triomphe \u00a9 French Moments<\/p>\n<p><img decoding=\"async\" class=\"tve_image wp-image-29612\" alt=\"Nancy en d\u00e9cembre \u00a9 French Moments\" data-id=\"29612\" width=\"729\" data-init-width=\"1000\" height=\"486\" data-init-height=\"667\" title=\"Nancy in December 02 copyright French Moments\" src=\"https:\/\/www.europesays.com\/fr\/wp-content\/uploads\/2025\/10\/Nancy-in-December-02-copyright-French-Moments.jpg\" data-width=\"729\" data-height=\"486\" style=\"aspect-ratio: auto 1000 \/ 667;\" loading=\"lazy\"  \/><\/p>\n<p class=\"thrv_wrapper thrv-inline-text wp-caption-text\">Reflet du sapin sur l&rsquo;un des pavillons de la place \u00a9 French Moments<\/p>\n<p><img decoding=\"async\" class=\"tve_image wp-image-29619\" alt=\"Nancy en d\u00e9cembre \u00a9 French Moments\" data-id=\"29619\" width=\"729\" data-init-width=\"1000\" height=\"486\" data-init-height=\"667\" title=\"Nancy in December 09 copyright French Moments\" src=\"https:\/\/www.europesays.com\/fr\/wp-content\/uploads\/2025\/10\/Nancy-in-December-09-copyright-French-Moments.jpg\" data-width=\"729\" data-height=\"486\" style=\"aspect-ratio: auto 1000 \/ 667;\" loading=\"lazy\"  \/><\/p>\n<p class=\"thrv_wrapper thrv-inline-text wp-caption-text\">Les ors de la place Stanislas \u00a9 French Moments<\/p>\n<p data-end=\"4880\" data-start=\"4531\">Je garde en m\u00e9moire une soir\u00e9e glaciale o\u00f9 j\u2019attendais que les derni\u00e8res lueurs du ciel disparaissent derri\u00e8re l\u2019<a href=\"https:\/\/mon-grand-est.fr\/hotel-de-ville-de-nancy\/\" target=\"_blank\" rel=\"noopener\">H\u00f4tel de Ville<\/a>.\u00a0<\/p>\n<p data-end=\"4880\" data-start=\"4531\">Quand l\u2019obscurit\u00e9 fut compl\u00e8te, les illuminations s\u2019allum\u00e8rent d\u2019un coup, r\u00e9v\u00e9lant un d\u00e9cor presque irr\u00e9el.<\/p>\n<p><img decoding=\"async\" class=\"tve_image wp-image-29613\" alt=\"Nancy en d\u00e9cembre \u00a9 French Moments\" data-id=\"29613\" width=\"729\" data-init-width=\"1000\" height=\"486\" data-init-height=\"667\" title=\"Nancy in December 03 copyright French Moments\" src=\"https:\/\/www.europesays.com\/fr\/wp-content\/uploads\/2025\/10\/Nancy-in-December-03-copyright-French-Moments.jpg\" data-width=\"729\" data-height=\"486\" style=\"aspect-ratio: auto 1000 \/ 667;\" loading=\"lazy\"  \/><\/p>\n<p class=\"thrv_wrapper thrv-inline-text wp-caption-text\">La fontaine d&rsquo;Amphitrite \u00a9 French Moments<\/p>\n<p data-end=\"4880\" data-start=\"4531\">C\u2019est \u00e0 ce moment que j\u2019ai compris que la place, d\u00e9j\u00e0 sublime de jour, atteint en d\u00e9cembre une intensit\u00e9 rare.<\/p>\n<p>Une promenade \u00e0 part<\/p>\n<p data-end=\"5290\" data-start=\"4914\">Se promener dans Nancy en d\u00e9cembre, c\u2019est accepter de ralentir.<\/p>\n<p data-end=\"5290\" data-start=\"4914\">On marche au rythme des pas sur les pav\u00e9s, on s\u2019arr\u00eate pour lever la t\u00eate, on s\u2019attarde devant une vitrine d\u00e9cor\u00e9e.<\/p>\n<p data-end=\"5290\" data-start=\"4914\">Ce n\u2019est pas seulement une visite : c\u2019est une exp\u00e9rience sensorielle.<\/p>\n<p data-end=\"5290\" data-start=\"4914\">L\u2019air vif qui pique le visage, l\u2019odeur de marrons grill\u00e9s au coin d\u2019une rue, le tintement lointain d\u2019une cloche qui r\u00e9sonne\u2026<\/p>\n<p data-end=\"5601\" data-start=\"5292\">Pour moi, Nancy en d\u00e9cembre, c\u2019est une invitation \u00e0 red\u00e9couvrir une ville famili\u00e8re sous un autre angle.<\/p>\n<p data-end=\"5601\" data-start=\"5292\">C\u2019est aussi un moment de r\u00e9conciliation avec le froid de l\u2019hiver : la lumi\u00e8re devient alors une compagne qui r\u00e9chauffe le c\u0153ur, m\u00eame quand les doigts sont gel\u00e9s sur l\u2019appareil photo.<\/p>\n<p><img decoding=\"async\" class=\"tve_image wp-image-13507\" alt=\"Place Stanislas, No\u00ebl \u00e0 Nancy \u00a9 French Moments\" data-id=\"13507\" width=\"729\" data-init-width=\"1200\" height=\"486\" data-init-height=\"801\" title=\"Nancy Place Stanislas Christmas 15 \u00a9 French Moments\" src=\"https:\/\/www.europesays.com\/fr\/wp-content\/uploads\/2025\/07\/Nancy-Place-Stanislas-Christmas-15-\u00a9-French-Moments.jpg\" data-width=\"729\" data-height=\"486\" loading=\"lazy\" style=\"aspect-ratio: auto 1200 \/ 801;\"  \/><\/p>\n<p class=\"thrv_wrapper thrv-inline-text wp-caption-text\">Sous le grand sapin de No\u00ebl \u00e0 Nancy \u00a9 French Moments<\/p>\n<p><img decoding=\"async\" class=\"tve_image wp-image-10195\" alt=\"La place Stanislas, No\u00ebl \u00e0 Nancy \u00a9 French Moments\" data-id=\"10195\" width=\"729\" data-init-width=\"1200\" height=\"486\" data-init-height=\"801\" title=\"Nancy Place Stanislas Christmas 03 \u00a9 French Moments\" src=\"https:\/\/www.europesays.com\/fr\/wp-content\/uploads\/2025\/07\/Nancy-Place-Stanislas-Christmas-03-\u00a9-French-Moments.jpg\" data-width=\"729\" data-height=\"486\" loading=\"lazy\" style=\"aspect-ratio: auto 1200 \/ 801;\"  \/><\/p>\n<p class=\"thrv_wrapper thrv-inline-text wp-caption-text\">Un des cand\u00e9labres de la place Stanislas aux couleurs du Japon \u00a9 French Moments<\/p>\n<p><img decoding=\"async\" class=\"tve_image wp-image-29623 tcb-moved-image\" alt=\"Nancy en d\u00e9cembre \u00a9 French Moments\" data-id=\"29623\" width=\"729\" data-init-width=\"1000\" height=\"486\" data-init-height=\"667\" title=\"Nancy in December 13 copyright French Moments\" src=\"https:\/\/www.europesays.com\/fr\/wp-content\/uploads\/2025\/10\/Nancy-in-December-13-copyright-French-Moments.jpg\" data-width=\"729\" data-height=\"486\" style=\"aspect-ratio: auto 1000 \/ 667;\" data-css=\"tve-u-19996d7236f\" loading=\"lazy\"  \/><\/p>\n<p class=\"thrv_wrapper thrv-inline-text wp-caption-text\">La cath\u00e9drale de Nancy sous les portes d&rsquo;or de la place Stanislas \u00a9 French Moments<\/p>\n<p>Pour en savoir plus !<\/p>\n<p>Voici quelques liens d&rsquo;articles de blog et de sites internet qui peuvent vous int\u00e9resser :<\/p>\n<p><img decoding=\"async\" class=\"tve_image wp-image-13502 tcb-moved-image\" alt=\"Place Stanislas, No\u00ebl \u00e0 Nancy \u00a9 French Moments\" data-id=\"13502\" width=\"729\" data-init-width=\"1200\" height=\"486\" data-init-height=\"801\" title=\"Nancy Place Stanislas Christmas 10 \u00a9 French Moments\" src=\"https:\/\/www.europesays.com\/fr\/wp-content\/uploads\/2025\/07\/Nancy-Place-Stanislas-Christmas-10-\u00a9-French-Moments.jpg\" data-width=\"729\" data-height=\"486\" style=\"aspect-ratio: auto 1200 \/ 801;\" data-css=\"tve-u-1999a1bce26\" loading=\"lazy\"  \/><\/p>\n<p class=\"thrv_wrapper thrv-inline-text wp-caption-text\">La place Stanislas pendant la saison de No\u00ebl \u00e0 Nancy \u00a9 French Moments<\/p>\n<p>Cet article fait partie du rendez-vous interblogueurs #EnFranceAussi, une belle initiative de\u00a0Sylvie du blog\u00a0<a href=\"http:\/\/www.lecoindesvoyageurs.fr\/\" style=\"outline: none;\" target=\"_blank\" rel=\"noopener\">Le coin des Voyageurs<\/a>. Ce mois-ci, le th\u00e8me g\u00e9r\u00e9 par Virginie du blog <a href=\"https:\/\/www.lesaventuresdarthuretthibaut.com\/\" style=\"outline: none;\" target=\"_blank\" rel=\"noopener\">Les Aventures d&rsquo;Arthur et Thibaut<\/a> est \u00ab\u00a0Ombres et Lumi\u00e8res\u00a0\u00bb. D\u00e9couvrez les articles de ma participation \u00e0 l&rsquo;\u00e9v\u00e9nement <a href=\"https:\/\/mon-grand-est.fr\/category\/en-france-aussi\/\" style=\"outline: none;\" target=\"_blank\" rel=\"noopener\">en cliquant sur le lien ici\u00a0<\/a>!<\/p>\n","protected":false},"excerpt":{"rendered":"Quand j\u2019\u00e9tais enfant, j\u2019attendais toujours avec impatience de visiter Nancy en d\u00e9cembre. \u00c0 l\u2019\u00e9poque, les d\u00e9corations \u00e9taient plus&hellip;\n","protected":false},"author":2,"featured_media":444384,"comment_status":"","ping_status":"","sticky":false,"template":"","format":"standard","meta":{"footnotes":""},"categories":[9635],"tags":[1111,11,1777,674,57077,1011,27,775,3457,1702,57078,12,57079,25,14334],"class_list":{"0":"post-444383","1":"post","2":"type-post","3":"status-publish","4":"format-standard","5":"has-post-thumbnail","7":"category-nancy","8":"tag-actu","9":"tag-actualites","10":"tag-eu","11":"tag-europe","12":"tag-fetes-de-saint-nicolas","13":"tag-fr","14":"tag-france","15":"tag-grand-est","16":"tag-meurthe-et-moselle","17":"tag-nancy","18":"tag-nancy-en-decembre","19":"tag-news","20":"tag-noel-a-nancy","21":"tag-republique-francaise","22":"tag-saint-nicolas"},"share_on_mastodon":{"url":"https:\/\/pubeurope.com\/@fr\/115331217515074114","error":""},"_links":{"self":[{"href":"https:\/\/www.europesays.com\/fr\/wp-json\/wp\/v2\/posts\/444383","targetHints":{"allow":["GET"]}}],"collection":[{"href":"https:\/\/www.europesays.com\/fr\/wp-json\/wp\/v2\/posts"}],"about":[{"href":"https:\/\/www.europesays.com\/fr\/wp-json\/wp\/v2\/types\/post"}],"author":[{"embeddable":true,"href":"https:\/\/www.europesays.com\/fr\/wp-json\/wp\/v2\/users\/2"}],"replies":[{"embeddable":true,"href":"https:\/\/www.europesays.com\/fr\/wp-json\/wp\/v2\/comments?post=444383"}],"version-history":[{"count":0,"href":"https:\/\/www.europesays.com\/fr\/wp-json\/wp\/v2\/posts\/444383\/revisions"}],"wp:featuredmedia":[{"embeddable":true,"href":"https:\/\/www.europesays.com\/fr\/wp-json\/wp\/v2\/media\/444384"}],"wp:attachment":[{"href":"https:\/\/www.europesays.com\/fr\/wp-json\/wp\/v2\/media?parent=444383"}],"wp:term":[{"taxonomy":"category","embeddable":true,"href":"https:\/\/www.europesays.com\/fr\/wp-json\/wp\/v2\/categories?post=444383"},{"taxonomy":"post_tag","embeddable":true,"href":"https:\/\/www.europesays.com\/fr\/wp-json\/wp\/v2\/tags?post=444383"}],"curies":[{"name":"wp","href":"https:\/\/api.w.org\/{rel}","templated":true}]}}