{"id":444385,"date":"2025-10-07T05:24:14","date_gmt":"2025-10-07T05:24:14","guid":{"rendered":"https:\/\/www.europesays.com\/fr\/444385\/"},"modified":"2025-10-07T05:24:14","modified_gmt":"2025-10-07T05:24:14","slug":"deux-jours-a-toulon-pour-mieux-comprendre-le-monde-nouveau","status":"publish","type":"post","link":"https:\/\/www.europesays.com\/fr\/444385\/","title":{"rendered":"deux jours \u00e0 Toulon pour mieux comprendre le monde nouveau"},"content":{"rendered":"<p class=\"fs-5 \">S\u2019il n\u2019est pas s\u00fbr que l\u2019on puisse rire de tout, on peut, en revanche, d\u00e9battre de tout. C\u2019est en tout cas le credo de Pascal Ausseur et de toute son \u00e9quipe de la Fondation m\u00e9diterran\u00e9enne d\u2019\u00e9tudes strat\u00e9giques (FMES). \u00ab \u00c0 condition de faire preuve d\u2019honn\u00eatet\u00e9 intellectuelle et de bienveillance vis-\u00e0-vis de ses contradicteurs \u00bb, pr\u00e9cise aussit\u00f4t celui qui, depuis 2022, organise les Rencontres strat\u00e9giques de la M\u00e9diterran\u00e9e (RSMed).<\/p>\n<p class=\"fs-5 \">Et il faut croire qu\u2019il n\u2019est pas le seul puisque <strong>3 200 personnes sont inscrites<\/strong> pour assister aux <strong>RSMed 2025 qui se d\u00e9rouleront \u00e0 Toulon les 8 et 9 octobre prochains<\/strong>. Un succ\u00e8s que Pascal Ausseur explique en ces termes : \u00ab Avec les r\u00e9seaux sociaux et les images qu\u2019ils diffusent, l\u2019\u00e9motion a pris le dessus. Quand on voit un b\u00e9b\u00e9 mourir dans des bombardements, on r\u00e9agit avec le c\u0153ur et les tripes. Et c\u2019est normal. Ce que les RSMed proposent une fois par an, c\u2019est de mettre nos \u00e9motions de c\u00f4t\u00e9 et de faire marcher notre cerveau \u00bb.<\/p>\n<p class=\"fs-5 \">Dans un monde en pleine transformation, o\u00f9 \u00ab la d\u00e9soccidentalisation, la d\u00e9seurop\u00e9anisation s\u2019acc\u00e9l\u00e8re, o\u00f9 on assiste au retour des ressentiments, des identit\u00e9s, des rapports de force entre nations \u00bb, les RSMed proposent d\u2019apporter des cl\u00e9s de compr\u00e9hension au lyc\u00e9en comme au chef d\u2019entreprise, et m\u00eame au chef militaire. \u00ab L\u2019objectif de ces Rencontres est d\u2019apporter des \u00e9clairages sur des questions complexes et qui nous rendent plus intelligents collectivement \u00bb, l\u00e2che Pascal Ausseur.<\/p>\n<p>                                                                                Menu ambitieux<\/p>\n<p class=\"fs-5 \">Pour cette quatri\u00e8me \u00e9dition, l\u2019\u00e9quipe de la FMES a encore vu les choses en grand : pas moins de 16 tables rondes, r\u00e9unissant plus de 80 intervenants de renom sont <a href=\"https:\/\/fmes-france.org\/rsmed-2025\/\" target=\"_blank\" rel=\"nofollow noopener\">au programme de ces deux jours de d\u00e9bats intenses. <\/a><\/p>\n<p class=\"fs-5 \">Les th\u00e9matiques abord\u00e9es seront, une nouvelle fois, des plus vari\u00e9es. De la nouvelle donne au Levant au d\u00e9cryptage des \u00c9tats-Unis du XXIe si\u00e8cle, en passant par les rivalit\u00e9s de puissances (Chine, \u00c9tats-Unis, Russie, Union europ\u00e9enne), ou l\u2019influence de la d\u00e9sinformation dans les conflits modernes\u2026 Le menu est ambitieux.<\/p>\n<p class=\"fs-5 \">Trop ? \u00ab On assiste \u00e0 une rupture syst\u00e9mique qui touche \u00e0 la g\u00e9opolitique, l\u2019\u00e9conomie, la finance, l\u2019identit\u00e9, l\u2019organisation sociale, l\u2019environnement\u2026 La p\u00e9riode historique exceptionnelle que nous vivons, les changements de mod\u00e8le id\u00e9ologique qui s\u2019op\u00e8rent concernent le monde entier \u00bb, r\u00e9torque Pascal Ausseur, visiblement impatient de donner le coup d\u2019envoi des RSMed 2025.<\/p>\n","protected":false},"excerpt":{"rendered":"S\u2019il n\u2019est pas s\u00fbr que l\u2019on puisse rire de tout, on peut, en revanche, d\u00e9battre de tout. C\u2019est&hellip;\n","protected":false},"author":2,"featured_media":444386,"comment_status":"","ping_status":"","sticky":false,"template":"","format":"standard","meta":{"footnotes":""},"categories":[9619],"tags":[1111,11,1777,674,1011,27,12,882,25,2310],"class_list":{"0":"post-444385","1":"post","2":"type-post","3":"status-publish","4":"format-standard","5":"has-post-thumbnail","7":"category-toulon","8":"tag-actu","9":"tag-actualites","10":"tag-eu","11":"tag-europe","12":"tag-fr","13":"tag-france","14":"tag-news","15":"tag-provence-alpes-cote-dazur","16":"tag-republique-francaise","17":"tag-toulon"},"share_on_mastodon":{"url":"","error":""},"_links":{"self":[{"href":"https:\/\/www.europesays.com\/fr\/wp-json\/wp\/v2\/posts\/444385","targetHints":{"allow":["GET"]}}],"collection":[{"href":"https:\/\/www.europesays.com\/fr\/wp-json\/wp\/v2\/posts"}],"about":[{"href":"https:\/\/www.europesays.com\/fr\/wp-json\/wp\/v2\/types\/post"}],"author":[{"embeddable":true,"href":"https:\/\/www.europesays.com\/fr\/wp-json\/wp\/v2\/users\/2"}],"replies":[{"embeddable":true,"href":"https:\/\/www.europesays.com\/fr\/wp-json\/wp\/v2\/comments?post=444385"}],"version-history":[{"count":0,"href":"https:\/\/www.europesays.com\/fr\/wp-json\/wp\/v2\/posts\/444385\/revisions"}],"wp:featuredmedia":[{"embeddable":true,"href":"https:\/\/www.europesays.com\/fr\/wp-json\/wp\/v2\/media\/444386"}],"wp:attachment":[{"href":"https:\/\/www.europesays.com\/fr\/wp-json\/wp\/v2\/media?parent=444385"}],"wp:term":[{"taxonomy":"category","embeddable":true,"href":"https:\/\/www.europesays.com\/fr\/wp-json\/wp\/v2\/categories?post=444385"},{"taxonomy":"post_tag","embeddable":true,"href":"https:\/\/www.europesays.com\/fr\/wp-json\/wp\/v2\/tags?post=444385"}],"curies":[{"name":"wp","href":"https:\/\/api.w.org\/{rel}","templated":true}]}}