{"id":444387,"date":"2025-10-07T05:25:24","date_gmt":"2025-10-07T05:25:24","guid":{"rendered":"https:\/\/www.europesays.com\/fr\/444387\/"},"modified":"2025-10-07T05:25:24","modified_gmt":"2025-10-07T05:25:24","slug":"toulon-les-instants-suspendus-de-philippe-delerm","status":"publish","type":"post","link":"https:\/\/www.europesays.com\/fr\/444387\/","title":{"rendered":"TOULON : \u00ab\u00a0Les Instants suspendus\u00a0\u00bb, de Philippe DELERM"},"content":{"rendered":"<p style=\"text-align: left;\"><strong>Vous \u00eates-vous d\u00e9j\u00e0 dit qu\u2019un classique faisait partie de votre vie ?<\/strong><\/p>\n<p style=\"text-align: left;\">Cette semaine dans La Grande Librairie, on les relit, nos classiques !<\/p>\n<p style=\"text-align: left;\">Retrouvez les livres de l\u2019\u00e9mission dans notre librairie !<\/p>\n<p style=\"text-align: left;\">Quant \u00e0 Philippe Delerm, c\u2019est \u00e0 l\u2019auteur d\u2019Oliver Twist des Grandes Esp\u00e9rances ou de David Copperfield qu\u2019il rend hommage dans Le suicide exalt\u00e9 de Charles Dickens. Le portrait intime d\u2019un homme qui consacra les dix derni\u00e8res ann\u00e9es de son existence \u00e0 faire vivre son \u0153uvre sur sc\u00e8ne \u00e0 travers des lectures publiques \u2013 jusqu\u2019\u00e0 l\u2019\u00e9puisement. Un concentr\u00e9 d\u2019humanit\u00e9.<\/p>\n<p style=\"text-align: left;\"><a href=\"https:\/\/t.communication.libraires-ensemble.com\/l2\/83a0xMrwa30\/358228\/4129938739.html?s=20\" rel=\"nofollow noopener\" target=\"_blank\">Commander sur le site<\/a><\/p>\n<p style=\"text-align: left;\"><strong>SOURCE : Librairie Charlemagne Toulon \u2013 La Grande Librairie du 1er octobre.<\/strong><\/p>\n","protected":false},"excerpt":{"rendered":"Vous \u00eates-vous d\u00e9j\u00e0 dit qu\u2019un classique faisait partie de votre vie ? Cette semaine dans La Grande Librairie,&hellip;\n","protected":false},"author":2,"featured_media":444388,"comment_status":"","ping_status":"","sticky":false,"template":"","format":"standard","meta":{"footnotes":""},"categories":[9619],"tags":[1111,11,1777,674,1011,27,12,882,25,2310],"class_list":{"0":"post-444387","1":"post","2":"type-post","3":"status-publish","4":"format-standard","5":"has-post-thumbnail","7":"category-toulon","8":"tag-actu","9":"tag-actualites","10":"tag-eu","11":"tag-europe","12":"tag-fr","13":"tag-france","14":"tag-news","15":"tag-provence-alpes-cote-dazur","16":"tag-republique-francaise","17":"tag-toulon"},"share_on_mastodon":{"url":"https:\/\/pubeurope.com\/@fr\/115331224290621542","error":""},"_links":{"self":[{"href":"https:\/\/www.europesays.com\/fr\/wp-json\/wp\/v2\/posts\/444387","targetHints":{"allow":["GET"]}}],"collection":[{"href":"https:\/\/www.europesays.com\/fr\/wp-json\/wp\/v2\/posts"}],"about":[{"href":"https:\/\/www.europesays.com\/fr\/wp-json\/wp\/v2\/types\/post"}],"author":[{"embeddable":true,"href":"https:\/\/www.europesays.com\/fr\/wp-json\/wp\/v2\/users\/2"}],"replies":[{"embeddable":true,"href":"https:\/\/www.europesays.com\/fr\/wp-json\/wp\/v2\/comments?post=444387"}],"version-history":[{"count":0,"href":"https:\/\/www.europesays.com\/fr\/wp-json\/wp\/v2\/posts\/444387\/revisions"}],"wp:featuredmedia":[{"embeddable":true,"href":"https:\/\/www.europesays.com\/fr\/wp-json\/wp\/v2\/media\/444388"}],"wp:attachment":[{"href":"https:\/\/www.europesays.com\/fr\/wp-json\/wp\/v2\/media?parent=444387"}],"wp:term":[{"taxonomy":"category","embeddable":true,"href":"https:\/\/www.europesays.com\/fr\/wp-json\/wp\/v2\/categories?post=444387"},{"taxonomy":"post_tag","embeddable":true,"href":"https:\/\/www.europesays.com\/fr\/wp-json\/wp\/v2\/tags?post=444387"}],"curies":[{"name":"wp","href":"https:\/\/api.w.org\/{rel}","templated":true}]}}