{"id":444393,"date":"2025-10-07T05:28:20","date_gmt":"2025-10-07T05:28:20","guid":{"rendered":"https:\/\/www.europesays.com\/fr\/444393\/"},"modified":"2025-10-07T05:28:20","modified_gmt":"2025-10-07T05:28:20","slug":"journee-nationale-du-commerce-de-proximite-la-cci-rouen-metropole-soutient-le-commerce-local","status":"publish","type":"post","link":"https:\/\/www.europesays.com\/fr\/444393\/","title":{"rendered":"Journ\u00e9e Nationale du Commerce de Proximit\u00e9 : la CCI Rouen M\u00e9tropole soutient le commerce local !"},"content":{"rendered":"<p>\n                    La Journ\u00e9e nationale du commerce de proximit\u00e9, de l\u2019artisanat et du centre-ville (JNCP) est une op\u00e9ration de communication d\u00e9di\u00e9e au commerce et \u00e0 l\u2019artisanat local qui s\u2019inscrit sur l\u2019ensemble du territoire national. Cet \u00e9v\u00e9nement permet aux commer\u00e7ants et aux artisans de remercier leurs clients pour leur fid\u00e9lit\u00e9 tout en rappelant les valeurs de proximit\u00e9 du commerce. Un rendez-vous \u00e0 ne pas manquer, le samedi 11 octobre 2025&#8230;                <\/p>\n<p>Tr\u00e8s ancr\u00e9e dans les territoires, la JNCP f\u00eate cette ann\u00e9e sa 17e \u00e9dition. Il s\u2019agit de la 1\u00e8re op\u00e9ration nationale en termes de villes engag\u00e9es et de commer\u00e7ants : 670 communes labellis\u00e9es en<\/p>\n<p>France, 21 000 commer\u00e7ants-artisans et 390 unions commerciales et artisanale (UCA). En 2025, 37 UCA et villes participeront \u00e0 la JNCP sur le territoire de la Chambre de Commerce et d\u2019Industrie (CCI) Rouen M\u00e9tropole, mobilisant ainsi 1 021 commer\u00e7ants.<\/p>\n<p>\u00a0<\/p>\n<p>La CCI Rouen M\u00e9tropole, les collectivit\u00e9s locales, les unions commerciales avec leurs adh\u00e9rents organisent et coordonnent cette journ\u00e9e.<\/p>\n<p>Au cours de cette journ\u00e9e sp\u00e9ciale, les commer\u00e7ants et les acteurs du commerce de centre-ville communiquent en direction de la population sur les valeurs qui font la force du commerce de proximit\u00e9 et sur le b\u00e9n\u00e9fice \u00e9conomique et social induit : services rendus, \u00e9changes, lien social, solidarit\u00e9, emplois locaux \u2026<\/p>\n<p>De nombreuses animations et d\u00e9monstrations de produits sont organis\u00e9es dans les communes et les commerces participants (d\u00e9gustations, jeux de pistes, animations musicales \u2026)<\/p>\n<p>Cette manifestation se prolonge par le concours du Label national \u00ab Commerce et Artisanat dans la Ville \u00bb qui r\u00e9compense une politique volontaire dans le maintien et le d\u00e9veloppement des activit\u00e9s \u00e9conomiques au sein de la commune.<\/p>\n<p>Prenant la forme d\u2019un panneau plac\u00e9 en entr\u00e9e de ville avec un nombre de \u00ab Sourires \u00bb, ce label est une marque de fiert\u00e9 et de reconnaissance pour la collectivit\u00e9 locale qui la re\u00e7oit et un indicateur visible pour les habitants et les visiteurs.<\/p>\n<p>Le territoire de la CCI Rouen M\u00e9tropole est r\u00e9guli\u00e8rement r\u00e9compens\u00e9 par ces prix et sourires.<\/p>\n<p>En 2025, 3 communes se sont vues d\u00e9cern\u00e9es un troph\u00e9e : \u00ab March\u00e9 et artisanat \u00bb \u00e0 Longueville-sur-Scie, \u00ab Sp\u00e9cial village \u00bb \u00e0 Ry et \u00ab Responsabilit\u00e9 Soci\u00e9tale des Entreprises \u00bb \u00e0 Saint-Etienne-du-Rouvray. Apr\u00e8s Aumale, Caudebec-l\u00e8s-Elbeuf, Elbeuf, Franqueville-Saint-Pierre, Rives-en-Seine et Saint-Sa\u00ebns en 2023 et 2024, ce sont Ferri\u00e8res-en-Bray, Gournay-en-Bray et le Grand-Quevilly qui ont obtenu leurs 5 sourires en 2025.<\/p>\n<p><strong>La forte implication de la CCI Rouen M\u00e9tropole en faveur du commerce local<\/strong><\/p>\n<p>Depuis de nombreuses ann\u00e9es, la CCI Rouen M\u00e9tropole soutient et accompagne le commerce et les unions commerciales et artisanales (UCA) de son territoire. En f\u00e9d\u00e9rant les commer\u00e7ants d\u2019un quartier, d\u2019une ville ou d\u2019une agglom\u00e9ration, les UCA sont plus que jamais indispensables pour cr\u00e9er du lien et favoriser le d\u00e9veloppement \u00e9conomique local.<\/p>\n<p>Ainsi depuis plus de 10 ans, la CCI s\u2019implique fortement \u00e0 leurs c\u00f4t\u00e9s dans la JNCP. Elle en fait la promotion et f\u00e9d\u00e8re les acteurs locaux en leur apportant un soutien organisationnel, promotionnel\/communication, administratif et financier.<\/p>\n<p>La CCI Rouen M\u00e9tropole est la 2e CCI la plus dynamique en nombre de participants au niveau national. Elle s\u2019est vue d\u00e9cern\u00e9e le Grand Prix du Jury de la JNCP en 2013 et 2021.<\/p>\n<p>\u00ab Le commerce de proximit\u00e9 joue un r\u00f4le fondamental dans l\u2019\u00e9conomie locale. Il constitue \u00e0 la fois une force \u00e9conomique et un vecteur essentiel de lien social, contribuant pleinement au dynamisme et \u00e0 l\u2019attractivit\u00e9 des territoires. La JNCP s\u2019inscrit profond\u00e9ment dans la vie des villes et villages, illustrant notre engagement quotidien aupr\u00e8s des commer\u00e7ants et des unions commerciales locales \u00bb, souligne Olivier Rousseille, pr\u00e9sident de la CCI Rouen M\u00e9tropole<\/p>\n<p>En organisant cette journ\u00e9e, la CCI Rouen M\u00e9tropole, les commer\u00e7ants et les acteurs \u00e9conomiques souhaitent sensibiliser les habitants sur la n\u00e9cessit\u00e9 de faire travailler le commerce de proximit\u00e9 et d\u2019acheter dans sa ville.<\/p>\n","protected":false},"excerpt":{"rendered":"La Journ\u00e9e nationale du commerce de proximit\u00e9, de l\u2019artisanat et du centre-ville (JNCP) est une op\u00e9ration de communication&hellip;\n","protected":false},"author":2,"featured_media":444394,"comment_status":"","ping_status":"","sticky":false,"template":"","format":"standard","meta":{"footnotes":""},"categories":[9587],"tags":[1111,11,13086,1777,674,1011,27,57080,12,5161,25,9590],"class_list":{"0":"post-444393","1":"post","2":"type-post","3":"status-publish","4":"format-standard","5":"has-post-thumbnail","7":"category-rouen","8":"tag-actu","9":"tag-actualites","10":"tag-cci-rouen-metropole","11":"tag-eu","12":"tag-europe","13":"tag-fr","14":"tag-france","15":"tag-journee-nationale-du-commerce-de-proximite","16":"tag-news","17":"tag-normandie","18":"tag-republique-francaise","19":"tag-rouen"},"share_on_mastodon":{"url":"https:\/\/pubeurope.com\/@fr\/115331236216366376","error":""},"_links":{"self":[{"href":"https:\/\/www.europesays.com\/fr\/wp-json\/wp\/v2\/posts\/444393","targetHints":{"allow":["GET"]}}],"collection":[{"href":"https:\/\/www.europesays.com\/fr\/wp-json\/wp\/v2\/posts"}],"about":[{"href":"https:\/\/www.europesays.com\/fr\/wp-json\/wp\/v2\/types\/post"}],"author":[{"embeddable":true,"href":"https:\/\/www.europesays.com\/fr\/wp-json\/wp\/v2\/users\/2"}],"replies":[{"embeddable":true,"href":"https:\/\/www.europesays.com\/fr\/wp-json\/wp\/v2\/comments?post=444393"}],"version-history":[{"count":0,"href":"https:\/\/www.europesays.com\/fr\/wp-json\/wp\/v2\/posts\/444393\/revisions"}],"wp:featuredmedia":[{"embeddable":true,"href":"https:\/\/www.europesays.com\/fr\/wp-json\/wp\/v2\/media\/444394"}],"wp:attachment":[{"href":"https:\/\/www.europesays.com\/fr\/wp-json\/wp\/v2\/media?parent=444393"}],"wp:term":[{"taxonomy":"category","embeddable":true,"href":"https:\/\/www.europesays.com\/fr\/wp-json\/wp\/v2\/categories?post=444393"},{"taxonomy":"post_tag","embeddable":true,"href":"https:\/\/www.europesays.com\/fr\/wp-json\/wp\/v2\/tags?post=444393"}],"curies":[{"name":"wp","href":"https:\/\/api.w.org\/{rel}","templated":true}]}}