{"id":444395,"date":"2025-10-07T05:29:14","date_gmt":"2025-10-07T05:29:14","guid":{"rendered":"https:\/\/www.europesays.com\/fr\/444395\/"},"modified":"2025-10-07T05:29:14","modified_gmt":"2025-10-07T05:29:14","slug":"cette-etudiante-de-rouen-decouvre-une-astuce-pour-toucher-une-importante-bourse-tres-peu-connue","status":"publish","type":"post","link":"https:\/\/www.europesays.com\/fr\/444395\/","title":{"rendered":"Cette \u00e9tudiante de Rouen d\u00e9couvre une astuce pour toucher une importante bourse \u00ab tr\u00e8s peu connue \u00bb"},"content":{"rendered":"<p>            Par<br \/>\n        <strong><br \/>\n            <a href=\"https:\/\/actu.fr\/auteur\/adrien-filoche\" title=\"Consulter tous les articles de Adrien Filoche\" target=\"_blank\" rel=\"noopener\">Adrien Filoche<\/a><br \/>\n        <\/strong><\/p>\n<p>        Publi\u00e9 le<\/p>\n<p>            7 oct. 2025 \u00e0 7h00        <\/p>\n<p>Durant plus d\u2019un an, Camille*, \u00e9tudiante de 23\u00a0ans \u00e0 <a href=\"https:\/\/actu.fr\/tag\/universite-de-rouen\" target=\"_blank\" rel=\"noopener\">l\u2019Universit\u00e9 de Rouen,<\/a> aurait pu <strong>b\u00e9n\u00e9ficier d\u2019une bourse tr\u00e8s sp\u00e9cifique<\/strong> et dont elle ne connaissait jusque-l\u00e0 pas l\u2019existence. Et les fins de mois auraient \u00e9t\u00e9 bien moins compliqu\u00e9es. \u00ab\u2009Je suppose qu\u2019il y a beaucoup d\u2019\u00e9tudiants comme moi qui ne sont pas au courant\u2009\u00bb, souligne la jeune femme. Et dans son cas, elle aurait aim\u00e9 un meilleur accompagnement et plus de visibilit\u00e9 de la part du <a href=\"https:\/\/actu.fr\/tag\/crous\" target=\"_blank\" rel=\"noopener\">Crous de Normandie<\/a>.<\/p>\n<p>Elle prend un travail \u00e0 mi-temps pour soutenir ses parents<\/p>\n<p class=\" wall-content\">Camille, aujourd\u2019hui en sixi\u00e8me ann\u00e9e d\u2019\u00e9tude en pr\u00e9paration du Capes (Certificat d\u2019aptitude au professorat de l\u2019enseignement du second degr\u00e9) a \u00e9t\u00e9 boursi\u00e8re \u00e0 l\u2019\u00e9chelon 0 bis sur crit\u00e8res sociaux au cours de ses premi\u00e8res ann\u00e9es d\u2019\u00e9tudes. Mais lors de sa troisi\u00e8me ann\u00e9e de licence (L3), la situation a \u00e9volu\u00e9. \u00ab\u2009Ma m\u00e8re a chang\u00e9 de m\u00e9tier, donc je me suis donc retrouv\u00e9e hors des grilles\u2009\u00bb, explique-t-elle. Jusque-l\u00e0, rien d\u2019anormal.<\/p>\n<p class=\" wall-content\">\u00c0 cette \u00e9poque, la jeune femme r\u00e9side au domicile familial, dans le pays de Bray. Pour soutenir ses parents, et notamment pour payer l\u2019essence lui permettant de se rendre sur le campus de Mont-Saint-Aignan, <strong>Camille cherche un travail. <\/strong>Elle trouve un poste d\u2019assistante d\u2019\u00e9ducation \u00e0 mi-temps. Son compagnon suit la m\u00eame d\u00e9marche. Ensemble, leurs revenus cumul\u00e9s, ils louent un petit studio dans Rouen.<\/p>\n<p class=\" wall-content\">Son ann\u00e9e de Master 1 passe, et Camille est toujours ind\u00e9pendante. Sur l\u2019ann\u00e9e scolaire 2024\/2025, la p\u00e9riode de son M2, l\u2019\u00e9tudiante poursuit son travail \u00e0 mi-temps. \u00ab\u2009Il me semblait bien ridicule que ce soit le salaire de mes parents qui soit pris en compte dans le calcul de la bourse alors que j\u2019\u00e9tais compl\u00e8tement autonome et que je travaillais\u2009\u00bb, souligne-t-elle.<\/p>\n<p>\u00ab\u2009Je me suis fait un peu balader\u2009\u00bb<\/p>\n<p class=\" wall-content\">L\u2019\u00e9tudiante explique sa situation au Crous. \u00ab\u2009Franchement, je me suis fait un peu balader, il y a eu \u00e9norm\u00e9ment d\u2019\u00e9changes d\u2019e-mails, des r\u00e9ponses \u00e9vasives. \u00c7a a dur\u00e9 longtemps.\u2009\u00bb Finalement, Camille est redirig\u00e9e vers <strong>le service social du Crous.<\/strong> Nous sommes en octobre\u00a02024. \u00ab\u2009D\u00e8s le premier entretien, je d\u00e9couvre qu\u2019il existe une bourse pour les profils comme le mien\u2009!\u2009\u00bb<\/p>\n<blockquote class=\"ac-article-quote wall-content\">\n<p>Sur le site du Crous Normandie, je n&rsquo;avais jamais vu mention de cette bourse. C&rsquo;est une bourse tr\u00e8s peu connue. Pourtant, j&rsquo;ai fait des recherches, je me suis investie. C\u2019est frustrant.<\/p>\n<p>    <strong>Camille<\/strong><br \/>\n        \u00e9tudiante \u00e0 l&rsquo;Universit\u00e9 de Rouen    <\/p><\/blockquote>\n<p class=\" wall-content\">Cette aide sp\u00e9cifique, il s\u2019agit de la <strong>Bourse ASAA autonomie av\u00e9r\u00e9e<\/strong>. \u00ab\u2009Il y a trois crit\u00e8res, pr\u00e9cise Camille. Il faut \u00eatre d\u00e9tach\u00e9 fiscalement de ses parents, habiter dans un foyer hors du domicile parental et justifier de trois Smic sur les 12 derniers mois.\u2009\u00bb De plus, l\u2019\u00e9tudiant ne doit pas avoir de soutien mat\u00e9riel de ses parents. L\u2019\u00e9tudiante coche toutes les cases.<\/p>\n<p>Votre r\u00e9gion, votre actu !<\/p>\n<p>Recevez chaque jour les infos qui comptent pour vous.<\/p>\n<p>\t<a href=\"https:\/\/actu.fr\/newsletter\" class=\"ac-btn ac-btn--corner ac-btn--medium ac-btn--blue800\" target=\"_blank\" rel=\"noopener\">S&rsquo;incrire<\/a><br \/>\nLa bourse ASAA en quelques mots<\/p>\n<p>La bourse ASAA dont a b\u00e9n\u00e9fici\u00e9 Camille n\u00e9cessite trois crit\u00e8res : il faut \u00eatre d\u00e9tach\u00e9 fiscalement de ses parents, habiter dans un foyer hors du domicile parental, justifier de trois SMIC sur les 12 derniers mois et ne pas avoir de soutien mat\u00e9riel de ses parents.<br \/>Cette allocation est non cumulable avec une\u00a0bourse sur crit\u00e8res sociaux de l\u2019enseignement sup\u00e9rieur. Elle est vers\u00e9e au cours de  l\u2019ann\u00e9e universitaire sur 10 mois entre septembre et juin en 10 mensualit\u00e9s. Par ailleurs, elle\u00a0exon\u00e8re\u00a0des\u00a0droits l&rsquo;inscription\u00a0\u00e0 l\u2019universit\u00e9 et de la\u00a0CVEC.<\/p>\n<p class=\" wall-content\">D\u00e8s octobre\u00a02024, <strong>Camille constitue un dossier.<\/strong> Elle et son compagnon devront attendre mars\u00a02025 avant que leur dossier passe en commission. Il est accept\u00e9. \u00ab\u2009Pour les \u00e9tudiants en difficult\u00e9, ce n\u2019est pas normal que cela prenne autant de temps\u2009\u00bb, d\u00e9plore Camille. Heureusement, l\u2019allocation est r\u00e9troactive. La somme vers\u00e9e est loin d\u2019\u00eatre anodine<strong>, 362\u00a0euros par mois,<\/strong> chacun. \u00ab\u2009Avec \u00e7a, on aurait moins \u00e9t\u00e9 en difficult\u00e9 les derni\u00e8res ann\u00e9es, c\u2019est certain\u2009\u00bb, appuie Camille.<\/p>\n<p class=\" wall-content\">\u00ab\u2009M\u00eame ceux qui travaillent au cours des vacances et qui n\u2019ont pas forc\u00e9ment un contrat toute l\u2019ann\u00e9e comme moi peuvent en b\u00e9n\u00e9ficier. Il faut simplement justifier de trois Smic sur les 12 derniers mois\u2009\u00bb, note-t-elle.<\/p>\n<blockquote class=\"ac-article-quote wall-content\">\n<p>C&rsquo;est un parcours du combattant. Plein de gens auraient abandonn\u00e9. J&rsquo;ai vraiment forc\u00e9 pour trouver des informations. Cela m\u00e9rite un meilleur accompagnement.<\/p>\n<p>    <strong>Camille<\/strong><br \/>\n        \u00e9tudiante \u00e0 l&rsquo;Universit\u00e9 de Rouen    <\/p><\/blockquote>\n<p class=\" wall-content\">\u00ab\u2009Je suis un peu d\u00e9go\u00fbt\u00e9e de savoir que mon compagnon et moi aurions pu b\u00e9n\u00e9ficier de cette bourse d\u00e8s la licence 3\u2009\u00bb, confie la jeune femme. C\u2019est notamment dans l\u2019objectif de faire davantage conna\u00eetre cette allocation qu\u2019elle a voulu prendre la parole.<\/p>\n<p class=\" wall-content\">Selon les donn\u00e9es du Crous, en 2024, en France, seuls 4 197 \u00e9tudiants ont b\u00e9n\u00e9fici\u00e9 de l\u2019ASAA, sachant qu\u2019environ 25 % des \u00e9tudiants fran\u00e7ais sont salari\u00e9s.<\/p>\n<p class=\" wall-content\">*pr\u00e9nom d\u2019emprunt<\/p>\n<p>Suivez l\u2019actualit\u00e9 de Rouen sur <a href=\"https:\/\/www.whatsapp.com\/channel\/0029VaKfnf99hXF2ddApFB1D\" target=\"_blank\" rel=\"noopener\">notre cha\u00eene WhatsApp<\/a> et sur <a href=\"https:\/\/www.tiktok.com\/@76actu.fr?lang=fr\" target=\"_blank\" rel=\"noopener\">notre compte TikTok<\/a><\/p>\n<p class=\" wall-content\">Personnalisez votre actualit\u00e9 en ajoutant vos villes et m\u00e9dias en favori avec <a href=\"https:\/\/moncompte.actu.fr\" title=\"D\u00e9couvez Mon Actu\" rel=\"nofollow noopener\" data-trk=\"{&quot;cta&quot;:{&quot;action&quot;:&quot;https:\\\/\\\/moncompte.actu.fr&quot;,&quot;category&quot;:&quot;mon compte&quot;,&quot;from&quot;:&quot;article footer&quot;,&quot;name&quot;:&quot;Mon actu&quot;,&quot;type&quot;:&quot;cta&quot;}}\" target=\"_blank\">Mon Actu<\/a>.<\/p>\n<p>                    <script async src=\"\/\/www.tiktok.com\/embed.js\"><\/script><\/p>\n","protected":false},"excerpt":{"rendered":"Par Adrien Filoche Publi\u00e9 le 7 oct. 2025 \u00e0 7h00 Durant plus d\u2019un an, Camille*, \u00e9tudiante de 23\u00a0ans&hellip;\n","protected":false},"author":2,"featured_media":444396,"comment_status":"","ping_status":"","sticky":false,"template":"","format":"standard","meta":{"footnotes":""},"categories":[9587],"tags":[1111,11,13684,33,1777,674,1011,27,12,5161,11090,25,9590,18094],"class_list":{"0":"post-444395","1":"post","2":"type-post","3":"status-publish","4":"format-standard","5":"has-post-thumbnail","7":"category-rouen","8":"tag-actu","9":"tag-actualites","10":"tag-crous","11":"tag-economie","12":"tag-eu","13":"tag-europe","14":"tag-fr","15":"tag-france","16":"tag-news","17":"tag-normandie","18":"tag-precarite-etudiante","19":"tag-republique-francaise","20":"tag-rouen","21":"tag-universite-de-rouen"},"share_on_mastodon":{"url":"https:\/\/pubeurope.com\/@fr\/115331240419328821","error":""},"_links":{"self":[{"href":"https:\/\/www.europesays.com\/fr\/wp-json\/wp\/v2\/posts\/444395","targetHints":{"allow":["GET"]}}],"collection":[{"href":"https:\/\/www.europesays.com\/fr\/wp-json\/wp\/v2\/posts"}],"about":[{"href":"https:\/\/www.europesays.com\/fr\/wp-json\/wp\/v2\/types\/post"}],"author":[{"embeddable":true,"href":"https:\/\/www.europesays.com\/fr\/wp-json\/wp\/v2\/users\/2"}],"replies":[{"embeddable":true,"href":"https:\/\/www.europesays.com\/fr\/wp-json\/wp\/v2\/comments?post=444395"}],"version-history":[{"count":0,"href":"https:\/\/www.europesays.com\/fr\/wp-json\/wp\/v2\/posts\/444395\/revisions"}],"wp:featuredmedia":[{"embeddable":true,"href":"https:\/\/www.europesays.com\/fr\/wp-json\/wp\/v2\/media\/444396"}],"wp:attachment":[{"href":"https:\/\/www.europesays.com\/fr\/wp-json\/wp\/v2\/media?parent=444395"}],"wp:term":[{"taxonomy":"category","embeddable":true,"href":"https:\/\/www.europesays.com\/fr\/wp-json\/wp\/v2\/categories?post=444395"},{"taxonomy":"post_tag","embeddable":true,"href":"https:\/\/www.europesays.com\/fr\/wp-json\/wp\/v2\/tags?post=444395"}],"curies":[{"name":"wp","href":"https:\/\/api.w.org\/{rel}","templated":true}]}}