{"id":444399,"date":"2025-10-07T05:31:25","date_gmt":"2025-10-07T05:31:25","guid":{"rendered":"https:\/\/www.europesays.com\/fr\/444399\/"},"modified":"2025-10-07T05:31:25","modified_gmt":"2025-10-07T05:31:25","slug":"letudiant-grenoblois-qui-a-chute-de-20-metres-lors-dun-week-end-dintegration-a-die-est-decede","status":"publish","type":"post","link":"https:\/\/www.europesays.com\/fr\/444399\/","title":{"rendered":"L&rsquo;\u00e9tudiant grenoblois qui a chut\u00e9 de 20 m\u00e8tres lors d&rsquo;un week-end d&rsquo;int\u00e9gration \u00e0 Die est d\u00e9c\u00e9d\u00e9"},"content":{"rendered":"<p>Le jeune homme qui a chut\u00e9 dimanche 5 octobre dans la rivi\u00e8re Dr\u00f4me est d\u00e9c\u00e9d\u00e9 des suites de ses blessures. Il \u00e9tait en weekend d&rsquo;int\u00e9gration \u00e0 Die avec ses camarades de 3e ann\u00e9e de BUT Chimie de l&rsquo;Universit\u00e9 Grenoble Alpes.<\/p>\n<p>L&rsquo;\u00e9tudiant de 20 ans qui est\u00a0<a class=\"IciLink ici-link IciArticleLink g-ici-body-regular-1 underline brand svelte-lu7k6w\" href=\"https:\/\/www.francebleu.fr\/infos\/faits-divers-justice\/un-jeune-de-20-ans-gravement-blesse-apres-un-chute-de-20-metres-dans-la-riviere-drome-1709116\" rel=\"nofollow noopener\" target=\"_blank\">tomb\u00e9 de vingt m\u00e8tres dans le lit de la rivi\u00e8re Dr\u00f4me<\/a>\u00a0est mort ce lundi 6 octobre au centre hospitalier de Grenoble des suites de ses blessures. Sa chute a eu lieu la veille, alors qu&rsquo;il se trouvait avec ses camarades de BUT Chimie de l&rsquo;Universit\u00e9 Grenoble Alpes dans un camping sur la commune de Die. Le groupe \u00e9tait <strong>en week-end d&rsquo;int\u00e9gration<\/strong>, \u00ab\u00a0organis\u00e9 par quatre associations \u00e9tudiantes dans la Dr\u00f4me en dehors du cadre universitaire. Une enqu\u00eate est en cours afin de pr\u00e9ciser les circonstances de cet \u00e9v\u00e8nement\u00a0\u00bb pr\u00e9cise l&rsquo;Universit\u00e9 dans un communiqu\u00e9.<\/p>\n<p>Selon les premiers \u00e9l\u00e9ments, <strong>la piste privil\u00e9gi\u00e9e est celle de l&rsquo;accident<\/strong>, le jeune homme \u00e9tant tomb\u00e9 seul dans la rivi\u00e8re, au cours de cette journ\u00e9e festive. Ce sont des t\u00e9moins, au sein du groupe avec lequel il se trouvait, qui ont r\u00e9ussi \u00e0 le d\u00e9gager de l&rsquo;eau dans un premier temps. Gravement bless\u00e9, il avait \u00e9t\u00e9 treuill\u00e9 et h\u00e9liport\u00e9 en urgence absolue vers le centre hospitalier de Grenoble. Une enqu\u00eate a \u00e9t\u00e9 ouverte par la gendarmerie de Crest.<\/p>\n<p>\u00ab\u00a0Une cellule d&rsquo;\u00e9coute a \u00e9t\u00e9 mobilis\u00e9e en lien avec la celulle d&rsquo;urgence m\u00e9dico-psychologique et le Service de Sant\u00e9 Etudiant de l&rsquo;UGA\u00a0\u00bb informe l&rsquo;Universit\u00e9.<\/p>\n<p>\u00c0 lire aussi   <img decoding=\"async\" src=\"https:\/\/www.europesays.com\/fr\/wp-content\/uploads\/2025\/10\/1759815085_689_560x315\" alt=\"Le vingtenaire a \u00e9t\u00e9 h\u00e9liport\u00e9 au centre hospitalier de Grenoble\" style=\"--_image-preview:url('data:image\/jpeg;base64,\/9j\/2wBDACgcHiMeGSgjISMtKygwPGRBPDc3PHtYXUlkkYCZlo+AjIqgtObDoKrarYqMyP\/L2u71\/\/\/\/m8H\/\/\/\/6\/+b9\/\/j\/2wBDASstLTw1PHZBQXb4pYyl+Pj4+Pj4+Pj4+Pj4+Pj4+Pj4+Pj4+Pj4+Pj4+Pj4+Pj4+Pj4+Pj4+Pj4+Pj4+Pj4+Pj\/wAARCAAXACoDASIAAhEBAxEB\/8QAFgAAAwAAAAAAAAAAAAAAAAAAAAEC\/8QAFhABAQEAAAAAAAAAAAAAAAAAAAER\/8QAFwEAAwEAAAAAAAAAAAAAAAAAAAECA\/\/EABcRAQEBAQAAAAAAAAAAAAAAAAARARL\/2gAMAwEAAhEDEQA\/AHU1VTWm6iFo1No0uhFGmU9OiHqaAz1SaWgEDlPQFB\/\/2Q==');\" loading=\"lazy\" fetchpriority=\"low\" aria-hidden=\"true\" class=\"svelte-1pnmlwx rounded\" onload=\"this.__e=event\" onerror=\"this.__e=event\"\/> <\/p>\n","protected":false},"excerpt":{"rendered":"Le jeune homme qui a chut\u00e9 dimanche 5 octobre dans la rivi\u00e8re Dr\u00f4me est d\u00e9c\u00e9d\u00e9 des suites de&hellip;\n","protected":false},"author":2,"featured_media":444400,"comment_status":"","ping_status":"","sticky":false,"template":"","format":"standard","meta":{"footnotes":""},"categories":[9566],"tags":[1111,11,2430,1777,674,1011,27,2731,12,25],"class_list":{"0":"post-444399","1":"post","2":"type-post","3":"status-publish","4":"format-standard","5":"has-post-thumbnail","7":"category-grenoble","8":"tag-actu","9":"tag-actualites","10":"tag-auvergne-rhone-alpes","11":"tag-eu","12":"tag-europe","13":"tag-fr","14":"tag-france","15":"tag-grenoble","16":"tag-news","17":"tag-republique-francaise"},"share_on_mastodon":{"url":"https:\/\/pubeurope.com\/@fr\/115331247971443938","error":""},"_links":{"self":[{"href":"https:\/\/www.europesays.com\/fr\/wp-json\/wp\/v2\/posts\/444399","targetHints":{"allow":["GET"]}}],"collection":[{"href":"https:\/\/www.europesays.com\/fr\/wp-json\/wp\/v2\/posts"}],"about":[{"href":"https:\/\/www.europesays.com\/fr\/wp-json\/wp\/v2\/types\/post"}],"author":[{"embeddable":true,"href":"https:\/\/www.europesays.com\/fr\/wp-json\/wp\/v2\/users\/2"}],"replies":[{"embeddable":true,"href":"https:\/\/www.europesays.com\/fr\/wp-json\/wp\/v2\/comments?post=444399"}],"version-history":[{"count":0,"href":"https:\/\/www.europesays.com\/fr\/wp-json\/wp\/v2\/posts\/444399\/revisions"}],"wp:featuredmedia":[{"embeddable":true,"href":"https:\/\/www.europesays.com\/fr\/wp-json\/wp\/v2\/media\/444400"}],"wp:attachment":[{"href":"https:\/\/www.europesays.com\/fr\/wp-json\/wp\/v2\/media?parent=444399"}],"wp:term":[{"taxonomy":"category","embeddable":true,"href":"https:\/\/www.europesays.com\/fr\/wp-json\/wp\/v2\/categories?post=444399"},{"taxonomy":"post_tag","embeddable":true,"href":"https:\/\/www.europesays.com\/fr\/wp-json\/wp\/v2\/tags?post=444399"}],"curies":[{"name":"wp","href":"https:\/\/api.w.org\/{rel}","templated":true}]}}