{"id":444401,"date":"2025-10-07T05:32:17","date_gmt":"2025-10-07T05:32:17","guid":{"rendered":"https:\/\/www.europesays.com\/fr\/444401\/"},"modified":"2025-10-07T05:32:17","modified_gmt":"2025-10-07T05:32:17","slug":"j-4-avant-le-depart-de-la-colombia-contre-le-cancer-du-sein-a-rennes","status":"publish","type":"post","link":"https:\/\/www.europesays.com\/fr\/444401\/","title":{"rendered":"J-4 avant le d\u00e9part de la Colombia, contre le cancer du sein, \u00e0 Rennes"},"content":{"rendered":"<p>            Par<br \/>\n        <strong><br \/>\n            <a href=\"https:\/\/actu.fr\/auteur\/laurene-fertin\" title=\"Consulter tous les articles de Laur\u00e8ne Fertin\" target=\"_blank\" rel=\"noopener\">Laur\u00e8ne Fertin<\/a><br \/>\n        <\/strong><\/p>\n<p>        Publi\u00e9 le<\/p>\n<p>            7 oct. 2025 \u00e0 6h32        <\/p>\n<p><strong>La marche solidaire<\/strong> d\u00e9di\u00e9e aux femmes touch\u00e9es par <strong>le cancer du sein<\/strong>, dans le cadre d\u2019Octobre rose, revient \u00e0 Rennes pour la 16\u1d49 \u00e9dition. <strong>La Colombia,<\/strong> \u00e0 l\u2019initiative du centre commercial du m\u00eame nom, conjointement avec Tout Rennes Court, se lance en effet <strong>samedi 11\u00a0octobre 2025<\/strong> dans les rues de la capitale bretonne.<\/p>\n<p class=\" wall-content\">L\u2019objectif\u2009: sensibiliser \u00e0 la <strong>pr\u00e9vention<\/strong> et au <strong>d\u00e9pistage<\/strong> du cancer du sein \u2013 sans oublier <strong>les bienfaits du sport,<\/strong> dans l\u2019\u00e9preuve de la maladie.<\/p>\n<p>19\u2009300\u00a0euros revers\u00e9s aux associations en 2024<\/p>\n<p class=\" wall-content\">\u00ab\u2009Cela nous tient particuli\u00e8rement \u00e0 c\u0153ur\u2009\u00bb, expose <strong>Charles Esteve<\/strong>, directeur du centre commercial Colombia. \u00ab\u2009Depuis 2010, la Colombia est devenue un \u00e9v\u00e9nement incontournable et nous sommes tr\u00e8s heureux de la lancer, \u00e0 nouveau.\u2009\u00bb Pour y participer, il faut \u00eatre de rose v\u00eatu (id\u00e9alement).<\/p>\n<p class=\" wall-content\"><a href=\"https:\/\/actu.fr\/bretagne\/rennes_35238\/photos-ca-peut-aussi-nous-arriver-a-rennes-ils-ont-defile-contre-le-cancer-du-sein-lors-de-la-colombia_61727596.html\" target=\"_blank\" rel=\"noopener\">L\u2019ann\u00e9e derni\u00e8re<\/a>, la marche avait rassembl\u00e9 <strong>7\u2009500\u00a0personnes<\/strong> dans les rues de Rennes. <strong>19\u2009300\u00a0euros<\/strong> ont \u00e9t\u00e9 revers\u00e9s aux associations, \u00ab\u2009l\u2019un des montants les plus importants que nous ayons collect\u00e9s\u2009\u00bb, souligne le directeur du centre commercial.<\/p>\n<p class=\" wall-content\">De la m\u00eame fa\u00e7on, cette ann\u00e9e, les dons seront redistribu\u00e9s \u00e0 <strong>trois associations<\/strong>\u2009: le Comit\u00e9 f\u00e9minin d\u2019Ille-et-Vilaine, Cap Ouest et le collectif Activit\u00e9 physique et cancer (dont l\u2019association Eau de Rose, partenaire des pr\u00e9c\u00e9dentes \u00e9ditions, fait partie).<\/p>\n<p>Plus de 100 000 euros revers\u00e9s<\/p>\n<p>Depuis la cr\u00e9ation de la Colombia, en 2010, plus de 100 000 euros de dons ont \u00e9t\u00e9 revers\u00e9s aux associations locales, indique Charles Esteve.<\/p>\n<p>Pour participer, une vente de tee-shits est ouverte depuis le 17 septembre, ainsi que des goodies. Tous les achats seront redistribu\u00e9s aux acteurs et actrices qui aident les femmes atteintes du cancer du sein.<\/p>\n<p>Un nouveau parrain, une nouvelle marraine<\/p>\n<p class=\" wall-content\">L\u2019an dernier, c\u2019est l\u2019ancienne Miss France 1992 <strong>Linda Hardy<\/strong> qui avait accept\u00e9 de devenir la marraine de la 15\u1d49 \u00e9dition. Samedi 11\u00a0octobre, <strong>Coralie et Christophe Licata<\/strong>, de la 14\u1d49 saison de l\u2019\u00e9mission Danse avec les stars, repr\u00e9senteront la marche solidaire.<\/p>\n<p>Votre r\u00e9gion, votre actu !<\/p>\n<p>Recevez chaque jour les infos qui comptent pour vous.<\/p>\n<p>\t<a href=\"https:\/\/actu.fr\/newsletter\" class=\"ac-btn ac-btn--corner ac-btn--medium ac-btn--blue800\" target=\"_blank\" rel=\"noopener\">S&rsquo;incrire<\/a><\/p>\n<p>    <img   decoding=\"async\" loading=\"lazy\" src=\"https:\/\/www.europesays.com\/fr\/wp-content\/uploads\/2025\/10\/rennes-marche-colombia-8-960x640.jpeg\" alt=\"Nathalie App\u00e9r\u00e9 et Linda Hardy \u00e9taient pr\u00e9sentes pour la 15e \u00e9dition de la Colombia.\" width=\"960\" height=\"640\"\/><br \/>\n    Nathalie App\u00e9r\u00e9 et Linda Hardy \u00e9taient pr\u00e9sentes pour la 15\u1d49 \u00e9dition de la Colombia, en 2024. (Archives \u00a9Laur\u00e8ne Fertin \u2013 actu Rennes)<\/p>\n<p class=\" wall-content\">Ils seront d\u2019ailleurs pr\u00e9sents sur la place principale du centre commercial Colombia (au niveau de l\u2019accueil) de 12h30 \u00e0 14h30 pour <strong>une s\u00e9ance de d\u00e9dicaces et d\u2019\u00e9changes<\/strong> avec leurs fans.<\/p>\n<p>D\u00e9part sur l\u2019esplanade Charles de Gaulle<\/p>\n<p class=\" wall-content\">Vers 15h,<strong> une prise de parole<\/strong> sera effectu\u00e9e par les nombreux partenaires de la marche. Puis, \u00e0 15h30, le cort\u00e8ge se dirigera doucement <strong>vers la place du Parlement de Bretagne<\/strong> pour, toutes et tous ensemble, <strong>former un ruban <\/strong>\u00e0 taille humaine. <strong>L\u2019image,<\/strong> film\u00e9e par <strong>drone,<\/strong> sera <strong>retransmise<\/strong> sur la place du Parlement.<\/p>\n<p>    <img   decoding=\"async\" loading=\"lazy\" src=\"https:\/\/www.europesays.com\/fr\/wp-content\/uploads\/2025\/10\/rennes-marche-colombia-9-960x640.jpeg\" alt=\"La fanfare a rythm\u00e9 la marche, samedi 12 octobre.\" width=\"960\" height=\"640\"\/><br \/>\n    La fanfare a rythm\u00e9 la marche, samedi 12\u00a0octobre 2024, place du Parlement de Bretagne. (Archives \u00a9Laur\u00e8ne Fertin \u2013 actu Rennes)<\/p>\n<p class=\" wall-content\"><strong>Deux groupes musicaux<\/strong> seront pr\u00e9sents pour mettre l\u2019ambiance parmi les participants.<\/p>\n<p class=\" wall-content\">Personnalisez votre actualit\u00e9 en ajoutant vos villes et m\u00e9dias en favori avec <a href=\"https:\/\/moncompte.actu.fr\" title=\"D\u00e9couvez Mon Actu\" rel=\"nofollow noopener\" data-trk=\"{&quot;cta&quot;:{&quot;action&quot;:&quot;https:\\\/\\\/moncompte.actu.fr&quot;,&quot;category&quot;:&quot;mon compte&quot;,&quot;from&quot;:&quot;article footer&quot;,&quot;name&quot;:&quot;Mon actu&quot;,&quot;type&quot;:&quot;cta&quot;}}\" target=\"_blank\">Mon Actu<\/a>.<\/p>\n","protected":false},"excerpt":{"rendered":"Par Laur\u00e8ne Fertin Publi\u00e9 le 7 oct. 2025 \u00e0 6h32 La marche solidaire d\u00e9di\u00e9e aux femmes touch\u00e9es par&hellip;\n","protected":false},"author":2,"featured_media":444402,"comment_status":"","ping_status":"","sticky":false,"template":"","format":"standard","meta":{"footnotes":""},"categories":[2821],"tags":[1111,11,829,101,1777,674,1011,27,1652,12,54321,584,25],"class_list":{"0":"post-444401","1":"post","2":"type-post","3":"status-publish","4":"format-standard","5":"has-post-thumbnail","7":"category-rennes","8":"tag-actu","9":"tag-actualites","10":"tag-bretagne","11":"tag-cancer","12":"tag-eu","13":"tag-europe","14":"tag-fr","15":"tag-france","16":"tag-loisirs-culture","17":"tag-news","18":"tag-octobre-rose","19":"tag-rennes","20":"tag-republique-francaise"},"share_on_mastodon":{"url":"https:\/\/pubeurope.com\/@fr\/115331251849666558","error":""},"_links":{"self":[{"href":"https:\/\/www.europesays.com\/fr\/wp-json\/wp\/v2\/posts\/444401","targetHints":{"allow":["GET"]}}],"collection":[{"href":"https:\/\/www.europesays.com\/fr\/wp-json\/wp\/v2\/posts"}],"about":[{"href":"https:\/\/www.europesays.com\/fr\/wp-json\/wp\/v2\/types\/post"}],"author":[{"embeddable":true,"href":"https:\/\/www.europesays.com\/fr\/wp-json\/wp\/v2\/users\/2"}],"replies":[{"embeddable":true,"href":"https:\/\/www.europesays.com\/fr\/wp-json\/wp\/v2\/comments?post=444401"}],"version-history":[{"count":0,"href":"https:\/\/www.europesays.com\/fr\/wp-json\/wp\/v2\/posts\/444401\/revisions"}],"wp:featuredmedia":[{"embeddable":true,"href":"https:\/\/www.europesays.com\/fr\/wp-json\/wp\/v2\/media\/444402"}],"wp:attachment":[{"href":"https:\/\/www.europesays.com\/fr\/wp-json\/wp\/v2\/media?parent=444401"}],"wp:term":[{"taxonomy":"category","embeddable":true,"href":"https:\/\/www.europesays.com\/fr\/wp-json\/wp\/v2\/categories?post=444401"},{"taxonomy":"post_tag","embeddable":true,"href":"https:\/\/www.europesays.com\/fr\/wp-json\/wp\/v2\/tags?post=444401"}],"curies":[{"name":"wp","href":"https:\/\/api.w.org\/{rel}","templated":true}]}}