{"id":444405,"date":"2025-10-07T05:34:11","date_gmt":"2025-10-07T05:34:11","guid":{"rendered":"https:\/\/www.europesays.com\/fr\/444405\/"},"modified":"2025-10-07T05:34:11","modified_gmt":"2025-10-07T05:34:11","slug":"ostwald-le-city-stade-du-wihrel-passe-en-version-augmentee-la-date-de-livraison-connue","status":"publish","type":"post","link":"https:\/\/www.europesays.com\/fr\/444405\/","title":{"rendered":"Ostwald. Le city stade du Wihrel passe en version augment\u00e9e, la date de livraison connue"},"content":{"rendered":"<p>Bien que les travaux de terrassement aient commenc\u00e9 avant cette s\u00e9ance de conseil municipal, le projet d\u2019am\u00e9nagement de l\u2019aire de jeux et de sports du Wihrel est soumis \u00e0 vote \u2013 et approuv\u00e9 \u00e0 l\u2019unanimit\u00e9. Pl\u00e9biscit\u00e9 par les jeunes du quartier, le city stade va perdurer, mais des barri\u00e8res en interdisent pour l\u2019heure l\u2019acc\u00e8s, \u00e0 cause du chantier tout autour.<\/p>\n<p>372 000 euros engag\u00e9s<\/p>\n<p>\u00ab\u00a0En concertation\u00a0\u00bb avec les habitants, le&#8230;<\/p>\n","protected":false},"excerpt":{"rendered":"Bien que les travaux de terrassement aient commenc\u00e9 avant cette s\u00e9ance de conseil municipal, le projet d\u2019am\u00e9nagement de&hellip;\n","protected":false},"author":2,"featured_media":444406,"comment_status":"","ping_status":"","sticky":false,"template":"","format":"standard","meta":{"footnotes":""},"categories":[2820],"tags":[1111,11,4749,1984,33,2880,1777,674,107,1011,27,775,12,6611,316,25,640,3089],"class_list":{"0":"post-444405","1":"post","2":"type-post","3":"status-publish","4":"format-standard","5":"has-post-thumbnail","7":"category-strasbourg","8":"tag-actu","9":"tag-actualites","10":"tag-btp-et-chantiers","11":"tag-conseil-municipal","12":"tag-economie","13":"tag-edition-strasbourg","14":"tag-eu","15":"tag-europe","16":"tag-fil-info","17":"tag-fr","18":"tag-france","19":"tag-grand-est","20":"tag-news","21":"tag-ostwald","22":"tag-politique","23":"tag-republique-francaise","24":"tag-strasbourg","25":"tag-strasbourg-sud"},"share_on_mastodon":{"url":"https:\/\/pubeurope.com\/@fr\/115331259748827639","error":""},"_links":{"self":[{"href":"https:\/\/www.europesays.com\/fr\/wp-json\/wp\/v2\/posts\/444405","targetHints":{"allow":["GET"]}}],"collection":[{"href":"https:\/\/www.europesays.com\/fr\/wp-json\/wp\/v2\/posts"}],"about":[{"href":"https:\/\/www.europesays.com\/fr\/wp-json\/wp\/v2\/types\/post"}],"author":[{"embeddable":true,"href":"https:\/\/www.europesays.com\/fr\/wp-json\/wp\/v2\/users\/2"}],"replies":[{"embeddable":true,"href":"https:\/\/www.europesays.com\/fr\/wp-json\/wp\/v2\/comments?post=444405"}],"version-history":[{"count":0,"href":"https:\/\/www.europesays.com\/fr\/wp-json\/wp\/v2\/posts\/444405\/revisions"}],"wp:featuredmedia":[{"embeddable":true,"href":"https:\/\/www.europesays.com\/fr\/wp-json\/wp\/v2\/media\/444406"}],"wp:attachment":[{"href":"https:\/\/www.europesays.com\/fr\/wp-json\/wp\/v2\/media?parent=444405"}],"wp:term":[{"taxonomy":"category","embeddable":true,"href":"https:\/\/www.europesays.com\/fr\/wp-json\/wp\/v2\/categories?post=444405"},{"taxonomy":"post_tag","embeddable":true,"href":"https:\/\/www.europesays.com\/fr\/wp-json\/wp\/v2\/tags?post=444405"}],"curies":[{"name":"wp","href":"https:\/\/api.w.org\/{rel}","templated":true}]}}