{"id":444413,"date":"2025-10-07T05:38:16","date_gmt":"2025-10-07T05:38:16","guid":{"rendered":"https:\/\/www.europesays.com\/fr\/444413\/"},"modified":"2025-10-07T05:38:16","modified_gmt":"2025-10-07T05:38:16","slug":"pres-de-nantes-cette-course-recolte-plus-de-40-000-euros-pour-la-lutte-contre-le-cancer","status":"publish","type":"post","link":"https:\/\/www.europesays.com\/fr\/444413\/","title":{"rendered":"pr\u00e8s de Nantes, cette course r\u00e9colte plus de 40 000 euros pour la lutte contre le cancer"},"content":{"rendered":"<p>            Par<br \/>\n        <strong><br \/>\n            <a href=\"https:\/\/actu.fr\/auteur\/thomas-bernard\" title=\"Consulter tous les articles de Thomas Bernard\" rel=\"nofollow noopener\" target=\"_blank\">Thomas Bernard<\/a><br \/>\n        <\/strong><\/p>\n<p>        Publi\u00e9 le<\/p>\n<p>            7 oct. 2025 \u00e0 7h16        <\/p>\n<p>Apr\u00e8s avoir accueilli des milliers de f\u00eatards tout au long de l\u2019\u00e9t\u00e9, la Station Nuage a eu la visite de plus de 2000 personnes, v\u00eatues d\u2019un t-shirt rose. Ce dimanche 5\u00a0octobre 2025, <strong>2755 personnes ont particip\u00e9 \u00e0 la course solidaire l\u2019\u00c9tincelante<\/strong>, organis\u00e9e \u00e0<a href=\"https:\/\/actu.fr\/pays-de-la-loire\/saint-sebastien-sur-loire_44190\" rel=\"nofollow noopener\" target=\"_blank\"> Saint-S\u00e9bastien-sur-Loire<\/a> (Loire-Atlantique), <strong>au profit de la lutte contre le cancer du sein<\/strong>.<\/p>\n<p>Plus de 40\u2009000\u00a0euros r\u00e9colt\u00e9s<\/p>\n<p class=\" wall-content\">Ce week-end, la course a permis de <strong>r\u00e9colter 42\u2009791\u00a0euros<\/strong>. Une somme revers\u00e9e \u00e0 <a href=\"https:\/\/www.facebook.com\/institutdecancerologiedelouest?__cft__%5B0%5D=AZUV4avIKaQKS8DhusACp0jy1gZUnlGqT9WKaEuYjhXyCLamm6HrJ4VLhVuuYH5Ox0UkJw5Rtaj73x3_5_LRj95gyuFlBxIVPigGCVTrShGJk5UndXeCsnCQFJwacpz3F1BCVaNB5CrfxJad-zRtfDRkshijqYMfIbrtA-ghGYLq5nl_N0GevHA9EP-LzkvxJ1Y&amp;__tn__=-%5DK-R\" rel=\"nofollow noopener\" target=\"_blank\">l\u2019Institut de Canc\u00e9rologie de l\u2019Ouest<\/a>, L\u2019association En C\u0153ur et En Corps, et \u00e0 <a href=\"https:\/\/www.facebook.com\/associationmaparenthese?__cft__%5B0%5D=AZUV4avIKaQKS8DhusACp0jy1gZUnlGqT9WKaEuYjhXyCLamm6HrJ4VLhVuuYH5Ox0UkJw5Rtaj73x3_5_LRj95gyuFlBxIVPigGCVTrShGJk5UndXeCsnCQFJwacpz3F1BCVaNB5CrfxJad-zRtfDRkshijqYMfIbrtA-ghGYLq5nl_N0GevHA9EP-LzkvxJ1Y&amp;__tn__=-%5DK-R\" rel=\"nofollow noopener\" target=\"_blank\">l\u2019Association Ma Parenthe\u0300se<\/a>.<\/p>\n<p>    <a href=\"https:\/\/www.facebook.com\/plugins\/post.php?href=https%3A%2F%2Fwww.facebook.com%2Fstsebsurloire%2Fposts%2Fpfbid0UhFWFqPr8jHWqf9miwdJcuBkhnKyHcGL3AjVytm3ReYtHhhXamKDKfhAf2sZHmCSl&amp;show_text=true&amp;width=350\" title=\"Ouvrie le lien\" rel=\"nofollow noopener\" target=\"_blank\">Cliquez ici pour visualiser le contenu<\/a><\/p>\n<p class=\" wall-content\">Pour rappel, cette manifestation est organis\u00e9e par la ville de Saint-S\u00e9bastien-sur-Loire, <a href=\"https:\/\/actu.fr\/pays-de-la-loire\/basse-goulaine_44009\" rel=\"nofollow noopener\" target=\"_blank\">Basse-Goulaine<\/a> et l\u2019association Ma Parenth\u00e8se.<\/p>\n<p class=\" wall-content\">Personnalisez votre actualit\u00e9 en ajoutant vos villes et m\u00e9dias en favori avec <a href=\"https:\/\/moncompte.actu.fr\" title=\"D\u00e9couvez Mon Actu\" rel=\"nofollow noopener\" data-trk=\"{&quot;cta&quot;:{&quot;action&quot;:&quot;https:\\\/\\\/moncompte.actu.fr&quot;,&quot;category&quot;:&quot;mon compte&quot;,&quot;from&quot;:&quot;article footer&quot;,&quot;name&quot;:&quot;Mon actu&quot;,&quot;type&quot;:&quot;cta&quot;}}\" target=\"_blank\">Mon Actu<\/a>.<\/p>\n","protected":false},"excerpt":{"rendered":"Par Thomas Bernard Publi\u00e9 le 7 oct. 2025 \u00e0 7h16 Apr\u00e8s avoir accueilli des milliers de f\u00eatards tout&hellip;\n","protected":false},"author":2,"featured_media":444414,"comment_status":"","ping_status":"","sticky":false,"template":"","format":"standard","meta":{"footnotes":""},"categories":[2818],"tags":[1111,11,101,1777,674,1011,27,766,12,54321,2636,25,104],"class_list":{"0":"post-444413","1":"post","2":"type-post","3":"status-publish","4":"format-standard","5":"has-post-thumbnail","7":"category-nantes","8":"tag-actu","9":"tag-actualites","10":"tag-cancer","11":"tag-eu","12":"tag-europe","13":"tag-fr","14":"tag-france","15":"tag-nantes","16":"tag-news","17":"tag-octobre-rose","18":"tag-pays-de-la-loire","19":"tag-republique-francaise","20":"tag-societe"},"share_on_mastodon":{"url":"https:\/\/pubeurope.com\/@fr\/115331275390814102","error":""},"_links":{"self":[{"href":"https:\/\/www.europesays.com\/fr\/wp-json\/wp\/v2\/posts\/444413","targetHints":{"allow":["GET"]}}],"collection":[{"href":"https:\/\/www.europesays.com\/fr\/wp-json\/wp\/v2\/posts"}],"about":[{"href":"https:\/\/www.europesays.com\/fr\/wp-json\/wp\/v2\/types\/post"}],"author":[{"embeddable":true,"href":"https:\/\/www.europesays.com\/fr\/wp-json\/wp\/v2\/users\/2"}],"replies":[{"embeddable":true,"href":"https:\/\/www.europesays.com\/fr\/wp-json\/wp\/v2\/comments?post=444413"}],"version-history":[{"count":0,"href":"https:\/\/www.europesays.com\/fr\/wp-json\/wp\/v2\/posts\/444413\/revisions"}],"wp:featuredmedia":[{"embeddable":true,"href":"https:\/\/www.europesays.com\/fr\/wp-json\/wp\/v2\/media\/444414"}],"wp:attachment":[{"href":"https:\/\/www.europesays.com\/fr\/wp-json\/wp\/v2\/media?parent=444413"}],"wp:term":[{"taxonomy":"category","embeddable":true,"href":"https:\/\/www.europesays.com\/fr\/wp-json\/wp\/v2\/categories?post=444413"},{"taxonomy":"post_tag","embeddable":true,"href":"https:\/\/www.europesays.com\/fr\/wp-json\/wp\/v2\/tags?post=444413"}],"curies":[{"name":"wp","href":"https:\/\/api.w.org\/{rel}","templated":true}]}}