{"id":444425,"date":"2025-10-07T05:44:14","date_gmt":"2025-10-07T05:44:14","guid":{"rendered":"https:\/\/www.europesays.com\/fr\/444425\/"},"modified":"2025-10-07T05:44:14","modified_gmt":"2025-10-07T05:44:14","slug":"allocation-eau-metropole-europeenne-de-lille","status":"publish","type":"post","link":"https:\/\/www.europesays.com\/fr\/444425\/","title":{"rendered":"Allocation eau | M\u00e9tropole europ\u00e9enne de Lille"},"content":{"rendered":"<p>Ce dispositif d\u2019aide financi\u00e8re s\u2019adresse aux m\u00e9nages les plus modestes. L\u2019objectif est de de limiter leur facture d\u2019eau \u00e0 moins de 3 % de leurs revenus, conform\u00e9ment aux recommandations de l\u2019Organisation de coop\u00e9ration et de d\u00e9veloppement \u00e9conomiques (OCDE). En 2025, deux versements sont pr\u00e9vus : l\u2019Allocation Eau 2024 en octobre (\u00e0 titre de rattrapage), et celle de 2025 en d\u00e9cembre.<\/p>\n<p>Environ 18 000 m\u00e9nages devraient en b\u00e9n\u00e9ficier pour l\u2019ann\u00e9e 2024, avec une aide moyenne de 39 \u20ac par foyer. Le dispositif concerne les 66 communes desservies par Il\u00e9o, le fournisseur d&rsquo;eau mandat\u00e9 par la MEL. Pour les 29 autres communes g\u00e9r\u00e9es par Nor\u00e9ade, des discussions sont en cours pour \u00e9tendre l\u2019aide.<\/p>\n<p><strong>Si vous \u00eates concern\u00e9, vous n\u2019avez aucune d\u00e9marche \u00e0 effectuer<\/strong><br \/>Gr\u00e2ce \u00e0 des conventions* sign\u00e9es avec la CAF et la MSA du Nord, les b\u00e9n\u00e9ficiaires sont en effet identifi\u00e9s automatiquement.<\/p>\n<p>L\u2019aide, calcul\u00e9e en fonction des revenus et de la composition du foyer, vous est vers\u00e9e directement sur votre compte bancaire.<br \/>* Ces accords garantissent la transmission des donn\u00e9es dans le respect du R\u00e8glement G\u00e9n\u00e9ral sur la Protection des Donn\u00e9es (RGPD).<\/p>\n<p>Int\u00e9gr\u00e9e au Fonds de solidarit\u00e9 m\u00e9tropolitain, repr\u00e9sentant une enveloppe annuelle de 1,1 M\u20ac, cette mesure vient compl\u00e9ter deux autres aides existantes : les ch\u00e8ques Eau, pour les difficult\u00e9s ponctuelles, et le Fonds de Solidarit\u00e9 Logement (FSL). Une mesure discr\u00e8te mais essentielle, pour garantir \u00e0 chacun l\u2019acc\u00e8s \u00e0 ce bien vital qu\u2019est l\u2019eau.<br \/>\u00a0<\/p>\n","protected":false},"excerpt":{"rendered":"Ce dispositif d\u2019aide financi\u00e8re s\u2019adresse aux m\u00e9nages les plus modestes. L\u2019objectif est de de limiter leur facture d\u2019eau&hellip;\n","protected":false},"author":2,"featured_media":444426,"comment_status":"","ping_status":"","sticky":false,"template":"","format":"standard","meta":{"footnotes":""},"categories":[2815],"tags":[1111,11,1777,674,1011,27,811,1307,12,25],"class_list":{"0":"post-444425","1":"post","2":"type-post","3":"status-publish","4":"format-standard","5":"has-post-thumbnail","7":"category-lille","8":"tag-actu","9":"tag-actualites","10":"tag-eu","11":"tag-europe","12":"tag-fr","13":"tag-france","14":"tag-hauts-de-france","15":"tag-lille","16":"tag-news","17":"tag-republique-francaise"},"share_on_mastodon":{"url":"https:\/\/pubeurope.com\/@fr\/115331299022646885","error":""},"_links":{"self":[{"href":"https:\/\/www.europesays.com\/fr\/wp-json\/wp\/v2\/posts\/444425","targetHints":{"allow":["GET"]}}],"collection":[{"href":"https:\/\/www.europesays.com\/fr\/wp-json\/wp\/v2\/posts"}],"about":[{"href":"https:\/\/www.europesays.com\/fr\/wp-json\/wp\/v2\/types\/post"}],"author":[{"embeddable":true,"href":"https:\/\/www.europesays.com\/fr\/wp-json\/wp\/v2\/users\/2"}],"replies":[{"embeddable":true,"href":"https:\/\/www.europesays.com\/fr\/wp-json\/wp\/v2\/comments?post=444425"}],"version-history":[{"count":0,"href":"https:\/\/www.europesays.com\/fr\/wp-json\/wp\/v2\/posts\/444425\/revisions"}],"wp:featuredmedia":[{"embeddable":true,"href":"https:\/\/www.europesays.com\/fr\/wp-json\/wp\/v2\/media\/444426"}],"wp:attachment":[{"href":"https:\/\/www.europesays.com\/fr\/wp-json\/wp\/v2\/media?parent=444425"}],"wp:term":[{"taxonomy":"category","embeddable":true,"href":"https:\/\/www.europesays.com\/fr\/wp-json\/wp\/v2\/categories?post=444425"},{"taxonomy":"post_tag","embeddable":true,"href":"https:\/\/www.europesays.com\/fr\/wp-json\/wp\/v2\/tags?post=444425"}],"curies":[{"name":"wp","href":"https:\/\/api.w.org\/{rel}","templated":true}]}}