{"id":444427,"date":"2025-10-07T05:45:20","date_gmt":"2025-10-07T05:45:20","guid":{"rendered":"https:\/\/www.europesays.com\/fr\/444427\/"},"modified":"2025-10-07T05:45:20","modified_gmt":"2025-10-07T05:45:20","slug":"podcast-podcast-culturepsg-lille-psg-1-1-et-q-r","status":"publish","type":"post","link":"https:\/\/www.europesays.com\/fr\/444427\/","title":{"rendered":"Podcast : Podcast CulturePSG : Lille\/PSG (1-1) et Q\/R"},"content":{"rendered":"<p>CulturePSG va d\u00e9battre ce lundi soir \u00e0 partir de 22h avec nos intervenants habituels du match Lille\/PSG (1-1) de dimanche soir, plus une \u00e9ventuelle s\u00e9rie de questions\/r\u00e9ponses.<\/p>\n<p>Comme tous les lundis, nous vous proposons ce soir \u00e0 partir de 22h notre traditionnel podcast avec quelques intervenants pour d\u00e9battre de l&rsquo;actualit\u00e9 du PSG. Pendant une dur\u00e9e d&rsquo;une heure au minimum, nous allons longuement revenir sur le match nul \u00e0 Lille puis faire, s&rsquo;l n&rsquo;est pas trop tard, une session de questions\/r\u00e9ponses avec les auditeurs.<\/p>\n<p>Pour nous \u00e9couter, il faudra \u00eatre pr\u00e9sent vers 22h. Nous serons en diffusion exclusive sur Twitch, le lien ci-dessous s&rsquo;activera d\u00e8s que nous lan\u00e7ons le podcast.\u00a0Vous pouvez aussi vous rendre sur notre page <a href=\"https:\/\/www.twitch.tv\/culturepsg_com\" rel=\"nofollow noopener\" target=\"_blank\">Twitch (ici<\/a>) directement :<\/p>\n<\/p>\n<p>L&rsquo;\u00e9mission sera r\u00e9\u00e9coutable sur le lien Youtube qui sera ins\u00e9r\u00e9 ci-dessus par la suite (quand il est disponible, l&rsquo;heure du podcast est supprim\u00e9e dans le titre de la news) et de nombreuses plateformes vous permettent aussi de le r\u00e9\u00e9couter apr\u00e8s l&rsquo;\u00e9mission :<\/p>\n<p>Pour ceux utilisant d&rsquo;autres lecteurs,<a href=\"https:\/\/feeds.acast.com\/public\/shows\/6286443a34d4a10013fc39a9\" rel=\"nofollow noopener\" target=\"_blank\"> le lien vers le fichier r\u00e9f\u00e9ren\u00e7ant les \u00e9missions est le suivant.<\/a><\/p>\n<p>Les th\u00e8mes :<\/p>\n<ul>\n<li>Lille\/PSG (1-1) (00:01:41)<\/li>\n<\/ul>\n<p>1. Le pouls du match (00:02:35)<br \/>2. Retour sur une performance collective compliqu\u00e9e (00:11:35)<br \/>3. Quelques performances individuelles \u00e0 retenir<\/p>\n<p>Chevalier (00:27:50)<\/p>\n<p>Hernandez\u00a0(00:55:15)<\/p>\n<p>Pacho (01:00:58)<\/p>\n<p>Za\u00efre-Emery (01:04:32)<\/p>\n<p>Ndjantou (01:09:35)<\/p>\n<p>Lee (01:17:57)<\/p>\n<p>Ramos (01:20:11)<\/p>\n<p>Barcola (01:23:08)<\/p>\n<p>Mendes (01:28:48)<\/p>\n<ul>\n<li>Questions\/r\u00e9ponses (01:36:32)<\/li>\n<\/ul>\n<p>Les participants :<\/p>\n<p>Les<strong> <\/strong>participants\u00a0du soir seront des personnes qui collaborent r\u00e9guli\u00e8rement au site :<\/p>\n<p>Comment r\u00e9agir :<\/p>\n<p>Trois solutions s&rsquo;offrent \u00e0 vous :<\/p>\n<ul>\n<li>Commenter dans le live Twitch<\/li>\n<li>Interagir sur Twitter avec le hashtag <a href=\"https:\/\/twitter.com\/search?q=%23CulturePSGLive&amp;src=typd\" rel=\"nofollow noopener\" target=\"_blank\">#CulturePSGLive<\/a><\/li>\n<li>Commenter la pr\u00e9sente news (probablement moins efficace)<\/li>\n<\/ul>\n<p><script async src=\"https:\/\/platform.twitter.com\/widgets.js\" charset=\"utf-8\"><\/script><\/p>\n","protected":false},"excerpt":{"rendered":"CulturePSG va d\u00e9battre ce lundi soir \u00e0 partir de 22h avec nos intervenants habituels du match Lille\/PSG (1-1)&hellip;\n","protected":false},"author":2,"featured_media":78309,"comment_status":"","ping_status":"","sticky":false,"template":"","format":"standard","meta":{"footnotes":""},"categories":[2815],"tags":[1111,11,1777,674,1011,27,811,1307,12,25],"class_list":{"0":"post-444427","1":"post","2":"type-post","3":"status-publish","4":"format-standard","5":"has-post-thumbnail","7":"category-lille","8":"tag-actu","9":"tag-actualites","10":"tag-eu","11":"tag-europe","12":"tag-fr","13":"tag-france","14":"tag-hauts-de-france","15":"tag-lille","16":"tag-news","17":"tag-republique-francaise"},"share_on_mastodon":{"url":"https:\/\/pubeurope.com\/@fr\/115331302894377382","error":""},"_links":{"self":[{"href":"https:\/\/www.europesays.com\/fr\/wp-json\/wp\/v2\/posts\/444427","targetHints":{"allow":["GET"]}}],"collection":[{"href":"https:\/\/www.europesays.com\/fr\/wp-json\/wp\/v2\/posts"}],"about":[{"href":"https:\/\/www.europesays.com\/fr\/wp-json\/wp\/v2\/types\/post"}],"author":[{"embeddable":true,"href":"https:\/\/www.europesays.com\/fr\/wp-json\/wp\/v2\/users\/2"}],"replies":[{"embeddable":true,"href":"https:\/\/www.europesays.com\/fr\/wp-json\/wp\/v2\/comments?post=444427"}],"version-history":[{"count":0,"href":"https:\/\/www.europesays.com\/fr\/wp-json\/wp\/v2\/posts\/444427\/revisions"}],"wp:featuredmedia":[{"embeddable":true,"href":"https:\/\/www.europesays.com\/fr\/wp-json\/wp\/v2\/media\/78309"}],"wp:attachment":[{"href":"https:\/\/www.europesays.com\/fr\/wp-json\/wp\/v2\/media?parent=444427"}],"wp:term":[{"taxonomy":"category","embeddable":true,"href":"https:\/\/www.europesays.com\/fr\/wp-json\/wp\/v2\/categories?post=444427"},{"taxonomy":"post_tag","embeddable":true,"href":"https:\/\/www.europesays.com\/fr\/wp-json\/wp\/v2\/tags?post=444427"}],"curies":[{"name":"wp","href":"https:\/\/api.w.org\/{rel}","templated":true}]}}