{"id":444461,"date":"2025-10-07T06:06:11","date_gmt":"2025-10-07T06:06:11","guid":{"rendered":"https:\/\/www.europesays.com\/fr\/444461\/"},"modified":"2025-10-07T06:06:11","modified_gmt":"2025-10-07T06:06:11","slug":"ia-or-revoltes-de-la-jeunesse-pendant-que-la-france-senfonce-le-monde-continue-de-tourner-souligne-francois-lenglet","status":"publish","type":"post","link":"https:\/\/www.europesays.com\/fr\/444461\/","title":{"rendered":"IA, or, r\u00e9voltes de la jeunesse&#8230; \u00ab\u00a0Pendant que la France s\u2019enfonce, le monde continue de tourner\u00a0\u00bb, souligne Fran\u00e7ois Lenglet"},"content":{"rendered":"<p class=\"article-p mdl\">La crise politique, derni\u00e8rement marqu\u00e9e par la vraie-fausse d\u00e9mission du gouvernement Lecornu, qui touche l\u2019Hexagone, semble paralyser le pays. Mais, pendant que la France s\u2019enfonce, le monde continue de tourner. <strong>Trois nouvelles vraiment importantes sont tomb\u00e9es<\/strong>, lundi 6 octobre.<\/p>\n<p class=\"article-p mdl\">La premi\u00e8re touche \u00e0 l\u2019intelligence artificielle. Le g\u00e9ant am\u00e9ricain <strong>OpenAI a annonc\u00e9 un gigantesque accord avec AMD<\/strong>, fabricant de puces \u00e9lectroniques, le c\u0153ur des syst\u00e8mes d\u2019intelligence artificielle. Les deux entreprises vont s\u2019associer et construire de gigantesques machines intelligentes.<\/p>\n<p class=\"article-p mdl\">OpenAI, c\u2019est l\u2019inventeur de\u00a0<a class=\"link\" href=\"https:\/\/www.rtl.fr\/actu\/sciences-tech\/chatgpt-gemini-grok-copilot-comment-rediger-vos-prompts-pour-ameliorer-les-resultats-des-ia-generatives-7900547180\" title=\"ChatGPT, Gemini, Grok, Copilot... Comment r\u00e9diger vos prompts pour am\u00e9liorer les r\u00e9sultats des IA g\u00e9n\u00e9ratives\" target=\"_blank\" rel=\"noopener\">ChatGPT<\/a>. Cr\u00e9\u00e9e il y a peu, <strong>l\u2019entreprise vaut aujourd\u2019hui 500 milliards de dollars<\/strong> et investit 1.000 milliards de dollars dans le mat\u00e9riel et les infrastructures.<\/p>\n<p class=\"article-p mdl\">Tous ces chiffres sont tellement \u00e9lev\u00e9s qu\u2019ils t\u00e9moignent bien de la bulle sp\u00e9culative ayant saisi le secteur de l\u2019IA, et qui explosera un jour. Reste que <strong>cette association va constituer un acteur majeur au plan mondial<\/strong>, avec \u00e9norm\u00e9ment de moyens pour fournir les services d\u2019IA qui vont r\u00e9volutionner notre travail et notre vie quotidienne.<\/p>\n<p>            Une r\u00e9volte r\u00e9v\u00e9latrice au Maroc<\/p>\n<p class=\"article-p mdl\">La deuxi\u00e8me information est survenue de l\u2019autre c\u00f4t\u00e9 de la M\u00e9diterran\u00e9e, au Maroc, o\u00f9 s\u2019est poursuivie\u00a0<a class=\"link\" href=\"https:\/\/www.rtl.fr\/actu\/international\/les-stades-sont-la-mais-ou-sont-les-hopitaux-comment-expliquer-l-embrasement-du-maroc-et-l-emergence-de-l-insaisissable-collectif-genz-212-7900548449\" title=\"&quot;Les stades sont l\u00e0, mais o\u00f9 sont les h\u00f4pitaux ?&quot; : comment expliquer l&#039;embrasement du Maroc et l&#039;\u00e9mergence de l&#039;insaisissable Collectif &quot;GenZ 212&quot;\" target=\"_blank\" rel=\"noopener\">la r\u00e9volte des jeunes<\/a>. R\u00e9volte qui s\u2019intitule elle-m\u00eame <strong>GenZ 212<\/strong>. La g\u00e9n\u00e9ration Z est celle qui est n\u00e9e au d\u00e9but des ann\u00e9es 2000, et 212, c\u2019est l\u2019indicatif t\u00e9l\u00e9phonique du Maroc.<\/p>\n<p class=\"article-p mdl\">Depuis plusieurs semaines, les jeunes en appellent \u00e0 am\u00e9liorer les services publics de sant\u00e9 et d\u2019\u00e9ducation, et \u00e0 ce qu\u2019on leur fasse une place dans la soci\u00e9t\u00e9. Des heurts violents ont eu lieu, avec plusieurs victimes, \u00e0 Agadir notamment. Cette r\u00e9volte est <strong>un signe important de l\u2019\u00e9volution du Maroc<\/strong>, apr\u00e8s une premi\u00e8re phase de d\u00e9collage \u00e9conomique \u2013 la croissance du pays est aujourd\u2019hui de 4%.<\/p>\n<p class=\"article-p mdl\">Tous les pays \u00e9mergents connaissent des crises identiques o\u00f9 les jeunes, bien mieux form\u00e9s que les g\u00e9n\u00e9rations pr\u00e9c\u00e9dentes, se r\u00e9voltent, car la soci\u00e9t\u00e9 change moins vite qu\u2019eux. On l\u2019a connu en Chine et en Cor\u00e9e du Sud, \u00e0 la fin des ann\u00e9es 1980, en Asie du sud-est dix ans plus tard, dans des pays qui sont aujourd\u2019hui m\u00fbrs au plan \u00e9conomique, comme le Maroc, l&rsquo;Indon\u00e9sie ou\u00a0<a class=\"link\" href=\"https:\/\/www.rtl.fr\/actu\/international\/nepal-parlement-brule-demission-du-premier-ministre-comment-la-jeunesse-a-renverse-le-pouvoir-7900540554\" title=\"N\u00e9pal : Parlement br\u00fbl\u00e9, d\u00e9mission du Premier ministre... Comment la jeunesse a renvers\u00e9 le pouvoir\" target=\"_blank\" rel=\"noopener\">le N\u00e9pal<\/a>. C\u2019est ce que nous disent ces jeunes manifestants : <strong>leur pays est en route pour devenir une puissance \u00e9conomique r\u00e9gionale<\/strong>.<\/p>\n<p>            Vers le retour de l&rsquo;or ?<\/p>\n<p class=\"article-p mdl\">La troisi\u00e8me, c\u2019est l\u2019inarr\u00eatable progression du cours de l\u2019or : pr\u00e8s de 2% sur la journ\u00e9e de lundi, pour approcher les 4.000 dollars l\u2019once. Le m\u00e9tal jaune a pris<strong> 34% depuis le d\u00e9but de l\u2019ann\u00e9e<\/strong>.<\/p>\n<p>Une hausse qui laisse pr\u00e9sager de changements profonds, aux plans g\u00e9opolitique et financier. Les investissements d\u2019hier, le dollar et les obligations du Tr\u00e9sor, n\u2019inspirent plus autant confiance. Faute de nouvelle r\u00e9f\u00e9rence, on se rabat sur <strong>la plus vieille valeur du monde capitaliste<\/strong>, en attendant le nouveau monde.<\/p>\n<p>    La r\u00e9daction vous recommande<\/p>\n<p class=\"s-newsletter__title\">\n                L\u2019actualit\u00e9 par la r\u00e9daction de RTL dans votre bo\u00eete mail.\n            <\/p>\n<p class=\"s-newsletter__subtitle\">\n                Gr\u00e2ce \u00e0 votre compte RTL abonnez-vous \u00e0 la newsletter RTL info pour suivre toute l&rsquo;actualit\u00e9 au quotidien\n            <\/p>\n<p>\n                                    Lire la suite\n                                <\/p>\n","protected":false},"excerpt":{"rendered":"La crise politique, derni\u00e8rement marqu\u00e9e par la vraie-fausse d\u00e9mission du gouvernement Lecornu, qui touche l\u2019Hexagone, semble paralyser le&hellip;\n","protected":false},"author":2,"featured_media":444462,"comment_status":"","ping_status":"","sticky":false,"template":"","format":"standard","meta":{"footnotes":""},"categories":[4],"tags":[11,33,11947,107,1011,27,223,14,2223,12,362,25],"class_list":{"0":"post-444461","1":"post","2":"type-post","3":"status-publish","4":"format-standard","5":"has-post-thumbnail","7":"category-france","8":"tag-actualites","9":"tag-economie","10":"tag-economie-francaise","11":"tag-fil-info","12":"tag-fr","13":"tag-france","14":"tag-intelligence-artificielle","15":"tag-international","16":"tag-maroc","17":"tag-news","18":"tag-replay","19":"tag-republique-francaise"},"share_on_mastodon":{"url":"https:\/\/pubeurope.com\/@fr\/115331385480933893","error":""},"_links":{"self":[{"href":"https:\/\/www.europesays.com\/fr\/wp-json\/wp\/v2\/posts\/444461","targetHints":{"allow":["GET"]}}],"collection":[{"href":"https:\/\/www.europesays.com\/fr\/wp-json\/wp\/v2\/posts"}],"about":[{"href":"https:\/\/www.europesays.com\/fr\/wp-json\/wp\/v2\/types\/post"}],"author":[{"embeddable":true,"href":"https:\/\/www.europesays.com\/fr\/wp-json\/wp\/v2\/users\/2"}],"replies":[{"embeddable":true,"href":"https:\/\/www.europesays.com\/fr\/wp-json\/wp\/v2\/comments?post=444461"}],"version-history":[{"count":0,"href":"https:\/\/www.europesays.com\/fr\/wp-json\/wp\/v2\/posts\/444461\/revisions"}],"wp:featuredmedia":[{"embeddable":true,"href":"https:\/\/www.europesays.com\/fr\/wp-json\/wp\/v2\/media\/444462"}],"wp:attachment":[{"href":"https:\/\/www.europesays.com\/fr\/wp-json\/wp\/v2\/media?parent=444461"}],"wp:term":[{"taxonomy":"category","embeddable":true,"href":"https:\/\/www.europesays.com\/fr\/wp-json\/wp\/v2\/categories?post=444461"},{"taxonomy":"post_tag","embeddable":true,"href":"https:\/\/www.europesays.com\/fr\/wp-json\/wp\/v2\/tags?post=444461"}],"curies":[{"name":"wp","href":"https:\/\/api.w.org\/{rel}","templated":true}]}}