{"id":444466,"date":"2025-10-07T06:15:20","date_gmt":"2025-10-07T06:15:20","guid":{"rendered":"https:\/\/www.europesays.com\/fr\/444466\/"},"modified":"2025-10-07T06:15:20","modified_gmt":"2025-10-07T06:15:20","slug":"calvaire-au-psg-la-famille-dune-star-balance-dans-la-presse","status":"publish","type":"post","link":"https:\/\/www.europesays.com\/fr\/444466\/","title":{"rendered":"Calvaire au PSG, la famille d\u2019une star balance dans la presse !"},"content":{"rendered":"<p>                    Benjamin Labrousse<br \/>\n                        &#8211;<\/p>\n<p>R\u00e9dacteur<\/p>\n<p>Malgr\u00e9 un double cursus Espagnol\/Communication, j\u2019ai d\u00e9cid\u00e9 de prendre en main mes r\u00eaves en me dirigeant vers le journalisme. Dipl\u00f4m\u00e9 d\u2019un master en journalisme de sport, je couvre l\u2019actualit\u00e9 sportive et footballistique avec toujours autant d\u2019admiration pour les p\u00e9riode de mercato, o\u00f9 un club se doit de faire des choix cruciaux pour la saison prochaine.<\/p>\n<p class=\"heading\">En 2022, le PSG d\u00e9cidait de signer Vitinha en provenance du FC Porto. Arriv\u00e9 dans la capitale fran\u00e7aise contre 40M\u20ac, le milieu de terrain a eu du mal \u00e0 s\u2019int\u00e9grer au sein d\u2019un effectif rempli de stars. Si d\u00e9sormais, le num\u00e9ro 17 fait d\u00e9sormais partie des meilleurs joueurs du monde, son entourage a confi\u00e9 dans la presse que ce dernier avait connu des moments compliqu\u00e9s.<\/p>\n<p>Une star absolue au <a href=\"https:\/\/le10sport.com\/football\/ligue1\/psg\/luis-enrique-le-cadeau-incroyable-du-psg-759776\" rel=\"nofollow noopener\" target=\"_blank\"><strong>PSG<\/strong><\/a>. Si lors de la c\u00e9r\u00e9monie du Ballon d\u2019Or, <strong>Ousmane Demb\u00e9l\u00e9<\/strong> a \u00e9t\u00e9 sacr\u00e9 et donc extr\u00eamement mis en avant lors des jours qui ont suivi ce titre, le club de la capitale a \u00e9galement brill\u00e9 avec la sixi\u00e8me place d\u2019<strong>Achraf Hakimi<\/strong> et surtout la troisi\u00e8me place de <strong>Vitinha<\/strong>.<\/p>\n<p>                                            Vitinha classe mondiale<\/p>\n<p>Devenu le v\u00e9ritable maestro du <strong>PSG<\/strong>, le Portugais se classe juste derri\u00e8re <strong>Lamine Yamal<\/strong>, et confirme avec ce classement au Ballon d\u2019Or son nouveau statut. Arriv\u00e9 sur la pointe des pieds \u00e0 Paris, le g\u00e9nial num\u00e9ro 17 fait d\u00e9sormais partie des meilleurs joueurs du monde. Pourtant, sa premi\u00e8re saison au <strong>PSG <\/strong>aura \u00e9t\u00e9 compliqu\u00e9e. Parmi les stars comme <strong>Lionel Messi<\/strong>, <strong>Neymar<\/strong>, ou encore <strong>Kylian Mbapp\u00e9<\/strong>, <strong>Vitinha <\/strong>a eu du mal \u00e0 se faire sa place.<\/p>\n<p>                                            \u00ab \u00c7a a \u00e9t\u00e9 dur pour lui \u00e0 son arriv\u00e9e au PSG\u00a0\u00bb<\/p>\n<p>Aupr\u00e8s du Parisien, un proche de <strong>Vitinha <\/strong>a d\u2019ailleurs t\u00e9moign\u00e9 sur cette p\u00e9riode compliqu\u00e9e\u00a0: \u00ab \u00c7a a \u00e9t\u00e9 dur pour lui \u00e0 son arriv\u00e9e au PSG car il n\u2019\u00e9tait pas encore un joueur affirm\u00e9, glisse un proche. Mais ce qui ne le tue pas le fait grandir\u00a0\u00bb, glisse-t-on dans son entourage.<\/p>\n","protected":false},"excerpt":{"rendered":"Benjamin Labrousse &#8211; R\u00e9dacteur Malgr\u00e9 un double cursus Espagnol\/Communication, j\u2019ai d\u00e9cid\u00e9 de prendre en main mes r\u00eaves en&hellip;\n","protected":false},"author":2,"featured_media":444467,"comment_status":"","ping_status":"","sticky":false,"template":"","format":"standard","meta":{"footnotes":""},"categories":[1410],"tags":[63,1011,27,60],"class_list":{"0":"post-444466","1":"post","2":"type-post","3":"status-publish","4":"format-standard","5":"has-post-thumbnail","7":"category-football","8":"tag-football","9":"tag-fr","10":"tag-france","11":"tag-sports"},"share_on_mastodon":{"url":"https:\/\/pubeurope.com\/@fr\/115331421202480828","error":""},"_links":{"self":[{"href":"https:\/\/www.europesays.com\/fr\/wp-json\/wp\/v2\/posts\/444466","targetHints":{"allow":["GET"]}}],"collection":[{"href":"https:\/\/www.europesays.com\/fr\/wp-json\/wp\/v2\/posts"}],"about":[{"href":"https:\/\/www.europesays.com\/fr\/wp-json\/wp\/v2\/types\/post"}],"author":[{"embeddable":true,"href":"https:\/\/www.europesays.com\/fr\/wp-json\/wp\/v2\/users\/2"}],"replies":[{"embeddable":true,"href":"https:\/\/www.europesays.com\/fr\/wp-json\/wp\/v2\/comments?post=444466"}],"version-history":[{"count":0,"href":"https:\/\/www.europesays.com\/fr\/wp-json\/wp\/v2\/posts\/444466\/revisions"}],"wp:featuredmedia":[{"embeddable":true,"href":"https:\/\/www.europesays.com\/fr\/wp-json\/wp\/v2\/media\/444467"}],"wp:attachment":[{"href":"https:\/\/www.europesays.com\/fr\/wp-json\/wp\/v2\/media?parent=444466"}],"wp:term":[{"taxonomy":"category","embeddable":true,"href":"https:\/\/www.europesays.com\/fr\/wp-json\/wp\/v2\/categories?post=444466"},{"taxonomy":"post_tag","embeddable":true,"href":"https:\/\/www.europesays.com\/fr\/wp-json\/wp\/v2\/tags?post=444466"}],"curies":[{"name":"wp","href":"https:\/\/api.w.org\/{rel}","templated":true}]}}