{"id":444481,"date":"2025-10-07T06:27:16","date_gmt":"2025-10-07T06:27:16","guid":{"rendered":"https:\/\/www.europesays.com\/fr\/444481\/"},"modified":"2025-10-07T06:27:16","modified_gmt":"2025-10-07T06:27:16","slug":"en-direct-moyen-orient-en-egypte-la-premiere-serie-de-pourparlers-sur-gaza-sest-achevee-dans-une-atmosphere-positive","status":"publish","type":"post","link":"https:\/\/www.europesays.com\/fr\/444481\/","title":{"rendered":"En direct, Moyen-Orient \u2013 En Egypte, la premi\u00e8re s\u00e9rie de pourparlers sur Gaza s\u2019est achev\u00e9e dans une \u00abatmosph\u00e8re positive\u00bb"},"content":{"rendered":"<p>        07:29<\/p>\n<p>      L\u2019arm\u00e9e isra\u00e9lienne affirme avoir rep\u00e9r\u00e9 le tir d\u2019un projectile depuis le nord de la bande de Gaza<\/p>\n<p>              <a tabindex=\"-1\" title=\"Le Temps avec l\u2019AFP\" href=\"https:\/\/www.letemps.ch\/profil\/le-temps-avec-l-afp\" rel=\"nofollow noopener\" target=\"_blank\"><\/p>\n<p>                    <img decoding=\"async\" src=\"https:\/\/www.europesays.com\/fr\/wp-content\/uploads\/2025\/04\/1744691829_537_small.jpeg\" class=\"lazy\" alt=\"\"\/><\/p>\n<p><\/a>        <\/p>\n<p>L\u2019arm\u00e9e isra\u00e9lienne a dit avoir d\u00e9tect\u00e9 un projectile tir\u00e9 depuis le nord de la bande de Gaza mardi matin. \u00abA la suite des sir\u00e8nes d\u2019alarme qui ont retenti il y a peu \u00e0 Netiv HaAsara (dans le sud d\u2019Isra\u00ebl, pr\u00e8s de la fronti\u00e8re avec la bande de Gaza, ndlr), un projectile tir\u00e9 depuis le nord de la bande de Gaza vers le territoire isra\u00e9lien a \u00e9t\u00e9 d\u00e9tect\u00e9. Il est probable qu\u2019il soit tomb\u00e9 dans la zone\u00bb, a indiqu\u00e9 l\u2019arm\u00e9e dans un communiqu\u00e9. \u00abAucune victime n\u2019a \u00e9t\u00e9 signal\u00e9e pour le moment\u00bb, a-t-elle ajout\u00e9.<\/p>\n<p>        05:53<\/p>\n<p>      Une minute de silence des familles des victimes du 7-Octobre sur le site du festival Nova, en Isra\u00ebl<\/p>\n<p>              <a tabindex=\"-1\" title=\"Le Temps avec l\u2019AFP\" href=\"https:\/\/www.letemps.ch\/profil\/le-temps-avec-l-afp\" rel=\"nofollow noopener\" target=\"_blank\"><\/p>\n<p>                    <img decoding=\"async\" src=\"https:\/\/www.europesays.com\/fr\/wp-content\/uploads\/2025\/04\/1744691829_537_small.jpeg\" class=\"lazy\" alt=\"\"\/><\/p>\n<p><\/a>        <\/p>\n<p>  <a class=\"glightbox\" href=\"https:\/\/www.letemps.ch\/placeholder.png\" data-type=\"image\" data-description=\"\u00a9 AP Photo\/Ariel Schalit\" data- rel=\"nofollow noopener\" target=\"_blank\"><\/p>\n<p>      <img decoding=\"async\" class=\"lazy\" title=\"\u00a9 AP Photo\/Ariel Schalit\" alt=\"\u00a9 AP Photo\/Ariel Schalit\" src=\"https:\/\/www.europesays.com\/fr\/wp-content\/uploads\/2025\/10\/1759818434_641_medium.jpeg\"\/><\/p>\n<p>  <\/a><br \/>\n  \u00a9 AP Photo\/Ariel Schalit<\/p>\n<p>        04:10<\/p>\n<p>      Keir Starmer comm\u00e9more le \u00abcauchemar\u00bb deux ans apr\u00e8s l&rsquo;attaque du Hamas contre Isra\u00ebl<\/p>\n<p>              <a tabindex=\"-1\" title=\"Le Temps avec l\u2019AFP\" href=\"https:\/\/www.letemps.ch\/profil\/le-temps-avec-l-afp\" rel=\"nofollow noopener\" target=\"_blank\"><\/p>\n<p>                    <img decoding=\"async\" src=\"https:\/\/www.europesays.com\/fr\/wp-content\/uploads\/2025\/04\/1744691829_537_small.jpeg\" class=\"lazy\" alt=\"\"\/><\/p>\n<p><\/a>        <\/p>\n<p>Le premier ministre britannique Keir Starmer a estim\u00e9 mardi que les deux ann\u00e9es \u00e9coul\u00e9es depuis l&rsquo;attaque du Hamas contre Isra\u00ebl le 7 octobre 2023, qui a d\u00e9clench\u00e9 la guerre \u00e0 Gaza, avaient \u00e9t\u00e9 pour beaucoup un \u00abcauchemar\u00bb, une p\u00e9riode marqu\u00e9e aussi par une \u00abmont\u00e9e de l&rsquo;antis\u00e9mitisme\u00bb.<\/p>\n<blockquote>\n<p>Nous comm\u00e9morons les deux ans des horribles attaques du Hamas contre Isra\u00ebl le 7 octobre 2023. La pire attaque contre le peuple juif depuis l&rsquo;Holocauste. Depuis ce jour terrible, tant de personnes ont v\u00e9cu un v\u00e9ritable cauchemar.<\/p>\n<\/blockquote>\n<p>\u00abLes communaut\u00e9s juives ont \u00e9galement subi une mont\u00e9e de l&rsquo;antis\u00e9mitisme dans nos rues\u00bb, notamment une attaque \u00e0 la voiture b\u00e9lier et au couteau jeudi \u00e0 Manchester, survenue le jour de Yom Kippour, jour le plus saint du calendrier juif. \u00abCela entache notre identit\u00e9 et ce pays restera toujours uni et debout face \u00e0 ceux qui s\u00e8ment le mal et la haine contre les communaut\u00e9s juives\u00bb, a ajout\u00e9 le dirigeant britannique, promettant de poursuivre les efforts pour rapatrier les otages britanniques d\u00e9tenus par le Hamas \u00e0 Gaza et saluant le plan de paix am\u00e9ricain.<\/p>\n<p>        03:33<\/p>\n<p>      La premi\u00e8re s\u00e9rie de pourparlers entre Hamas et m\u00e9diateurs s\u2019est achev\u00e9e dans une \u00abatmosph\u00e8re positive\u00bb<\/p>\n<p>              <a tabindex=\"-1\" title=\"Le Temps avec l\u2019AFP\" href=\"https:\/\/www.letemps.ch\/profil\/le-temps-avec-l-afp\" rel=\"nofollow noopener\" target=\"_blank\"><\/p>\n<p>                    <img decoding=\"async\" src=\"https:\/\/www.europesays.com\/fr\/wp-content\/uploads\/2025\/04\/1744691829_537_small.jpeg\" class=\"lazy\" alt=\"\"\/><\/p>\n<p><\/a>        <\/p>\n<p>La premi\u00e8re s\u00e9rie de pourparlers entre le Hamas et les m\u00e9diateurs s\u2019est achev\u00e9e dans une \u00abatmosph\u00e8re positive\u00bb, a rapport\u00e9 un m\u00e9dia \u00e9tatique \u00e9gyptien mardi matin.<\/p>\n<p>Selon Al-Qahera News, une cha\u00eene de t\u00e9l\u00e9vision li\u00e9e aux services de renseignements \u00e9gyptiens, les pourparlers devaient se poursuivre mardi, toujours entre le Hamas et les m\u00e9diateurs \u00e0 Charm el-Cheikh, o\u00f9 une d\u00e9l\u00e9gation isra\u00e9lienne est arriv\u00e9e lundi.<\/p>\n<p>Ces pourparlers sont bas\u00e9s sur le plan en 20 points propos\u00e9 par le pr\u00e9sident am\u00e9ricain Donald Trump pour mettre fin aux combats et lib\u00e9rer les otages isra\u00e9liens retenus dans la bande de Gaza en \u00e9change de Palestiniens d\u00e9tenus dans les prisons isra\u00e9liennes.<\/p>\n<p>        06 octobre \u00e0 23:36<\/p>\n<p>      Donald Trump assure que le Hamas \u00aba accept\u00e9 certaines choses tr\u00e8s importantes\u00bb<\/p>\n<p>              <a tabindex=\"-1\" title=\"Le Temps avec l\u2019AFP\" href=\"https:\/\/www.letemps.ch\/profil\/le-temps-avec-l-afp\" rel=\"nofollow noopener\" target=\"_blank\"><\/p>\n<p>                    <img decoding=\"async\" src=\"https:\/\/www.europesays.com\/fr\/wp-content\/uploads\/2025\/04\/1744691829_537_small.jpeg\" class=\"lazy\" alt=\"\"\/><\/p>\n<p><\/a>        <\/p>\n<p>Donald Trump a assur\u00e9 lundi que le Hamas \u00abavait accept\u00e9 certaines choses tr\u00e8s importantes\u00bb alors que des n\u00e9gociations indirectes pour mettre fin \u00e0 deux ans de guerre \u00e0 Gaza se tiennent en Egypte.<\/p>\n<p>\u00abJe crois que cela se passe tr\u00e8s bien et je crois que le Hamas a accept\u00e9 des choses tr\u00e8s importantes\u00bb, a dit le pr\u00e9sident am\u00e9ricain pendant un \u00e9change avec la presse dans le Bureau ovale.<\/p>\n<p>        06 octobre \u00e0 23:26<\/p>\n<p>      Les militants suisses de la flottille encore d\u00e9tenus par Isra\u00ebl devraient \u00eatre lib\u00e9r\u00e9s ce mardi<\/p>\n<p>              <a tabindex=\"-1\" title=\"Le Temps\" href=\"https:\/\/www.letemps.ch\/profil\/le-temps\" rel=\"nofollow noopener\" target=\"_blank\"><\/p>\n<p>                    <img decoding=\"async\" src=\"https:\/\/www.europesays.com\/fr\/wp-content\/uploads\/2025\/04\/1744691829_934_small.jpeg\" class=\"lazy\" alt=\"\"\/><\/p>\n<p><\/a>        <\/p>\n<p>Selon les informations du\u00a0Temps, les militants suisses de la flottille humanitaire pour Gaza encore d\u00e9tenus par Isra\u00ebl devraient \u00eatre lib\u00e9r\u00e9s ce mardi et arriver \u00e0 Gen\u00e8ve mercredi.<\/p>\n<p>        06 octobre \u00e0 18:30<\/p>\n<p>      Des familles d\u2019otages isra\u00e9liens appellent \u00e0 d\u00e9cerner le Nobel de la paix \u00e0 Donald Trump<\/p>\n<p>              <a tabindex=\"-1\" title=\"Le Temps avec l\u2019AFP\" href=\"https:\/\/www.letemps.ch\/profil\/le-temps-avec-l-afp\" rel=\"nofollow noopener\" target=\"_blank\"><\/p>\n<p>                    <img decoding=\"async\" src=\"https:\/\/www.europesays.com\/fr\/wp-content\/uploads\/2025\/04\/1744691829_537_small.jpeg\" class=\"lazy\" alt=\"\"\/><\/p>\n<p><\/a>        <\/p>\n<p>Le Forum des familles, la principale organisation de proches d\u2019otages en Isra\u00ebl, appelle \u00e0 la remise du prix Nobel de la paix au pr\u00e9sident am\u00e9ricain Donald Trump, pour sa \u00abd\u00e9termination \u00e0 instaurer la paix\u00bb dans la r\u00e9gion. Le Nobel de la paix sera d\u00e9cern\u00e9 le 10\u00a0octobre.<\/p>\n<p>Dans une lettre envoy\u00e9e au comit\u00e9 Nobel norv\u00e9gien, le Forum des familles d\u2019otages d\u00e9tenus \u00e0 Gaza affirme que Donald Trump a rendu \u00abpossible ce que beaucoup disaient impossible.\u00bb \u00abNous vous exhortons vivement \u00e0 attribuer le prix Nobel de la paix au pr\u00e9sident Trump, car il a jur\u00e9 qu\u2019il ne se reposerait pas et ne s\u2019arr\u00eaterait pas tant que le dernier otage ne serait pas rentr\u00e9 chez lui\u00bb, \u00e9crit le Forum dans un communiqu\u00e9.<\/p>\n<p>        06 octobre \u00e0 17:52<\/p>\n<p>      161 militants expuls\u00e9s par Isra\u00ebl ont atteri \u00e0 Ath\u00e8nes<\/p>\n<p>              <a tabindex=\"-1\" title=\"Le Temps avec l\u2019AFP\" href=\"https:\/\/www.letemps.ch\/profil\/le-temps-avec-l-afp\" rel=\"nofollow noopener\" target=\"_blank\"><\/p>\n<p>                    <img decoding=\"async\" src=\"https:\/\/www.europesays.com\/fr\/wp-content\/uploads\/2025\/04\/1744691829_537_small.jpeg\" class=\"lazy\" alt=\"\"\/><\/p>\n<p><\/a>        <\/p>\n<p>Le minist\u00e8re grec des Affaires \u00e9trang\u00e8res a annonc\u00e9 que 161 des 171 militants suppl\u00e9mentaires de la flottille pour Gaza expuls\u00e9s par Isra\u00ebl avaient atterri lundi apr\u00e8s-midi \u00e0 l\u2019a\u00e9roport international d\u2019Ath\u00e8nes. Un \u00abvol sp\u00e9cial de rapatriement\u00bb a atterri \u00e0 Ath\u00e8nes avec \u00e0 son bord \u00ables 27 citoyens grecs ayant pris part \u00e0 la flottille \u00abGlobal Sumud Flotilla\u00bb\u00bb, et 134 \u00abressortissants provenant de 15 pays europ\u00e9ens\u00bb, a indiqu\u00e9 le minist\u00e8re grec dans un bref communiqu\u00e9.<\/p>\n<p>A l\u2019a\u00e9roport international d\u2019Ath\u00e8nes, des militants ont d\u00e9ploy\u00e9 un immense drapeau de la Palestine dans le hall des arriv\u00e9es et scandaient \u00ablibert\u00e9 pour la Palestine\u00bb et \u00abViva viva la flotilla!\u00bb, a constat\u00e9 l\u2019AFP. Ath\u00e8nes n\u2019a pas d\u00e9taill\u00e9 les nationalit\u00e9s concern\u00e9es, mais selon l\u2019antenne su\u00e9doise du Global movement for Gaza, les ressortissants su\u00e9dois expuls\u00e9s se trouvent \u00e0 bord de ce vol.<\/p>\n<p>        06 octobre \u00e0 17:15<\/p>\n<p>      L\u2019\u00e9quipe cycliste Israel Premier Tech va changer de nom<\/p>\n<p>              <a tabindex=\"-1\" title=\"Le Temps avec l\u2019AFP\" href=\"https:\/\/www.letemps.ch\/profil\/le-temps-avec-l-afp\" rel=\"nofollow noopener\" target=\"_blank\"><\/p>\n<p>                    <img decoding=\"async\" src=\"https:\/\/www.europesays.com\/fr\/wp-content\/uploads\/2025\/04\/1744691829_537_small.jpeg\" class=\"lazy\" alt=\"\"\/><\/p>\n<p><\/a>        <\/p>\n<p>L\u2019\u00e9quipe cycliste Israel Premier Tech, dont la pr\u00e9sence dans le peloton est fortement contest\u00e9e par des militants propalestiniens, annonce ce lundi dans un communiqu\u00e9 qu\u2019elle va changer de nom, \u00abs\u2019\u00e9cartant de son identit\u00e9 isra\u00e9lienne actuelle\u00bb. \u00abAvec un engagement ind\u00e9fectible \u00e0 l\u2019\u00e9gard de nos coureurs, de notre personnel et de nos pr\u00e9cieux partenaires, la d\u00e9cision a \u00e9t\u00e9 prise de renommer l\u2019\u00e9quipe, s\u2019\u00e9cartant ainsi de son identit\u00e9 isra\u00e9lienne actuelle\u00bb, annonce la formation, ajoutant que son propri\u00e9taire, le milliardaire isra\u00e9lo-canadien Sylvan Adams, va prendre du recul la saison prochaine et \u00abne parlera plus au nom de l\u2019\u00e9quipe\u00bb.<\/p>\n<p>        06 octobre \u00e0 17:14<\/p>\n<p>      Bruxelles veut jouer un r\u00f4le dans la transition \u00e0 Gaza<\/p>\n<p>              <a tabindex=\"-1\" title=\"Le Temps avec l\u2019AFP\" href=\"https:\/\/www.letemps.ch\/profil\/le-temps-avec-l-afp\" rel=\"nofollow noopener\" target=\"_blank\"><\/p>\n<p>                    <img decoding=\"async\" src=\"https:\/\/www.europesays.com\/fr\/wp-content\/uploads\/2025\/04\/1744691829_537_small.jpeg\" class=\"lazy\" alt=\"\"\/><\/p>\n<p><\/a>        <\/p>\n<p>L\u2019Union europ\u00e9enne veut jouer un r\u00f4le dans le plan de paix de Donald Trump et faire partie du nouvel organe international de transition pr\u00e9vu pour Gaza, selon la cheffe de la diplomatie europ\u00e9enne, Kaja Kallas, en visite ce lundi au Kowe\u00eft. \u00abNous estimons que l\u2019Europe a un r\u00f4le important et que nous devrions \u00e9galement faire partie de \u00e7a\u00bb, a-t-elle d\u00e9clar\u00e9 en r\u00e9ponse \u00e0 la question d\u2019un journaliste sur une \u00e9ventuelle participation de l\u2019UE \u00e0 cet organe, baptis\u00e9 \u00abComit\u00e9 de la paix\u00bb dans le plan du pr\u00e9sident am\u00e9ricain.<\/p>\n<p>L\u2019UE est le principal bailleur de fonds de l\u2019aide humanitaire aux Palestiniens et entretient des relations avec l\u2019Autorit\u00e9 palestinienne ainsi qu\u2019avec Isra\u00ebl, a soulign\u00e9 Kaja Kallas. \u00abJe pense donc que l\u2019Europe ne devrait pas seulement \u00eatre un payeur, mais \u00e9galement un acteur\u00bb, a-t-elle ajout\u00e9 lors d\u2019une rencontre avec les m\u00e9dias en marge d\u2019une r\u00e9union minist\u00e9rielle au Kowe\u00eft entre les pays du Golfe et l\u2019UE. \u00abNous avons travaill\u00e9 sur le plan de paix [\u2026] et nous travaillons avec nos partenaires arabes. Ils comprennent qu\u2019il est dans l\u2019int\u00e9r\u00eat de tous que nous soyons l\u00e0\u00bb, a-t-elle poursuivi. \u00abEsp\u00e9rons que les Isra\u00e9liens seront \u00e9galement d\u2019accord avec cela\u00bb.<\/p>\n<p>        06 octobre \u00e0 17:12<\/p>\n<p>      Les n\u00e9gociations ont commenc\u00e9 \u00e0 Charm El-Cheikh<\/p>\n<p>              <a tabindex=\"-1\" title=\"Le Temps avec l\u2019AFP\" href=\"https:\/\/www.letemps.ch\/profil\/le-temps-avec-l-afp\" rel=\"nofollow noopener\" target=\"_blank\"><\/p>\n<p>                    <img decoding=\"async\" src=\"https:\/\/www.europesays.com\/fr\/wp-content\/uploads\/2025\/04\/1744691829_537_small.jpeg\" class=\"lazy\" alt=\"\"\/><\/p>\n<p><\/a>        <\/p>\n<p>Les n\u00e9gociations indirectes entre les d\u00e9l\u00e9gations du Hamas et d\u2019Isra\u00ebl venues en Egypte pour discuter d\u2019un cessez-le-feu \u00e0 Gaza ont commenc\u00e9 \u00e0 Charm El-Cheikh avec des discussions sur l\u2019\u00e9change d\u2019otages et de prisonniers palestiniens, a annonc\u00e9 lundi Al-Qahera News, une t\u00e9l\u00e9vision li\u00e9e \u00e0 l\u2019Etat \u00e9gyptien. Les m\u00e9diateurs \u00e9gyptiens et qataris \u00abtravaillent avec les deux parties pour \u00e9tablir un m\u00e9canisme\u00bb pour la lib\u00e9ration de tous les otages en \u00e9change des prisonniers, selon la m\u00eame source.<\/p>\n<p>        06 octobre \u00e0 16:58<\/p>\n<p>      Une manifestation a bloqu\u00e9 les trains \u00e0 Neuch\u00e2tel dimanche apr\u00e8s-midi<\/p>\n<p>              <a tabindex=\"-1\" title=\"Le Temps avec l\u2019ATS\" href=\"https:\/\/www.letemps.ch\/profil\/le-temps-avec-l-ats\" rel=\"nofollow noopener\" target=\"_blank\"><\/p>\n<p>                    <img decoding=\"async\" src=\"https:\/\/www.europesays.com\/fr\/wp-content\/uploads\/2025\/04\/1744691829_537_small.jpeg\" class=\"lazy\" alt=\"\"\/><\/p>\n<p><\/a>        <\/p>\n<p>Dimanche apr\u00e8s-midi \u00e0 Neuch\u00e2tel, une manifestation non autoris\u00e9e en soutien \u00e0 la Palestine a provoqu\u00e9 l\u2019interruption du trafic ferroviaire pendant pr\u00e8s d\u2019une heure \u00e0 la gare. Elle a \u00e9galement provoqu\u00e9 d\u2019importantes perturbations de la circulation routi\u00e8re. Plusieurs personnes feront l\u2019objet de d\u00e9nonciations aupr\u00e8s du Minist\u00e8re public.<\/p>\n<p>Plusieurs dizaines de personnes se sont regroup\u00e9es devant la fontaine de la Justice au centre-ville de Neuch\u00e2tel avant de d\u00e9filer sans autorisation. Le cort\u00e8ge s\u2019est ensuite dirig\u00e9 vers la gare, o\u00f9 les participants ont occup\u00e9 les voies CFF, indique ce lundi apr\u00e8s-midi la police neuch\u00e2teloise. Pour des raisons de s\u00e9curit\u00e9, le trafic ferroviaire a d\u00fb \u00eatre interrompu pendant pr\u00e8s d\u2019une heure.<\/p>\n<p>Alors que la police se pr\u00e9parait \u00e0 intervenir pour lib\u00e9rer les quais et les voies, les manifestants ont quitt\u00e9 la gare pour se rendre \u00e0 la Facult\u00e9 des lettres. Apr\u00e8s quelques discours, ils ont mis un terme \u00e0 leur action.<\/p>\n<p>        06 octobre \u00e0 16:31<\/p>\n<p>      Les d\u00e9l\u00e9gations d&rsquo;Isra\u00ebl et du Hamas sont Charm El-Cheikh<\/p>\n<p>              <a tabindex=\"-1\" title=\"Le Temps avec l\u2019AFP\" href=\"https:\/\/www.letemps.ch\/profil\/le-temps-avec-l-afp\" rel=\"nofollow noopener\" target=\"_blank\"><\/p>\n<p>                    <img decoding=\"async\" src=\"https:\/\/www.europesays.com\/fr\/wp-content\/uploads\/2025\/04\/1744691829_537_small.jpeg\" class=\"lazy\" alt=\"\"\/><\/p>\n<p><\/a>        <\/p>\n<p>Les d\u00e9l\u00e9gations du Hamas et d&rsquo;Isra\u00ebl sont arriv\u00e9es \u00e0 Charm El-Cheikh pour des n\u00e9gociations sur le plan du pr\u00e9sident am\u00e9ricain Donald Trump sur un cessez-le-feu \u00e0 Gaza et la lib\u00e9ration des otages. Un responsable \u00e9gyptien l&rsquo;a indiqu\u00e9 \u00e0 l&rsquo;a\u00e9roport de cette ville baln\u00e9aire du Sina\u00ef.<\/p>\n<p>Alors que les bombardements isra\u00e9liens se poursuivent ce lundi sur la bande de Gaza, les autorit\u00e9s \u00e9gyptiennes restent tr\u00e8s discr\u00e8tes sur l&rsquo;organisation de ces n\u00e9gociations auxquelles doivent participer des \u00e9missaires am\u00e9ricains charg\u00e9s de mettre en oeuvre le plan pr\u00e9sent\u00e9 le 29 septembre.<\/p>\n<p>        06 octobre \u00e0 15:04<\/p>\n<p>      Deux Suisses de la flottille Soumoud sont expuls\u00e9s d&rsquo;Isra\u00ebl ce lundi <\/p>\n<p>              <a tabindex=\"-1\" title=\"Le Temps\" href=\"https:\/\/www.letemps.ch\/profil\/le-temps\" rel=\"nofollow noopener\" target=\"_blank\"><\/p>\n<p>                    <img decoding=\"async\" src=\"https:\/\/www.europesays.com\/fr\/wp-content\/uploads\/2025\/04\/1744691829_934_small.jpeg\" class=\"lazy\" alt=\"\"\/><\/p>\n<p><\/a>        <\/p>\n<p>Selon nos informations, deux membres de la flottille Soumoud ont \u00e9t\u00e9 expuls\u00e9s d\u2019Isra\u00ebl ce lundi. Ils transiteront par la Jordanie, mais la suite de leur itin\u00e9raire reste incertaine. Les deux hommes sont de nationalit\u00e9 turco-suisse.<\/p>\n<p>        06 octobre \u00e0 14:43<\/p>\n<p>      Isra\u00ebl annonce l\u2019expulsion de 171 militants suppl\u00e9mentaires, dont Greta Thunberg et des ressortissants suisses<\/p>\n<p>              <a tabindex=\"-1\" title=\"Le Temps avec l\u2019AFP\" href=\"https:\/\/www.letemps.ch\/profil\/le-temps-avec-l-afp\" rel=\"nofollow noopener\" target=\"_blank\"><\/p>\n<p>                    <img decoding=\"async\" src=\"https:\/\/www.europesays.com\/fr\/wp-content\/uploads\/2025\/04\/1744691829_537_small.jpeg\" class=\"lazy\" alt=\"\"\/><\/p>\n<p><\/a>        <\/p>\n<p>Isra\u00ebl a annonc\u00e9 lundi avoir expuls\u00e9 171 militants suppl\u00e9mentaires de la Flottille pour Gaza, dont la Su\u00e9doise Greta Thunberg. \u00ab171 provocateurs suppl\u00e9mentaires de la flottille [\u2026], dont Greta Thunberg, ont \u00e9t\u00e9 expuls\u00e9s aujourd\u2019hui d\u2019Isra\u00ebl vers la Gr\u00e8ce et la Slovaquie\u00bb, <a href=\"https:\/\/x.com\/IsraelMFA\/status\/1975171094991503716\" rel=\"nofollow noopener\" target=\"_blank\">\u00e9crit le Minist\u00e8re des isra\u00e9lien des affaires \u00e9trang\u00e8res sur X<\/a>, en diffusant des photos de Greta Thunberg et de deux autres femmes \u00e0 l\u2019a\u00e9roport international Ben Gourion pr\u00e8s de Tel-Aviv, v\u00eatues du surv\u00eatement gris en usage dans les prisons isra\u00e9liennes. Deux Suisses figurent \u00e9galement sur la liste des expuls\u00e9s ce lundi.<\/p>\n<p>        06 octobre \u00e0 13:39<\/p>\n<p>      Le CICR se dit pr\u00eat \u00e0 aider pour r\u00e9unir les familles et acheminer de l\u2019aide humanitaire <\/p>\n<p>              <a tabindex=\"-1\" title=\"Le Temps avec l\u2019AFP\" href=\"https:\/\/www.letemps.ch\/profil\/le-temps-avec-l-afp\" rel=\"nofollow noopener\" target=\"_blank\"><\/p>\n<p>                    <img decoding=\"async\" src=\"https:\/\/www.europesays.com\/fr\/wp-content\/uploads\/2025\/04\/1744691829_537_small.jpeg\" class=\"lazy\" alt=\"\"\/><\/p>\n<p><\/a>        <\/p>\n<p>Le Comit\u00e9 international de la Croix-Rouge (CICR) se dit pr\u00eat \u00e0 aider pour r\u00e9unir les familles et acheminer de l\u2019assistance humanitaire dans la bande de Gaza. \u00abUn cessez-le-feu est indispensable\u00bb, a affirm\u00e9 lundi la pr\u00e9sidente Mirjana Spoljaric \u00e0 Gen\u00e8ve.<\/p>\n<p>Comme il l\u2019a fait \u00e0 plusieurs reprises ces deux derni\u00e8res ann\u00e9es, le CICR peut oeuvrer comme interm\u00e9diaire neutre pour \u00abaider \u00e0 ramener les otages et les d\u00e9tenus\u00bb aupr\u00e8s de leurs proches, insiste-t-elle. \u00abNous sommes \u00e9galement pr\u00eats \u00e0 transporter des secours \u00e0 Gaza et \u00e0 les distribuer en toute s\u00e9curit\u00e9 \u00e0 la population civile\u00bb, affirme-t-elle.<\/p>\n<p>Dans le cadre du plan du pr\u00e9sident am\u00e9ricain Donald Trump, le Hamas devrait lib\u00e9rer les dizaines d\u2019otages qu\u2019il retient encore. Isra\u00ebl rel\u00e2cherait en \u00e9change des centaines de d\u00e9tenus palestiniens.<\/p>\n<p>Le CICR demande que l\u2019assistance humanitaire puisse \u00eatre achemin\u00e9e \u00ab\u00e0 pleine capacit\u00e9\u00bb, alors que de nombreux chargements attendent toujours c\u00f4t\u00e9 isra\u00e9lien en raison des restrictions impos\u00e9es par l\u2019Etat h\u00e9breu.<\/p>\n<p>        06 octobre \u00e0 10:02<\/p>\n<p>      Qui est Khalil al-Hayya, le n\u00e9gociateur en chef du Hamas en Egypte? <\/p>\n<p>              <a tabindex=\"-1\" title=\"Le Temps\" href=\"https:\/\/www.letemps.ch\/profil\/le-temps\" rel=\"nofollow noopener\" target=\"_blank\"><\/p>\n<p>                    <img decoding=\"async\" src=\"https:\/\/www.europesays.com\/fr\/wp-content\/uploads\/2025\/04\/1744691829_934_small.jpeg\" class=\"lazy\" alt=\"\"\/><\/p>\n<p><\/a>        <\/p>\n<p><strong>Contexte:<\/strong> Ce lundi, s\u2019ouvrent \u00e0 Charm el-Cheikh en Egypte, des discussions indirectes sur un cessez-le-feu \u00e0 Gaza et la lib\u00e9ration des otages. Du c\u00f4t\u00e9 du Hamas, c\u2019est Khalil al-Hayya qui est \u00e0 la man\u0153uvre accompagn\u00e9 par une d\u00e9l\u00e9gation.<\/p>\n<p>N\u00e9 le 5\u00a0novembre 1960 \u00e0 Gaza, Khalil al-Hayya est un haut responsable du Hamas. Il a \u00e9t\u00e9 \u00e9lu au Conseil l\u00e9gislatif palestinien le 25\u00a0janvier 2006 en tant que repr\u00e9sentant de la ville de Gaza. Un an apr\u00e8s cette \u00e9lection ont eu lieu des affrontements arm\u00e9s avec le mouvement Fatah du pr\u00e9sident palestinien Mahmoud Abbas.<\/p>\n<p>Fervent partisan de la lutte arm\u00e9e, il a perdu plusieurs membres de sa famille lors d\u2019op\u00e9rations militaires isra\u00e9liennes, notamment en 2007, lorsque sa maison, situ\u00e9e dans le nord de la bande de Gaza, a \u00e9t\u00e9 d\u00e9truite. Il \u00e9tait le chef du bureau du Hamas \u00e0 Gaza.<br \/>Il vit d\u00e9sormais \u00e0 Doha au Qatar, comme de nombreux autres hauts responsables politiques du Hamas. Ce qui permet aux Qataris d\u2019avoir acc\u00e8s aux n\u00e9gociateurs du Hamas et d\u2019exercer une certaine influence sur eux, rappelle le <a href=\"https:\/\/www.nytimes.com\/2025\/10\/03\/us\/politics\/trump-israel-qatar-gaza.html\" rel=\"nofollow noopener\" target=\"_blank\">New York Times<\/a>.<\/p>\n<p>  <a class=\"glightbox\" href=\"https:\/\/www.letemps.ch\/placeholder.png\" data-type=\"image\" data-description=\"\u00a9 Khalil Hamra \/ AP\" data- rel=\"nofollow noopener\" target=\"_blank\"><\/p>\n<p>      <img decoding=\"async\" class=\"lazy\" title=\"\u00a9 Khalil Hamra \/ AP\" alt=\"\u00a9 Khalil Hamra \/ AP\" src=\"https:\/\/www.europesays.com\/fr\/wp-content\/uploads\/2025\/10\/1759818436_542_medium.jpeg\"\/><\/p>\n<p>  <\/a><br \/>\n  \u00a9 Khalil Hamra \/ AP<\/p>\n<p>Khalil al-Hayya a gagn\u00e9 en importance apr\u00e8s les assassinats, l\u2019ann\u00e9e derni\u00e8re, des principaux dirigeants du Hamas, Ismail Haniyeh \u00e0 T\u00e9h\u00e9ran, <a href=\"https:\/\/www.letemps.ch\/monde\/yahya-sinouar-la-mort-du-concepteur-du-7-octobre?srsltid=AfmBOorM9rDkvyyQsCVB0tfp9GgQ1sM1V3BqQx6DOcrRDuR2syjrzgSJ\" rel=\"nofollow noopener\" target=\"_blank\">Yahya Sinouar<\/a> \u00e0 Gaza en octobre 2024 et le commandant militaire Mohammed Deif. Suite \u00e0 ces pertes, Khalil al-Hayya est d\u00e9sormais l\u2019un des cinq dirigeants \u00e0 la t\u00eate du conseil de direction du Hamas, explique <a href=\"https:\/\/www.aljazeera.com\/news\/2025\/9\/10\/who-is-khalil-al-hayya-who-else-was-targeted-in-israels-attack-on-qatar\" rel=\"nofollow noopener\" target=\"_blank\">Al-Jazira<\/a>. Le conseil de direction est un comit\u00e9 provisoire compos\u00e9 de cinq membres, form\u00e9 fin 2024 pour diriger le Hamas pendant la guerre.<\/p>\n<p><strong>Le 9\u00a0septembre 2025<\/strong>, l\u2019Etat h\u00e9breu le prend pour cible \u00e0 Doha lors d\u2019une frappe a\u00e9rienne qui fera 7 morts, dont son fils, et plus d\u2019une vingtaine de bless\u00e9s. Depuis l\u2019homme s\u2019est fait discret. Il s\u2019est exprim\u00e9 ce dimanche pour la premi\u00e8re fois sur la cha\u00eene de t\u00e9l\u00e9vision qatarie Al-Arabia. \u00abLa perte de mon fils, de mes compagnons, du directeur de mon cabinet et des jeunes autour de moi (repr\u00e9sente) une douleur immense\u00bb, a-t-il dit<\/p>\n<p>        06 octobre \u00e0 08:57<\/p>\n<p>      Le ministre allemand des Affaires \u00e9trang\u00e8res d\u00e9clare que les pourparlers sur Gaza constituent \u00abun tournant\u00bb et l\u2019approche la plus prometteuse depuis deux ans<\/p>\n<p>              <a tabindex=\"-1\" title=\"Le Temps\" href=\"https:\/\/www.letemps.ch\/profil\/le-temps\" rel=\"nofollow noopener\" target=\"_blank\"><\/p>\n<p>                    <img decoding=\"async\" src=\"https:\/\/www.europesays.com\/fr\/wp-content\/uploads\/2025\/04\/1744691829_934_small.jpeg\" class=\"lazy\" alt=\"\"\/><\/p>\n<p><\/a>        <\/p>\n<p>Johann Wadephul, le ministre allemand des Affaires \u00e9trang\u00e8res d\u00e9clare que les pourparlers sur Gaza constituent l\u2019approche la plus prometteuse depuis deux ans. Dans une interview accord\u00e9e \u00e0 la cha\u00eene <a href=\"https:\/\/www.tagesschau.de\/newsticker\/liveblog-nahost-montag-294.html\" rel=\"nofollow noopener\" target=\"_blank\">ARD<\/a>, Johann Wadephul s\u2019est montr\u00e9 optimiste quant \u00e0 une possible solution pacifique dans la bande de Gaza: \u00abJe pense que c\u2019est un tournant. Cela peut \u00eatre un tournant, il faut le dire honn\u00eatement\u00bb, a-t-il d\u00e9clar\u00e9 depuis le Kowe\u00eft.<\/p>\n<p>\u00abPour la premi\u00e8re fois depuis deux ans, il ne s\u2019agit pas seulement d\u2019un cessez-le-feu, mais d\u2019une solution politique viable. Les acteurs isra\u00e9liens, arabes et palestiniens \u00e9changent d\u00e9sormais leurs id\u00e9es sur la mani\u00e8re dont les choses peuvent \u00e9voluer dans la bande de Gaza\u00bb, a-t-il ajout\u00e9.<\/p>\n<p>        06 octobre \u00e0 08:38<\/p>\n<p>      Selon Donald Trump, la premi\u00e8re phase des n\u00e9gociations pour la lib\u00e9ration des otages devrait s\u2019achever cette semaine<\/p>\n<p>              <a tabindex=\"-1\" title=\"Le Temps\" href=\"https:\/\/www.letemps.ch\/profil\/le-temps\" rel=\"nofollow noopener\" target=\"_blank\"><\/p>\n<p>                    <img decoding=\"async\" src=\"https:\/\/www.europesays.com\/fr\/wp-content\/uploads\/2025\/04\/1744691829_934_small.jpeg\" class=\"lazy\" alt=\"\"\/><\/p>\n<p><\/a>        <\/p>\n<p>Dans <a href=\"https:\/\/truthsocial.com\/@realDonaldTrump\/posts\/115323790604734426\" rel=\"nofollow noopener\" target=\"_blank\">un post<\/a> sur son r\u00e9seau social Truth Social, Donald Trump a d\u00e9clar\u00e9 que des discussions \u00abtr\u00e8s positives\u00bb avaient eu lieu ce week-end avec le Hamas afin de lib\u00e9rer les otages et mettre fin \u00e0 la guerre \u00e0 Gaza.<\/p>\n<p>Donald Trump \u00e9voque \u00e9galement les n\u00e9gociations qui doivent commencer ce lundi au\u00a0Caire. \u00abOn m\u2019a dit que la premi\u00e8re phase devrait \u00eatre termin\u00e9e cette semaine, et je demande \u00e0 tout le monde d\u2019AGIR RAPIDEMENT.\u00bb, a-t-il \u00e9crit.<\/p>\n<p>        06 octobre \u00e0 06:54<\/p>\n<p>      En Espagne, des ressortissants arr\u00eat\u00e9s par Isra\u00ebl racontent avoir \u00e9t\u00e9 \u00abfrapp\u00e9s et attach\u00e9s pieds et poings li\u00e9s\u00bb<\/p>\n<p>              <a tabindex=\"-1\" title=\"Le Temps\" href=\"https:\/\/www.letemps.ch\/profil\/le-temps\" rel=\"nofollow noopener\" target=\"_blank\"><\/p>\n<p>                    <img decoding=\"async\" src=\"https:\/\/www.europesays.com\/fr\/wp-content\/uploads\/2025\/04\/1744691829_934_small.jpeg\" class=\"lazy\" alt=\"\"\/><\/p>\n<p><\/a>        <\/p>\n<p>Selon <a href=\"https:\/\/elpais.com\/internacional\/2025-10-05\/exteriores-afirma-que-21-de-los-49-espanoles-de-la-flotilla-detenidos-en-israel-regresaran-este-domingo-a-espana-si-nada-se-tuerce.html\" rel=\"nofollow noopener\" target=\"_blank\">El Pa\u00eds<\/a>, les ressortissants espagnols qui se trouvaient \u00e0 bord de la flottille et sont d\u00e9sormais de retour en Espagne rapportent, tout comme leurs <a href=\"https:\/\/www.letemps.ch\/suisse\/neuf-membres-de-la-flottille-global-sumud-sont-arrives-en-suisse\" rel=\"nofollow noopener\" target=\"_blank\">homologues suisses<\/a>, avoir subi des violences et de mauvais traitements de la part des autorit\u00e9s isra\u00e9liennes lors de leur d\u00e9tention.<\/p>\n<p>Vingt et un des quarante-neuf passagers espagnols de la Global Sumud Flotilla affirment que, parmi les nombreux abus subis, la police isra\u00e9lienne aurait sign\u00e9 \u00e0 leur place un document les reconnaissant comme \u00e9tant entr\u00e9s ill\u00e9galement dans le pays.<\/p>\n<p>Le ministre des Affaires \u00e9trang\u00e8res, Jos\u00e9 Manuel Albares, a expliqu\u00e9 sur la <a href=\"https:\/\/www.rtve.es\/play\/videos\/informativo-24h\/albares-sobre-espanoles-retenidos-israel-si-nada-se-tuerce-21-llegaran-hoy-espana\/16757218\/\" rel=\"nofollow noopener\" target=\"_blank\">cha\u00eene publique TVE<\/a> que ce premier groupe \u00e9tait compos\u00e9 de personnes ayant sign\u00e9 un document reconnaissant \u00eatre entr\u00e9es ill\u00e9galement dans le pays. \u00abQu\u2019ils aient sign\u00e9 ce document ou non, cette situation de d\u00e9tention par Isra\u00ebl doit cesser imm\u00e9diatement et leurs droits doivent \u00eatre respect\u00e9s.\u00bb<\/p>\n<p>        06 octobre \u00e0 06:33<\/p>\n<p>      Le plan de paix de Donald Trump pour Gaza est porteur d\u2019espoir mais irr\u00e9aliste, selon l\u2019ancien ambassadeur des Etats-Unis en Isra\u00ebl et \u00e0 l\u2019ONU<\/p>\n<p>              <a tabindex=\"-1\" title=\"Le Temps\" href=\"https:\/\/www.letemps.ch\/profil\/le-temps\" rel=\"nofollow noopener\" target=\"_blank\"><\/p>\n<p>                    <img decoding=\"async\" src=\"https:\/\/www.europesays.com\/fr\/wp-content\/uploads\/2025\/04\/1744691829_934_small.jpeg\" class=\"lazy\" alt=\"\"\/><\/p>\n<p><\/a>        <\/p>\n<p>Pour Thomas Pickering, ancien ambassadeur des Etats-Unis en Isra\u00ebl et \u00e0 l\u2019ONU, le plan de paix est porteur d\u2019espoir mais irr\u00e9aliste, rapporte <a href=\"https:\/\/aje.io\/3j77nh?update=4012167\" rel=\"nofollow noopener\" target=\"_blank\">Al-Jazira<\/a>.<br \/>Dans une interview accord\u00e9e au m\u00e9dia qatari, il estime que, m\u00eame s\u2019il existe des signes d\u2019une r\u00e9elle volont\u00e9 de la part de Donald Trump de mettre fin \u00e0 la guerre \u00e0 Gaza, le plan du pr\u00e9sident am\u00e9ricain r\u00e9v\u00e8le \u00e9galement \u00abun s\u00e9rieux manque d\u2019exp\u00e9rience dans la gestion de n\u00e9gociations entre deux parties en guerre au Moyen-Orient\u00bb.<\/p>\n<p>Dans cette m\u00eame interview, Thomas Pickering souligne que la plupart des vingt points de la proposition am\u00e9ricaine devront faire l\u2019objet de n\u00e9gociations. \u00abLe plan est porteur d\u2019espoir, mais pour l\u2019instant, je le trouve quelque peu irr\u00e9aliste. Cela dit, je serais tout \u00e0 fait ravi d\u2019avoir tort\u00bb, d\u00e9clare-t-il.<\/p>\n<p>L\u2019ancien diplomate explique, par ailleurs, qu\u2019il n\u2019est pas non plus clair ce que le plan pr\u00e9voit en mati\u00e8re de reconnaissance d\u2019un Etat palestinien, \u00e9tant donn\u00e9 que Benyamin Netanyahou s\u2019est montr\u00e9 oppos\u00e9 \u00e0 toute initiative en ce sens.<\/p>\n<p>        06 octobre \u00e0 01:47<\/p>\n<p>      \u00abIls ont l\u00e2ch\u00e9 les chiens dans les cellules\u00bb: un Suisse de la flottille Soumoud d\u00e9nonce de la \u00abtorture\u00bb apr\u00e8s sa d\u00e9tention en Isra\u00ebl<\/p>\n<p>              <a tabindex=\"-1\" title=\"Le Temps avec l\u2019AFP\" href=\"https:\/\/www.letemps.ch\/profil\/le-temps-avec-l-afp\" rel=\"nofollow noopener\" target=\"_blank\"><\/p>\n<p>                    <img decoding=\"async\" src=\"https:\/\/www.europesays.com\/fr\/wp-content\/uploads\/2025\/04\/1744691829_537_small.jpeg\" class=\"lazy\" alt=\"\"\/><\/p>\n<p><\/a>        <\/p>\n<p>\u00abOn est battus, on est priv\u00e9s d\u2019eau, on est priv\u00e9s de sommeil\u00bb, a t\u00e9moign\u00e9 S\u00e9bastien Dubugnon, <a href=\"https:\/\/www.letemps.ch\/suisse\/neuf-membres-de-la-flottille-global-sumud-sont-arrives-en-suisse\" rel=\"nofollow noopener\" target=\"_blank\">un des membres de la flottille Soumoud pour Gaza, rentr\u00e9 dimanche en Suisse<\/a> apr\u00e8s quatre jours de d\u00e9tention en Isra\u00ebl.<\/p>\n<p>\u00abLes gens qui ont des maladies chroniques, m\u00eame mortelles, comme le diab\u00e8te ou des insuffisances cardiaques, sont priv\u00e9s de m\u00e9dicaments. Un voisin de cellule avait de l\u2019asthme, il ne pouvait plus respirer. Tout le monde a tap\u00e9 contre les portes pendant des heures, mais ils sont juste venus ricaner et n\u2019ont pas donn\u00e9 les m\u00e9dicaments\u00bb, a racont\u00e9 S\u00e9bastien Dubugnon dans l\u2019\u00e9mission Mise au point de la RTS dimanche soir, faisant aussi \u00e9tat d\u2019insultes et de l\u2019impossibilit\u00e9 d\u2019appeler un avocat.<\/p>\n<blockquote class=\"instagram-media\" data-instgrm-captioned=\"\" data-instgrm-permalink=\"https:\/\/www.instagram.com\/reel\/DPcFeUIlX2t\/?utm_source=ig_embed&amp;utm_campaign=loading\" data-instgrm-version=\"14\" style=\" background:#FFF; border:0; border-radius:3px; box-shadow:0 0 1px 0 rgba(0,0,0,0.5),0 1px 10px 0 rgba(0,0,0,0.15); margin: 1px; max-width:658px; min-width:326px; padding:0; width:99.375%; width:-webkit-calc(100% - 2px); width:calc(100% - 2px);\"\/>\n<p>Le Suisse dit \u00e9galement avoir v\u00e9cu des \u00abhumiliations\u00bb: des personnes cagoul\u00e9es venues dans sa cellule avec leurs fusils d\u2019assaut, \u00ablaser point\u00e9 sur la t\u00eate\u00bb, mena\u00e7ant de tirer; des chiens l\u00e2ch\u00e9s dans les cellules, \u00abnous faisant penser qu\u2019on allait \u00eatre mordus, bless\u00e9s\u00bb. \u00abOn est en permanence sous pression. C\u2019est ce qui s\u2019appelle de la torture, de la \u00absoft torture\u00bb, comme on dit.\u00bb<\/p>\n<p>\u00abIl y a encore 23 personnes de la d\u00e9l\u00e9gation suisse, dont 10 Suisses (il n\u2019y a pas que des Suisses dans la d\u00e9l\u00e9gation suisse), encore enferm\u00e9s. Ces personnes ne sont pas encore lib\u00e9r\u00e9es, on ne sait pas ce qui leur arrive. On ne sait pas quel est le degr\u00e9 de maltraitance et de torture appliqu\u00e9\u00bb, a rappel\u00e9 S\u00e9bastien Dubugnon, s\u2019estimant \u00abchanceux\u00bb d\u2019\u00eatre sorti plus rapidement.<\/p>\n<p>Huit participants suisses \u00e0 la flottille pour Gaza sont arriv\u00e9s dimanche apr\u00e8s-midi \u00e0 Gen\u00e8ve, et un autre avait atterri samedi \u00e0 Zurich. A leur arriv\u00e9e, ils ont \u00e9voqu\u00e9 des conditions de d\u00e9tention \u00abinhumaines\u00bb et dit avoir \u00e9t\u00e9 victimes \u00abde tortures et d\u2019exactions\u00bb. L\u2019ancien maire de Gen\u00e8ve R\u00e9my Pagani figure parmi les 10 Suisses encore incarc\u00e9r\u00e9s en Isra\u00ebl.<\/p>\n<p>        06 octobre \u00e0 01:46<\/p>\n<p>      L&rsquo;Iran dit soutenir \u00abtoute initiative\u00bb visant \u00e0 \u00abl&rsquo;autod\u00e9termination du peuple palestinien\u00bb<\/p>\n<p>              <a tabindex=\"-1\" title=\"Le Temps avec l\u2019AFP\" href=\"https:\/\/www.letemps.ch\/profil\/le-temps-avec-l-afp\" rel=\"nofollow noopener\" target=\"_blank\"><\/p>\n<p>                    <img decoding=\"async\" src=\"https:\/\/www.europesays.com\/fr\/wp-content\/uploads\/2025\/04\/1744691829_537_small.jpeg\" class=\"lazy\" alt=\"\"\/><\/p>\n<p><\/a>        <\/p>\n<p>L&rsquo;Iran, proche du Hamas, \u00aba toujours soutenu toute initiative visant \u00e0 mettre fin au nettoyage ethnique, aux crimes de guerre et aux crimes contre l&rsquo;humanit\u00e9 \u00e0 Gaza et \u00e0 ouvrir la voie \u00e0 la r\u00e9alisation du droit \u00e0 l&rsquo;autod\u00e9termination du peuple palestinien\u00bb, \u00e9crit dans un communiqu\u00e9 le minist\u00e8re iranien des Affaires \u00e9trang\u00e8res, ajoutant que T\u00e9h\u00e9ran se tient pr\u00eat \u00e0 participer \u00e0 l&rsquo;acheminement d&rsquo;aide humanitaire \u00e0 Gaza.<\/p>\n<p>        06 octobre \u00e0 01:17<\/p>\n<p>      Vingt-et-un Espagnols de retour de la flottille fustigent de \u00abmauvais traitements\u00bb de la part d&rsquo;Isra\u00ebl<\/p>\n<p>              <a tabindex=\"-1\" title=\"Le Temps avec l\u2019AFP\" href=\"https:\/\/www.letemps.ch\/profil\/le-temps-avec-l-afp\" rel=\"nofollow noopener\" target=\"_blank\"><\/p>\n<p>                    <img decoding=\"async\" src=\"https:\/\/www.europesays.com\/fr\/wp-content\/uploads\/2025\/04\/1744691829_537_small.jpeg\" class=\"lazy\" alt=\"\"\/><\/p>\n<p><\/a>        <\/p>\n<p>Un premier groupe de 21 Espagnols parmi les 49 \u00e0 bord de la flottille d&rsquo;aide \u00e0 Gaza intercept\u00e9e cette semaine par Isra\u00ebl a atterri dimanche \u00e0 l&rsquo;a\u00e9roport de Madrid, o\u00f9 ils ont affirm\u00e9 avoir \u00e9t\u00e9 maltrait\u00e9s et humili\u00e9s pendant leur d\u00e9tention.<\/p>\n<p>\u00abLes mauvais traitements physiques et psychologiques ont \u00e9t\u00e9 r\u00e9p\u00e9t\u00e9s pendant tous ces jours. Ils nous ont frapp\u00e9s, tra\u00een\u00e9s par terre. Ils nous ont band\u00e9 les yeux. Ils nous ont ligot\u00e9 les pieds et les mains\u00bb, a d\u00e9clar\u00e9 aux journalistes Rafael Borrego, l&rsquo;un des membres de la flottille, \u00e0 propos de la d\u00e9tention en Isra\u00ebl.<\/p>\n<p>Le ministre espagnol des Affaires \u00e9trang\u00e8res, Jos\u00e9 Manuel Albares, avait annonc\u00e9 dans la matin\u00e9e qu&rsquo;un accord avait \u00e9t\u00e9 conclu avec Isra\u00ebl pour qu&rsquo;un premier groupe de 21 militants espagnols puisse rentrer par avion ce dimanche m\u00eame. Ils ont tous accept\u00e9 de signer un document dans lequel ils reconnaissent \u00eatre entr\u00e9s ill\u00e9galement en Isra\u00ebl, a-t-il indiqu\u00e9. Les 28 autres ont pour l&rsquo;instant refus\u00e9 de le faire et devraient donc rester en d\u00e9tention plus longtemps, a expliqu\u00e9 le d\u00e9put\u00e9 europ\u00e9en et avocat Jaume Asens \u00e0 la t\u00e9l\u00e9vision publique.<\/p>\n<p>        06 octobre \u00e0 00:45<\/p>\n<p>      Donald Trump appelle les n\u00e9gociateurs \u00e0 \u00abavancer rapidement\u00bb<\/p>\n<p>              <a tabindex=\"-1\" title=\"Le Temps avec l\u2019AFP\" href=\"https:\/\/www.letemps.ch\/profil\/le-temps-avec-l-afp\" rel=\"nofollow noopener\" target=\"_blank\"><\/p>\n<p>                    <img decoding=\"async\" src=\"https:\/\/www.europesays.com\/fr\/wp-content\/uploads\/2025\/04\/1744691829_537_small.jpeg\" class=\"lazy\" alt=\"\"\/><\/p>\n<p><\/a>        <\/p>\n<p>Donald Trump a appel\u00e9 les n\u00e9gociateurs d&rsquo;Isra\u00ebl et du Hamas \u00e0 \u00abavancer rapidement\u00bb lors des pourparlers pr\u00e9vus \u00e0 partir de lundi en Egypte pour mettre fin \u00e0 la guerre \u00e0 Gaza.<\/p>\n<p>\u00abDes discussions tr\u00e8s positives ont eu lieu ce week-end avec le Hamas et des pays du monde entier (arabes, musulmans et autres) afin de lib\u00e9rer les otages, mettre fin \u00e0 la guerre \u00e0 Gaza, mais, surtout, enfin instaurer la PAIX tant attendue au Moyen-Orient\u00bb, a d\u00e9clar\u00e9 le pr\u00e9sident am\u00e9ricain sur son r\u00e9seau Truth Social, ajoutant au sujet des pourparlers de lundi: \u00abOn m&rsquo;a dit que la premi\u00e8re phase devrait \u00eatre achev\u00e9e cette semaine, et je demande \u00e0 tout le monde d&rsquo;AVANCER RAPIDEMENT.\u00bb<\/p>\n<p>  <script async src=\"\/\/www.instagram.com\/embed.js\"><\/script><\/p>\n","protected":false},"excerpt":{"rendered":"07:29 L\u2019arm\u00e9e isra\u00e9lienne affirme avoir rep\u00e9r\u00e9 le tir d\u2019un projectile depuis le nord de la bande de Gaza&hellip;\n","protected":false},"author":2,"featured_media":444482,"comment_status":"","ping_status":"","sticky":false,"template":"","format":"standard","meta":{"footnotes":""},"categories":[5],"tags":[11,1011,27,4438,14,3019,664,25501,12404,12,32,28],"class_list":{"0":"post-444481","1":"post","2":"type-post","3":"status-publish","4":"format-standard","5":"has-post-thumbnail","7":"category-international","8":"tag-actualites","9":"tag-fr","10":"tag-france","11":"tag-free","12":"tag-international","13":"tag-iran","14":"tag-israel","15":"tag-le-conflit-israelo-palestinien","16":"tag-liban","17":"tag-news","18":"tag-syrie","19":"tag-world"},"share_on_mastodon":{"url":"https:\/\/pubeurope.com\/@fr\/115331469434788963","error":""},"_links":{"self":[{"href":"https:\/\/www.europesays.com\/fr\/wp-json\/wp\/v2\/posts\/444481","targetHints":{"allow":["GET"]}}],"collection":[{"href":"https:\/\/www.europesays.com\/fr\/wp-json\/wp\/v2\/posts"}],"about":[{"href":"https:\/\/www.europesays.com\/fr\/wp-json\/wp\/v2\/types\/post"}],"author":[{"embeddable":true,"href":"https:\/\/www.europesays.com\/fr\/wp-json\/wp\/v2\/users\/2"}],"replies":[{"embeddable":true,"href":"https:\/\/www.europesays.com\/fr\/wp-json\/wp\/v2\/comments?post=444481"}],"version-history":[{"count":0,"href":"https:\/\/www.europesays.com\/fr\/wp-json\/wp\/v2\/posts\/444481\/revisions"}],"wp:featuredmedia":[{"embeddable":true,"href":"https:\/\/www.europesays.com\/fr\/wp-json\/wp\/v2\/media\/444482"}],"wp:attachment":[{"href":"https:\/\/www.europesays.com\/fr\/wp-json\/wp\/v2\/media?parent=444481"}],"wp:term":[{"taxonomy":"category","embeddable":true,"href":"https:\/\/www.europesays.com\/fr\/wp-json\/wp\/v2\/categories?post=444481"},{"taxonomy":"post_tag","embeddable":true,"href":"https:\/\/www.europesays.com\/fr\/wp-json\/wp\/v2\/tags?post=444481"}],"curies":[{"name":"wp","href":"https:\/\/api.w.org\/{rel}","templated":true}]}}