{"id":444495,"date":"2025-10-07T06:36:14","date_gmt":"2025-10-07T06:36:14","guid":{"rendered":"https:\/\/www.europesays.com\/fr\/444495\/"},"modified":"2025-10-07T06:36:14","modified_gmt":"2025-10-07T06:36:14","slug":"le-rc-toulon-a-la-rencontre-des-enfants-hospitalises","status":"publish","type":"post","link":"https:\/\/www.europesays.com\/fr\/444495\/","title":{"rendered":"Le RC Toulon \u00e0 la rencontre des enfants hospitalis\u00e9s"},"content":{"rendered":"\n<p>Des \u00e9toiles dans les yeux, des ballons dans les mains. Ce lundi, les jeunes patients du service p\u00e9diatrique de l\u2019h\u00f4pital Sainte-Musse ont re\u00e7u la visite de cinq rugbymen du RC Toulon. Et pas des moindres : les internationaux fran\u00e7ais Baptiste Serin, Danny Priso et Antoine Fritsch, l\u2019international \u00e9cossais Ben White et la l\u00e9gende n\u00e9o-z\u00e9landaise Ma\u2019a Nonu, double champion du monde 2011 et 2015.<\/p>\n<p>Pendant pr\u00e8s d\u20191h30, ils ont fait d\u00e9couvrir le ballon ovale \u00e0 une petite dizaine de bambins, \u00e0 travers de petits exercices d\u2019initiation qui ont laiss\u00e9 des sourires ind\u00e9l\u00e9biles sur les visages \u00ab\u00a0d\u2019enfants qui ne devraient pas \u00eatre ici, car leur place n\u2019est pas \u00e0 l\u2019h\u00f4pital, mais certains y sont oblig\u00e9s. \u00c7a doit \u00eatre dur pour eux et pour leurs parents, alors on essaie de venir d\u00e8s que le club nous le propose\u00a0\u00bb, explique Baptiste Serin, venu transmettre sa l\u00e9gendaire science de la chistera et du jeu au pied. Mais l\u00e0 n\u2019est pas la priorit\u00e9\u00a0: \u00ab\u00a0Le rugby sert de levier, mais on ne vient pas dans l\u2019optique de leur apprendre, mais pour partager, qu\u2019ils voient qu\u2019il y a des personnes un peu \u00ab\u00a0connues\u00a0\u00bb qui ont envie de vivre des moments sympas avec eux.\u00a0\u00bb<\/p>\n<p> \u00ab\u00a0Un bon encouragement<br \/>\n               <br \/>\u00e0 la pratique du sport\u00a0\u00bb\n              <\/p>\n<p>Ce genre de rencontre rev\u00eat un certain int\u00e9r\u00eat dans le processus de gu\u00e9rison des enfants, comme l\u2019explique le docteur Paul Casha\u00a0: \u00ab\u00a0Le sport est indispensable au d\u00e9veloppement de l\u2019enfant. On pourrait penser que l\u2019hospitalisation est un frein \u00e0 la pratique. La venue de joueurs, avec leur notori\u00e9t\u00e9, peut \u00eatre un bon encouragement pour les pratiques ult\u00e9rieures, voire inciter certains \u00e0 s\u2019y mettre. \u00c7a aide aussi pour le moral, le bienfait psychologique a un r\u00f4le important \u00e0 jouer, pour avoir un environnement agr\u00e9able et pas que des chambres avec des potences de perfusion.\u00a0\u00bb<\/p>\n<p>Une journ\u00e9e port\u00e9e par l\u2019association Premiers de cord\u00e9e, \u00ab\u00a0qui propose des animations sportives pour les enfants \u00e0 l\u2019h\u00f4pital\u00a0\u00bb, explique Julia Conti, charg\u00e9e de mission pour Premiers de cord\u00e9e. \u00ab\u00a0Cette semaine, nous sommes l\u00e0 dans le cadre de la semaine du sport \u00e0 l\u2019h\u00f4pital. L\u2019id\u00e9e est de s\u2019adapter au lieu. Ce n\u2019est pas la premi\u00e8re fois que le RCT participe, donc \u00e7a donne une animation tr\u00e8s naturelle et spontan\u00e9e. Ce n\u2019est que du plus, car les joueurs donnent de leur temps. De plus en plus de sportifs s\u2019investissent chaque ann\u00e9e.\u00a0\u00bb La semaine se poursuit avec une animation badminton, mercredi apr\u00e8s-midi, et une initiation au Qwan-Ki Do, un art martial aux influences asiatiques, cr\u00e9\u00e9 \u00e0 Toulon.<\/p>\n","protected":false},"excerpt":{"rendered":"Des \u00e9toiles dans les yeux, des ballons dans les mains. Ce lundi, les jeunes patients du service p\u00e9diatrique&hellip;\n","protected":false},"author":2,"featured_media":444496,"comment_status":"","ping_status":"","sticky":false,"template":"","format":"standard","meta":{"footnotes":""},"categories":[9619],"tags":[1111,11,1777,674,1011,27,12,882,25,45052,2310],"class_list":{"0":"post-444495","1":"post","2":"type-post","3":"status-publish","4":"format-standard","5":"has-post-thumbnail","7":"category-toulon","8":"tag-actu","9":"tag-actualites","10":"tag-eu","11":"tag-europe","12":"tag-fr","13":"tag-france","14":"tag-news","15":"tag-provence-alpes-cote-dazur","16":"tag-republique-francaise","17":"tag-sportifs","18":"tag-toulon"},"share_on_mastodon":{"url":"https:\/\/pubeurope.com\/@fr\/115331503431008779","error":""},"_links":{"self":[{"href":"https:\/\/www.europesays.com\/fr\/wp-json\/wp\/v2\/posts\/444495","targetHints":{"allow":["GET"]}}],"collection":[{"href":"https:\/\/www.europesays.com\/fr\/wp-json\/wp\/v2\/posts"}],"about":[{"href":"https:\/\/www.europesays.com\/fr\/wp-json\/wp\/v2\/types\/post"}],"author":[{"embeddable":true,"href":"https:\/\/www.europesays.com\/fr\/wp-json\/wp\/v2\/users\/2"}],"replies":[{"embeddable":true,"href":"https:\/\/www.europesays.com\/fr\/wp-json\/wp\/v2\/comments?post=444495"}],"version-history":[{"count":0,"href":"https:\/\/www.europesays.com\/fr\/wp-json\/wp\/v2\/posts\/444495\/revisions"}],"wp:featuredmedia":[{"embeddable":true,"href":"https:\/\/www.europesays.com\/fr\/wp-json\/wp\/v2\/media\/444496"}],"wp:attachment":[{"href":"https:\/\/www.europesays.com\/fr\/wp-json\/wp\/v2\/media?parent=444495"}],"wp:term":[{"taxonomy":"category","embeddable":true,"href":"https:\/\/www.europesays.com\/fr\/wp-json\/wp\/v2\/categories?post=444495"},{"taxonomy":"post_tag","embeddable":true,"href":"https:\/\/www.europesays.com\/fr\/wp-json\/wp\/v2\/tags?post=444495"}],"curies":[{"name":"wp","href":"https:\/\/api.w.org\/{rel}","templated":true}]}}