{"id":444500,"date":"2025-10-07T06:39:10","date_gmt":"2025-10-07T06:39:10","guid":{"rendered":"https:\/\/www.europesays.com\/fr\/444500\/"},"modified":"2025-10-07T06:39:10","modified_gmt":"2025-10-07T06:39:10","slug":"darnetal-mamadou-garanke-diallo-lapprenti-boucher-guineen-sous-oqtf-retrouve-mort","status":"publish","type":"post","link":"https:\/\/www.europesays.com\/fr\/444500\/","title":{"rendered":"Darn\u00e9tal. Mamadou Garank\u00e9 Diallo, l&rsquo;apprenti boucher guin\u00e9en sous OQTF, retrouv\u00e9 mort"},"content":{"rendered":"<p melodystyle=\"texte\">Le d\u00e9c\u00e8s d&rsquo;un jeune Guin\u00e9en menac\u00e9 d&rsquo;expulsion, dans une probable tentative de rejoindre l&rsquo;Angleterre, a provoqu\u00e9 \u00e9motion et indignation. Le 17\u00a0septembre vers 3h, un homme avait \u00e9t\u00e9 retrouv\u00e9 mort sans ses papiers pr\u00e8s d&rsquo;une sortie d&rsquo;autoroute \u00e0 Loon-Plage (Nord), \u00e0 proximit\u00e9 d&rsquo;un camp de migrants et de la ville de Dunkerque. Il n&rsquo;avait pu \u00eatre imm\u00e9diatement identifi\u00e9.<\/p>\n<p melodystyle=\"texte\">Son identification et le contexte du d\u00e9c\u00e8s ont \u00e9t\u00e9 r\u00e9v\u00e9l\u00e9s d\u00e9but octobre. Mamadou Garank\u00e9 Diallo, 21 ans, est mort alors qu&rsquo;il tentait de quitter la France pour \u00e9viter d&rsquo;\u00eatre renvoy\u00e9 dans son pays. Depuis 2023, le jeune homme, apprenti dans une boucherie de Darn\u00e9tal de Rouen, faisait l&rsquo;objet d&rsquo;une obligation de quitter le territoire fran\u00e7ais (OQTF). Il \u00e9tait arriv\u00e9 de Guin\u00e9e Conakry en 2019.<\/p>\n<p melodystyle=\"texte\">\u00ab\u00a0Quand il ne pouvait plus \u00eatre employ\u00e9 chez ce boucher, tout s&rsquo;est \u00e9croul\u00e9 pour lui, donc il s&rsquo;est dit, l\u00e0, je n&rsquo;ai plus d&rsquo;espoir ici, je vais aller chercher ailleurs\u00a0\u00bb, explique Dominique Pierre, b\u00e9n\u00e9vole du R\u00e9seau \u00e9ducation sans fronti\u00e8res (RESF) \u00e0 Rouen. Elle d\u00e9nonce \u00ab\u00a0l&rsquo;arbitraire pr\u00e9fectoral\u00a0\u00bb des placements sous OQTF de jeunes d\u00e9j\u00e0 int\u00e9gr\u00e9s.<\/p>\n<p>Un g\u00e2chis absolu<\/p>\n<p melodystyle=\"texte\">Mamadou Garank\u00e9 Diallo a \u00e9t\u00e9 tu\u00e9 par un camion. \u00ab\u00a0Il est parti pour OQTF, ce document qui tue\u00a0\u00bb, d\u00e9plore l&rsquo;association \u00ab\u00a0Pour un avenir meilleur\u00a0\u00bb qui avait accompagn\u00e9 le jeune homme apr\u00e8s son arriv\u00e9e en France.<\/p>\n<p melodystyle=\"texte\">Vis\u00e9 par une OQTF en avril\u00a02023, confirm\u00e9e par le tribunal administratif de Rouen en d\u00e9cembre\u00a02023, le jeune homme en avait re\u00e7u une deuxi\u00e8me en mai\u00a02025, \u00ab\u00a0sur les m\u00eames bases et parce qu&rsquo;il ne disposait ni d&rsquo;un visa long s\u00e9jour, ni d&rsquo;une autorisation de travail\u00a0\u00bb, explique la pr\u00e9fecture de Seine-Maritime. Ce m\u00eame mois, Mamadou Garank\u00e9 Diallo avait \u00e9t\u00e9 interpell\u00e9 et plac\u00e9 en garde \u00e0 vue \u00ab\u00a0pour des faits de d\u00e9tention de stup\u00e9fiants qu&rsquo;il a reconnus\u00a0\u00bb, pr\u00e9cise la pr\u00e9fecture, indiquant qu&rsquo;il \u00e9tait \u00ab\u00a0convoqu\u00e9 par la justice en novembre pour r\u00e9pondre de ces d\u00e9lits\u00a0\u00bb.<\/p>\n<p melodystyle=\"texte\">Nicolas Mayer-Rossignol, maire de Rouen, d\u00e9nonce\u00a0\u00ab\u00a0un drame horrible et un g\u00e2chis absolu\u00a0\u00bb qui \u00ab\u00a0suscite une \u00e9motion consid\u00e9rable.\u00a0C&rsquo;est quelqu&rsquo;un qui donnait toute satisfaction, qui ne posait aucun probl\u00e8me particulier, qui \u00e9tait bien int\u00e9gr\u00e9.\u00a0\u00bb<\/p>\n<p melodystyle=\"texte\">En 2023, une p\u00e9tition lanc\u00e9e par l&#8217;employeur de Mamadou Garank\u00e9 Diallo et des habitants de sa ville ainsi qu&rsquo;un courrier au pr\u00e9fet sign\u00e9 par Nicolas Mayer-Rossignol et plusieurs d\u00e9put\u00e9s lui avaient permis d&rsquo;obtenir \u00ab\u00a0un titre de s\u00e9jour temporaire\u00a0\u00bb.<\/p>\n<p melodystyle=\"texte\">(avec AFP)<\/p>\n","protected":false},"excerpt":{"rendered":"Le d\u00e9c\u00e8s d&rsquo;un jeune Guin\u00e9en menac\u00e9 d&rsquo;expulsion, dans une probable tentative de rejoindre l&rsquo;Angleterre, a provoqu\u00e9 \u00e9motion et&hellip;\n","protected":false},"author":2,"featured_media":444501,"comment_status":"","ping_status":"","sticky":false,"template":"","format":"standard","meta":{"footnotes":""},"categories":[9587],"tags":[1111,11,1777,674,1011,27,12,5161,25,9590],"class_list":{"0":"post-444500","1":"post","2":"type-post","3":"status-publish","4":"format-standard","5":"has-post-thumbnail","7":"category-rouen","8":"tag-actu","9":"tag-actualites","10":"tag-eu","11":"tag-europe","12":"tag-fr","13":"tag-france","14":"tag-news","15":"tag-normandie","16":"tag-republique-francaise","17":"tag-rouen"},"share_on_mastodon":{"url":"https:\/\/pubeurope.com\/@fr\/115331515363693434","error":""},"_links":{"self":[{"href":"https:\/\/www.europesays.com\/fr\/wp-json\/wp\/v2\/posts\/444500","targetHints":{"allow":["GET"]}}],"collection":[{"href":"https:\/\/www.europesays.com\/fr\/wp-json\/wp\/v2\/posts"}],"about":[{"href":"https:\/\/www.europesays.com\/fr\/wp-json\/wp\/v2\/types\/post"}],"author":[{"embeddable":true,"href":"https:\/\/www.europesays.com\/fr\/wp-json\/wp\/v2\/users\/2"}],"replies":[{"embeddable":true,"href":"https:\/\/www.europesays.com\/fr\/wp-json\/wp\/v2\/comments?post=444500"}],"version-history":[{"count":0,"href":"https:\/\/www.europesays.com\/fr\/wp-json\/wp\/v2\/posts\/444500\/revisions"}],"wp:featuredmedia":[{"embeddable":true,"href":"https:\/\/www.europesays.com\/fr\/wp-json\/wp\/v2\/media\/444501"}],"wp:attachment":[{"href":"https:\/\/www.europesays.com\/fr\/wp-json\/wp\/v2\/media?parent=444500"}],"wp:term":[{"taxonomy":"category","embeddable":true,"href":"https:\/\/www.europesays.com\/fr\/wp-json\/wp\/v2\/categories?post=444500"},{"taxonomy":"post_tag","embeddable":true,"href":"https:\/\/www.europesays.com\/fr\/wp-json\/wp\/v2\/tags?post=444500"}],"curies":[{"name":"wp","href":"https:\/\/api.w.org\/{rel}","templated":true}]}}