{"id":444504,"date":"2025-10-07T06:41:15","date_gmt":"2025-10-07T06:41:15","guid":{"rendered":"https:\/\/www.europesays.com\/fr\/444504\/"},"modified":"2025-10-07T06:41:15","modified_gmt":"2025-10-07T06:41:15","slug":"isere-soupes-rires-et-premiers-pas-de-danse-pour-lancer-la-semaine-bleue","status":"publish","type":"post","link":"https:\/\/www.europesays.com\/fr\/444504\/","title":{"rendered":"Is\u00e8re. Soupes, rires et premiers pas de danse pour lancer la Semaine bleue"},"content":{"rendered":"<p>Au deuxi\u00e8me \u00e9tage de la MEIJE (Maison de l\u2019enfance et d\u2019initiative pour la jeunesse) du Versoud, \u00e7a sent l\u2019automne ce lundi midi. Autour de la table, huit femmes sirotent la soupe de courge qu\u2019elles viennent de pr\u00e9parer. Entre deux cuiller\u00e9es, les conversations vont bon train. Certaines se connaissent depuis toujours, comme Cathy et Yvonne, ins\u00e9parables piliers du club de l\u2019amiti\u00e9. D\u2019autres depuis quelques mois seulement, comme Angelina, ramen\u00e9e par Sylvie, la \u00ab\u00a0jeune retrait\u00e9e\u00a0\u00bb du groupe.<\/p>\n<p>Toute la matin\u00e9e, la petite troupe a d\u00e9coup\u00e9, mijot\u00e9 et assaisonn\u00e9 les courges dans le cadre d\u2019un atelier culinaire de la Semaine bleue. Encadr\u00e9e par Jade Saint-Germain, animatrice du lien social au Centre communal d\u2019action sociale (CCAS), chacune&#8230;<\/p>\n","protected":false},"excerpt":{"rendered":"Au deuxi\u00e8me \u00e9tage de la MEIJE (Maison de l\u2019enfance et d\u2019initiative pour la jeunesse) du Versoud, \u00e7a sent&hellip;\n","protected":false},"author":2,"featured_media":444505,"comment_status":"","ping_status":"","sticky":false,"template":"","format":"standard","meta":{"footnotes":""},"categories":[9566],"tags":[1111,11,2430,112,113,114,1777,674,12390,1011,27,2731,108,6225,12203,9597,12,25,7387,104,7831],"class_list":{"0":"post-444504","1":"post","2":"type-post","3":"status-publish","4":"format-standard","5":"has-post-thumbnail","7":"category-grenoble","8":"tag-actu","9":"tag-actualites","10":"tag-auvergne-rhone-alpes","11":"tag-edition-grenoble-agglomeration","12":"tag-edition-gresivaudan-oisans","13":"tag-edition-voiron-saint-marcellin","14":"tag-eu","15":"tag-europe","16":"tag-eybens","17":"tag-fr","18":"tag-france","19":"tag-grenoble","20":"tag-isere","21":"tag-la-matinale","22":"tag-le-versoud","23":"tag-meylan","24":"tag-news","25":"tag-republique-francaise","26":"tag-saint-marcellin","27":"tag-societe","28":"tag-voiron"},"share_on_mastodon":{"url":"https:\/\/pubeurope.com\/@fr\/115331523159545409","error":""},"_links":{"self":[{"href":"https:\/\/www.europesays.com\/fr\/wp-json\/wp\/v2\/posts\/444504","targetHints":{"allow":["GET"]}}],"collection":[{"href":"https:\/\/www.europesays.com\/fr\/wp-json\/wp\/v2\/posts"}],"about":[{"href":"https:\/\/www.europesays.com\/fr\/wp-json\/wp\/v2\/types\/post"}],"author":[{"embeddable":true,"href":"https:\/\/www.europesays.com\/fr\/wp-json\/wp\/v2\/users\/2"}],"replies":[{"embeddable":true,"href":"https:\/\/www.europesays.com\/fr\/wp-json\/wp\/v2\/comments?post=444504"}],"version-history":[{"count":0,"href":"https:\/\/www.europesays.com\/fr\/wp-json\/wp\/v2\/posts\/444504\/revisions"}],"wp:featuredmedia":[{"embeddable":true,"href":"https:\/\/www.europesays.com\/fr\/wp-json\/wp\/v2\/media\/444505"}],"wp:attachment":[{"href":"https:\/\/www.europesays.com\/fr\/wp-json\/wp\/v2\/media?parent=444504"}],"wp:term":[{"taxonomy":"category","embeddable":true,"href":"https:\/\/www.europesays.com\/fr\/wp-json\/wp\/v2\/categories?post=444504"},{"taxonomy":"post_tag","embeddable":true,"href":"https:\/\/www.europesays.com\/fr\/wp-json\/wp\/v2\/tags?post=444504"}],"curies":[{"name":"wp","href":"https:\/\/api.w.org\/{rel}","templated":true}]}}