{"id":444508,"date":"2025-10-07T06:43:20","date_gmt":"2025-10-07T06:43:20","guid":{"rendered":"https:\/\/www.europesays.com\/fr\/444508\/"},"modified":"2025-10-07T06:43:20","modified_gmt":"2025-10-07T06:43:20","slug":"la-bretagne-nouvelle-place-forte-de-la-cyberdefense-francaise","status":"publish","type":"post","link":"https:\/\/www.europesays.com\/fr\/444508\/","title":{"rendered":"La Bretagne, nouvelle place forte de la cyberd\u00e9fense fran\u00e7aise"},"content":{"rendered":"<p>Rentr\u00e9e studieuse pour les soldats sp\u00e9cialis\u00e9s dans la cyberd\u00e9fense. \u00c0 la mi-septembre, comme vient de le signaler r\u00e9cemment le commandement de la cyberd\u00e9fense (Comcyber), ces derniers se sont rassembl\u00e9s \u00e0 Rennes pour leur s\u00e9minaire annuel. L\u2019occasion, pour le nouveau patron de cette structure, le g\u00e9n\u00e9ral de division a\u00e9rienne Emmanuel Na\u00ebgelen, de passer en revue ses troupes. Il vient de succ\u00e9der au g\u00e9n\u00e9ral de corps d\u2019arm\u00e9e Aymeric Bonnemaison, qui a pris la t\u00eate de la direction du renseignement et de la s\u00e9curit\u00e9 de la d\u00e9fense.<\/p>\n<p>Mais ce changement de chef n\u2019\u00e9tait pas la seule nouveaut\u00e9 de cette rentr\u00e9e pour les cyber-combattants fran\u00e7ais. Avec l\u2019inauguration du nouveau b\u00e2timent 828, \u00e0 la fin juin, au quartier St\u00e9phant, \u00e0 Saint-Jacques-de-la-Lande (35), un chantier qui a co\u00fbt\u00e9 une quarantaine de millions d\u2019euros, le Comcyber va, en effet, progressivement, d\u2019ici \u00e0 2027, regrouper quasiment toutes ses forces \u00e0 Rennes. \u00ab\u00a0\u00c0 terme, il ne restera que quelques dizaines de personnes \u00e0 Paris, pour garantir l\u2019articulation avec le Centre de planification et de conduite des op\u00e9rations\u00a0\u00bb, souligne Arnaud Coustilli\u00e8re, le premier patron du Comcyber, d\u00e9sormais \u00e0 la t\u00eate du P\u00f4le d\u2019excellence cyber, une association fond\u00e9e par la R\u00e9gion et le minist\u00e8re des Arm\u00e9es.<\/p>\n<p>\u00catre plus efficaces<\/p>\n<p>Pour les militaires fran\u00e7ais, ce regroupement autour de la capitale bretonne doit permettre \u00ab\u00a0des synergies\u00a0\u00bb entre les unit\u00e9s, commente la colonelle Val\u00e9rie Morcel, chef d\u2019\u00e9tat-major du Comcyber. Concr\u00e8tement, plusieurs structures sp\u00e9cialis\u00e9es vont pouvoir travailler sur le m\u00eame lieu, comme l\u2019Acad\u00e9mie de la cyberd\u00e9fense ou le Centre d\u2019audits de la s\u00e9curit\u00e9 des syst\u00e8mes d\u2019information. Le nouveau b\u00e2timent, occup\u00e9 depuis le d\u00e9but du mois d\u2019ao\u00fbt, permettra \u00e9galement d\u2019accueillir des soldats pour des sessions de formation.<\/p>\n<p>Au-del\u00e0 des personnels en treillis, il s\u2019agit aussi, pour les militaires, de profiter de \u00ab\u00a0l\u2019\u00e9cosyst\u00e8me tr\u00e8s favorable\u00a0\u00bb existant \u00e0 Rennes, des sp\u00e9cialistes bretons des t\u00e9l\u00e9coms aux industriels en passant par la recherche. Ce bouillon de culture cyber doit leur permettre en effet de \u00ab\u00a0d\u00e9velopper de nouveaux modes d\u2019action\u00a0\u00bb ou de \u00ab\u00a0recruter\u00a0\u00bb, rappelle Val\u00e9rie Morcel. \u00ab\u00a0Avec ce regroupement, la capitale bretonne ne devient pas seulement le centre r\u00e9galien cyber des arm\u00e9es mais aussi, plus largement, de l\u2019\u00c9tat\u00a0\u00bb, observe \u00e9galement Arnaud Coustilli\u00e8re.<\/p>\n<blockquote><p>Avec ce regroupement, la capitale bretonne ne devient pas seulement le centre r\u00e9galien cyber des arm\u00e9es mais aussi, plus largement, de l\u2019\u00c9tat.<\/p><\/blockquote>\n<p>Outre le Comcyber, on y retrouve, en effet, la DGA Ma\u00eetrise de l\u2019information, la structure faisant office d\u2019arsenal cyber pour les arm\u00e9es et le renseignement fran\u00e7ais, ou encore des \u00e9quipes de l\u2019Anssi, le cyber-pompier fran\u00e7ais. \u00ab\u00a0C\u2019est une dynamique forte pour le territoire\u00a0\u00bb, salue J\u00e9r\u00f4me Tr\u00e9-Hardy. Pour le conseiller r\u00e9gional d\u00e9l\u00e9gu\u00e9 au num\u00e9rique, \u00e0 la cybers\u00e9curit\u00e9 et aux donn\u00e9es, elle n\u2019a, d\u2019ailleurs, pas encore donn\u00e9 tout son potentiel. \u00ab\u00a0Cela ne peut que s\u2019acc\u00e9l\u00e9rer, on le voit bien \u00e0 l\u2019\u00e9tranger, la pr\u00e9sence des Arm\u00e9es est un appel d\u2019air incroyable avec la cr\u00e9ation et le d\u00e9veloppement d\u2019entreprises\u00a0\u00bb, anticipe l\u2019\u00e9lu divers gauche. De quoi augurer bien des rentr\u00e9es studieuses.<\/p>\n","protected":false},"excerpt":{"rendered":"Rentr\u00e9e studieuse pour les soldats sp\u00e9cialis\u00e9s dans la cyberd\u00e9fense. \u00c0 la mi-septembre, comme vient de le signaler r\u00e9cemment&hellip;\n","protected":false},"author":2,"featured_media":444509,"comment_status":"","ping_status":"","sticky":false,"template":"","format":"standard","meta":{"footnotes":""},"categories":[2821],"tags":[1111,11,829,1075,1782,1777,674,1011,27,3535,848,12,584,25,18089],"class_list":{"0":"post-444508","1":"post","2":"type-post","3":"status-publish","4":"format-standard","5":"has-post-thumbnail","7":"category-rennes","8":"tag-actu","9":"tag-actualites","10":"tag-bretagne","11":"tag-cybersecurite","12":"tag-defense-nationale","13":"tag-eu","14":"tag-europe","15":"tag-fr","16":"tag-france","17":"tag-geopolitique","18":"tag-ille-et-vilaine","19":"tag-news","20":"tag-rennes","21":"tag-republique-francaise","22":"tag-selection-showcase"},"share_on_mastodon":{"url":"https:\/\/pubeurope.com\/@fr\/115331531016155088","error":""},"_links":{"self":[{"href":"https:\/\/www.europesays.com\/fr\/wp-json\/wp\/v2\/posts\/444508","targetHints":{"allow":["GET"]}}],"collection":[{"href":"https:\/\/www.europesays.com\/fr\/wp-json\/wp\/v2\/posts"}],"about":[{"href":"https:\/\/www.europesays.com\/fr\/wp-json\/wp\/v2\/types\/post"}],"author":[{"embeddable":true,"href":"https:\/\/www.europesays.com\/fr\/wp-json\/wp\/v2\/users\/2"}],"replies":[{"embeddable":true,"href":"https:\/\/www.europesays.com\/fr\/wp-json\/wp\/v2\/comments?post=444508"}],"version-history":[{"count":0,"href":"https:\/\/www.europesays.com\/fr\/wp-json\/wp\/v2\/posts\/444508\/revisions"}],"wp:featuredmedia":[{"embeddable":true,"href":"https:\/\/www.europesays.com\/fr\/wp-json\/wp\/v2\/media\/444509"}],"wp:attachment":[{"href":"https:\/\/www.europesays.com\/fr\/wp-json\/wp\/v2\/media?parent=444508"}],"wp:term":[{"taxonomy":"category","embeddable":true,"href":"https:\/\/www.europesays.com\/fr\/wp-json\/wp\/v2\/categories?post=444508"},{"taxonomy":"post_tag","embeddable":true,"href":"https:\/\/www.europesays.com\/fr\/wp-json\/wp\/v2\/tags?post=444508"}],"curies":[{"name":"wp","href":"https:\/\/api.w.org\/{rel}","templated":true}]}}