{"id":444510,"date":"2025-10-07T06:44:10","date_gmt":"2025-10-07T06:44:10","guid":{"rendered":"https:\/\/www.europesays.com\/fr\/444510\/"},"modified":"2025-10-07T06:44:10","modified_gmt":"2025-10-07T06:44:10","slug":"ikks-en-redressement-judiciaire-plusieurs-boutiques-menacees-en-ille-et-vilaine-voici-ou","status":"publish","type":"post","link":"https:\/\/www.europesays.com\/fr\/444510\/","title":{"rendered":"IKKS en redressement judiciaire\u00a0: plusieurs boutiques menac\u00e9es en Ille-et-Vilaine, voici o\u00f9"},"content":{"rendered":"<p>L\u2019h\u00e9catombe <a href=\"https:\/\/www.letelegramme.fr\/economie\/entreprise\/2023-annee-noire-pour-les-enseignes-de-pret-a-porter-6510432.php\" target=\"_blank\" rel=\"noopener\">se poursuit<\/a> dans le secteur du pr\u00eat-\u00e0-porter. Apr\u00e8s Cama\u00efeu, Kooka\u00ef, Andr\u00e9, San Marina ou encore Minelli, c\u2019est au tour de l\u2019enseigne de mode IKKS d\u2019\u00eatre plac\u00e9e en redressement judiciaire. <a href=\"https:\/\/www.letelegramme.fr\/economie\/entreprise\/pret-a-porter-ikks-place-en-redressement-judiciaire-plus-de-1-000-emplois-menaces-6902395.php\" target=\"_blank\" rel=\"noopener\">Une d\u00e9cision<\/a> prise tout d\u00e9but octobre par le tribunal des activit\u00e9s \u00e9conomiques de Paris, qui a ouvert une p\u00e9riode d\u2019observation jusqu\u2019en avril 2026.<\/p>\n<p>La proc\u00e9dure ne concerne que les activit\u00e9s de l\u2019enseigne en France, o\u00f9 elle op\u00e8re sous les marques IKKS, I.Code et One Step. Selon l\u2019Agence France-Presse (AFP), plus de 1 000 emplois sont menac\u00e9s, dans les quelque 500 boutiques du groupe.<\/p>\n<p>Pour redresser la barre, IKKS pourrait d\u00e9cider de fermer des magasins et de licencier. Il l\u2019a d\u00e9j\u00e0 fait <a href=\"https:\/\/www.letelegramme.fr\/economie\/pret-a-porter-ikks-envisage-une-reduction-deffectifs-et-du-nombre-de-magasins-6520341.php\" target=\"_blank\" rel=\"noopener\">en 2024<\/a>, ann\u00e9e marqu\u00e9e par 77 fermetures et 140 suppressions de postes. \u00c0 ce stade, rien n\u2019a encore \u00e9t\u00e9 act\u00e9. Mais \u00e0 Rennes, \u00ab on ne se fait pas d\u2019illusion \u00bb, indique une salari\u00e9e souhaitant rester anonyme.<\/p>\n<p>Rennes et Saint-Malo<\/p>\n<p>En Ille-et-Vilaine, IKKS compte une dizaine de magasins pour hommes, femmes et enfants. Six d\u2019entre eux sont \u00e0 Rennes : deux dans le centre-ville (rue Nationale et rue de Toulouse), un au sein du centre commercial Alma, deux autres dans le centre commercial Grand Quartier et un corner aux Galeries Lafayette. One Step est \u00e9galement pr\u00e9sent \u00e0 Rennes (rue Chateaurenault). I.Code, en revanche, n\u2019y est plus depuis la fermeture de la boutique de la rue Lafayette, en novembre 2024.<\/p>\n<p>En dehors de Rennes, IKKS est install\u00e9 \u00e0 Saint-Malo, avec trois boutiques dans l\u2019intra-muros (deux rue Broussais et une dans la Grande rue).<\/p>\n<p>En plus de ces magasins, les articles IKKS peuvent \u00eatre propos\u00e9s dans des magasins (multimarques ou non) tenus par ind\u00e9pendants. Ceux-ci ne sont pas concern\u00e9s par la proc\u00e9dure de redressement judiciaire.<\/p>\n","protected":false},"excerpt":{"rendered":"L\u2019h\u00e9catombe se poursuit dans le secteur du pr\u00eat-\u00e0-porter. Apr\u00e8s Cama\u00efeu, Kooka\u00ef, Andr\u00e9, San Marina ou encore Minelli, c\u2019est&hellip;\n","protected":false},"author":2,"featured_media":444511,"comment_status":"","ping_status":"","sticky":false,"template":"","format":"standard","meta":{"footnotes":""},"categories":[2821],"tags":[1111,11,829,215,2033,33,1777,674,1011,27,848,12,584,25,3728],"class_list":{"0":"post-444510","1":"post","2":"type-post","3":"status-publish","4":"format-standard","5":"has-post-thumbnail","7":"category-rennes","8":"tag-actu","9":"tag-actualites","10":"tag-bretagne","11":"tag-commerce","12":"tag-commerces-a-rennes","13":"tag-economie","14":"tag-eu","15":"tag-europe","16":"tag-fr","17":"tag-france","18":"tag-ille-et-vilaine","19":"tag-news","20":"tag-rennes","21":"tag-republique-francaise","22":"tag-saint-malo"},"share_on_mastodon":{"url":"https:\/\/pubeurope.com\/@fr\/115331534931539290","error":""},"_links":{"self":[{"href":"https:\/\/www.europesays.com\/fr\/wp-json\/wp\/v2\/posts\/444510","targetHints":{"allow":["GET"]}}],"collection":[{"href":"https:\/\/www.europesays.com\/fr\/wp-json\/wp\/v2\/posts"}],"about":[{"href":"https:\/\/www.europesays.com\/fr\/wp-json\/wp\/v2\/types\/post"}],"author":[{"embeddable":true,"href":"https:\/\/www.europesays.com\/fr\/wp-json\/wp\/v2\/users\/2"}],"replies":[{"embeddable":true,"href":"https:\/\/www.europesays.com\/fr\/wp-json\/wp\/v2\/comments?post=444510"}],"version-history":[{"count":0,"href":"https:\/\/www.europesays.com\/fr\/wp-json\/wp\/v2\/posts\/444510\/revisions"}],"wp:featuredmedia":[{"embeddable":true,"href":"https:\/\/www.europesays.com\/fr\/wp-json\/wp\/v2\/media\/444511"}],"wp:attachment":[{"href":"https:\/\/www.europesays.com\/fr\/wp-json\/wp\/v2\/media?parent=444510"}],"wp:term":[{"taxonomy":"category","embeddable":true,"href":"https:\/\/www.europesays.com\/fr\/wp-json\/wp\/v2\/categories?post=444510"},{"taxonomy":"post_tag","embeddable":true,"href":"https:\/\/www.europesays.com\/fr\/wp-json\/wp\/v2\/tags?post=444510"}],"curies":[{"name":"wp","href":"https:\/\/api.w.org\/{rel}","templated":true}]}}