{"id":444520,"date":"2025-10-07T06:50:10","date_gmt":"2025-10-07T06:50:10","guid":{"rendered":"https:\/\/www.europesays.com\/fr\/444520\/"},"modified":"2025-10-07T06:50:10","modified_gmt":"2025-10-07T06:50:10","slug":"reveil-en-sursaut-pour-les-clients-dun-hotel-de-nantes-evacues-en-pleine-nuit","status":"publish","type":"post","link":"https:\/\/www.europesays.com\/fr\/444520\/","title":{"rendered":"R\u00e9veil en sursaut pour les clients d&rsquo;un h\u00f4tel de Nantes \u00e9vacu\u00e9s en pleine nuit"},"content":{"rendered":"<p>Les pompiers sont intervenus dans la nuit de lundi \u00e0 mardi pour une suspicion de fuite de gaz dans un h\u00f4tel situ\u00e9 pr\u00e8s de la gare de Nantes. \u00c0 leur arriv\u00e9e, les clients avaient \u00e9t\u00e9 \u00e9vacu\u00e9s. Mais il s&rsquo;agissait d&rsquo;une fausse alerte.<\/p>\n<p>\u00c0 Nantes, <strong>les 67 clients<\/strong> du Chachacha H\u00f4tel ont \u00e9t\u00e9 tir\u00e9s de leur sommeil dans la nuit de lundi \u00e0 mardi. Il \u00e9tait un peu plus de 3\u00a0h\u00a030 du matin quand le gardien de l&rsquo;\u00e9tablissement a fait \u00e9vacuer l&rsquo;h\u00f4tel et a alert\u00e9 les secours pour une <strong>suspicion de fuite de gaz<\/strong>. Quelques minutes plus tard, une quinzaine de sapeurs-pompiers et deux engins \u00e9taient sur place. Apr\u00e8s reconnaissance, aucune fuite, aucune anomalie, il a \u00e9t\u00e9 \u00e9tabli qu&rsquo;il s&rsquo;agissait d&rsquo;un d\u00e9clenchement intempestif de l&rsquo;alarme.<\/p>\n<p>Le Chachacha H\u00f4tel est un \u00e9tablissement ouvert au cours de l&rsquo;\u00e9t\u00e9 2025, il est situ\u00e9 sur l&rsquo;all\u00e9e du Commandant Charcot, \u00e0 quelques dizaines de m\u00e8tres de la gare SNCF.<\/p>\n","protected":false},"excerpt":{"rendered":"Les pompiers sont intervenus dans la nuit de lundi \u00e0 mardi pour une suspicion de fuite de gaz&hellip;\n","protected":false},"author":2,"featured_media":444521,"comment_status":"","ping_status":"","sticky":false,"template":"","format":"standard","meta":{"footnotes":""},"categories":[2818],"tags":[1111,11,1777,674,1011,27,766,12,2636,25],"class_list":{"0":"post-444520","1":"post","2":"type-post","3":"status-publish","4":"format-standard","5":"has-post-thumbnail","7":"category-nantes","8":"tag-actu","9":"tag-actualites","10":"tag-eu","11":"tag-europe","12":"tag-fr","13":"tag-france","14":"tag-nantes","15":"tag-news","16":"tag-pays-de-la-loire","17":"tag-republique-francaise"},"share_on_mastodon":{"url":"https:\/\/pubeurope.com\/@fr\/115331558533870014","error":""},"_links":{"self":[{"href":"https:\/\/www.europesays.com\/fr\/wp-json\/wp\/v2\/posts\/444520","targetHints":{"allow":["GET"]}}],"collection":[{"href":"https:\/\/www.europesays.com\/fr\/wp-json\/wp\/v2\/posts"}],"about":[{"href":"https:\/\/www.europesays.com\/fr\/wp-json\/wp\/v2\/types\/post"}],"author":[{"embeddable":true,"href":"https:\/\/www.europesays.com\/fr\/wp-json\/wp\/v2\/users\/2"}],"replies":[{"embeddable":true,"href":"https:\/\/www.europesays.com\/fr\/wp-json\/wp\/v2\/comments?post=444520"}],"version-history":[{"count":0,"href":"https:\/\/www.europesays.com\/fr\/wp-json\/wp\/v2\/posts\/444520\/revisions"}],"wp:featuredmedia":[{"embeddable":true,"href":"https:\/\/www.europesays.com\/fr\/wp-json\/wp\/v2\/media\/444521"}],"wp:attachment":[{"href":"https:\/\/www.europesays.com\/fr\/wp-json\/wp\/v2\/media?parent=444520"}],"wp:term":[{"taxonomy":"category","embeddable":true,"href":"https:\/\/www.europesays.com\/fr\/wp-json\/wp\/v2\/categories?post=444520"},{"taxonomy":"post_tag","embeddable":true,"href":"https:\/\/www.europesays.com\/fr\/wp-json\/wp\/v2\/tags?post=444520"}],"curies":[{"name":"wp","href":"https:\/\/api.w.org\/{rel}","templated":true}]}}