{"id":444600,"date":"2025-10-07T07:45:19","date_gmt":"2025-10-07T07:45:19","guid":{"rendered":"https:\/\/www.europesays.com\/fr\/444600\/"},"modified":"2025-10-07T07:45:19","modified_gmt":"2025-10-07T07:45:19","slug":"deux-recrues-pour-lasptt-nancy-actualite","status":"publish","type":"post","link":"https:\/\/www.europesays.com\/fr\/444600\/","title":{"rendered":"Deux recrues pour l\u2019ASPTT Nancy &#8211; Actualit\u00e9"},"content":{"rendered":"<p style=\"text-align: justify;\">L\u2019ASPTT Nancy annonce deux premi\u00e8res recrues pour la saison 2026, \u00e0 savoir Rom\u00e9o Brodeau (UVCA Troyes) et Alban Tchernishoff (VC Chaumont).<\/p>\n<p>Rom\u00e9o Brodeau &#8211; notre photo -, qui aura 20 ans en novembre prochain, s\u2019est class\u00e9 cette ann\u00e9e 5e du Prix de Clermont, 14e du Grand Prix de Saint-Ly\u00e9 et 15e de la Ronde Avizoise.<\/p>\n<p>Alban Tchernishoff, 20 ans, a pris la 13e place du Prix des Hauts de Salm et la 14e place du Circuit des Vosges c\u00f4t\u00e9 Sud Ouest.<\/p>\n<p>Retrouvez toutes les mutations du peloton amateur\u00a0<strong><a href=\"https:\/\/www.directvelo.com\/mutations\/2026\" target=\"_blank\" rel=\"noopener\">en cliquant ici<\/a><\/strong>.<\/p>\n","protected":false},"excerpt":{"rendered":"L\u2019ASPTT Nancy annonce deux premi\u00e8res recrues pour la saison 2026, \u00e0 savoir Rom\u00e9o Brodeau (UVCA Troyes) et Alban&hellip;\n","protected":false},"author":2,"featured_media":444601,"comment_status":"","ping_status":"","sticky":false,"template":"","format":"standard","meta":{"footnotes":""},"categories":[9635],"tags":[1111,11,834,828,836,829,837,827,83,826,824,823,207,814,817,815,816,822,821,1777,674,832,211,839,1011,27,775,820,818,819,1702,12,835,831,830,833,838,25,212,208,825],"class_list":{"0":"post-444600","1":"post","2":"type-post","3":"status-publish","4":"format-standard","5":"has-post-thumbnail","7":"category-nancy","8":"tag-actu","9":"tag-actualites","10":"tag-attaque","11":"tag-belgique","12":"tag-braquet","13":"tag-bretagne","14":"tag-chute","15":"tag-competition","16":"tag-coupe-de-france","17":"tag-coureur","18":"tag-course-cyclisme","19":"tag-course-cycliste","20":"tag-cyclisme","21":"tag-direct","22":"tag-direct-velo","23":"tag-directvelo","24":"tag-directvelo-com","25":"tag-epreuve","26":"tag-epreuve-cycliste","27":"tag-eu","28":"tag-europe","29":"tag-federation-francaise-de-cyclisme","30":"tag-ffc","31":"tag-flandres","32":"tag-fr","33":"tag-france","34":"tag-grand-est","35":"tag-live","36":"tag-live-course","37":"tag-live-epreuve","38":"tag-nancy","39":"tag-news","40":"tag-peloton","41":"tag-radio-peloton","42":"tag-radio-tour","43":"tag-ravitaillement","44":"tag-relance","45":"tag-republique-francaise","46":"tag-uci","47":"tag-velo","48":"tag-velos"},"share_on_mastodon":{"url":"","error":"Validation failed: Text character limit of 500 exceeded"},"_links":{"self":[{"href":"https:\/\/www.europesays.com\/fr\/wp-json\/wp\/v2\/posts\/444600","targetHints":{"allow":["GET"]}}],"collection":[{"href":"https:\/\/www.europesays.com\/fr\/wp-json\/wp\/v2\/posts"}],"about":[{"href":"https:\/\/www.europesays.com\/fr\/wp-json\/wp\/v2\/types\/post"}],"author":[{"embeddable":true,"href":"https:\/\/www.europesays.com\/fr\/wp-json\/wp\/v2\/users\/2"}],"replies":[{"embeddable":true,"href":"https:\/\/www.europesays.com\/fr\/wp-json\/wp\/v2\/comments?post=444600"}],"version-history":[{"count":0,"href":"https:\/\/www.europesays.com\/fr\/wp-json\/wp\/v2\/posts\/444600\/revisions"}],"wp:featuredmedia":[{"embeddable":true,"href":"https:\/\/www.europesays.com\/fr\/wp-json\/wp\/v2\/media\/444601"}],"wp:attachment":[{"href":"https:\/\/www.europesays.com\/fr\/wp-json\/wp\/v2\/media?parent=444600"}],"wp:term":[{"taxonomy":"category","embeddable":true,"href":"https:\/\/www.europesays.com\/fr\/wp-json\/wp\/v2\/categories?post=444600"},{"taxonomy":"post_tag","embeddable":true,"href":"https:\/\/www.europesays.com\/fr\/wp-json\/wp\/v2\/tags?post=444600"}],"curies":[{"name":"wp","href":"https:\/\/api.w.org\/{rel}","templated":true}]}}