{"id":444602,"date":"2025-10-07T07:46:14","date_gmt":"2025-10-07T07:46:14","guid":{"rendered":"https:\/\/www.europesays.com\/fr\/444602\/"},"modified":"2025-10-07T07:46:14","modified_gmt":"2025-10-07T07:46:14","slug":"le-petit-prince-sur-la-glace-30-10-2025-toulon","status":"publish","type":"post","link":"https:\/\/www.europesays.com\/fr\/444602\/","title":{"rendered":"Le Petit Prince sur la glace &#8211; 30\/10\/2025 &#8211; Toulon"},"content":{"rendered":"<p>D\u00e9couvrez\u00a0<strong>Le Petit Prince sur la glace<\/strong>, une adaptation spectaculaire du chef-d\u2019\u0153uvre d\u2019Antoine de Saint-Exup\u00e9ry. Ce spectacle unique m\u00eale\u00a0<strong>patinage artistique de haut niveau<\/strong>,\u00a0<strong>acrobaties a\u00e9riennes<\/strong>,\u00a0<strong>projections immersives<\/strong>,\u00a0<strong>costumes lumineux<\/strong>\u00a0et\u00a0<strong>musique originale<\/strong>\u00a0pour faire revivre l\u2019univers enchanteur du Petit Prince sur une sc\u00e8ne glac\u00e9e.<br \/>Destin\u00e9 \u00e0 toute la famille, ce voyage interstellaire transporte petits et grands \u00e0 travers des plan\u00e8tes \u00e9tonnantes, \u00e0 la rencontre de personnages inoubliables. Une aventure \u00e9mouvante et visuellement \u00e9blouissante, qui nous rappelle que\u00a0<strong>l\u2019essentiel est invisible pour les yeux<\/strong>.<br \/>Un rendez-vous f\u00e9\u00e9rique pour r\u00eaver, r\u00e9fl\u00e9chir et voir avec le c\u0153ur.<\/p>\n<p>&#13;<\/p>\n<p><strong><strong><strong>Billetterie en ligne :\u00a0<a href=\"https:\/\/lepetitprincesurlaglace.fr\/?utm_source=fb&amp;utm_medium=dgtlpros_target_lepetiteprince-2025&amp;utm_id=120229602464240381&amp;utm_content=120229604717830381&amp;utm_term=120229602464400381&amp;utm_campaign=120229602464240381&amp;fbclid=IwY2xjawNRohZleHRuA2FlbQEwAGFkaWQBqyQw9fWMLQEeYJ5uPTFRgZvy2f5ns2Li1tFQadpowHRNKh8oNqMDHDlgiXd_6hPg4CY0MFQ_aem_7nyJ6OyOXISHWP0ff4iPIQ\" target=\"_blank\" rel=\"nofollow noopener\">lepetitprincesurlaglace.fr<\/a><\/strong><\/strong><\/strong><\/p>\n","protected":false},"excerpt":{"rendered":"D\u00e9couvrez\u00a0Le Petit Prince sur la glace, une adaptation spectaculaire du chef-d\u2019\u0153uvre d\u2019Antoine de Saint-Exup\u00e9ry. Ce spectacle unique m\u00eale\u00a0patinage&hellip;\n","protected":false},"author":2,"featured_media":444603,"comment_status":"","ping_status":"","sticky":false,"template":"","format":"standard","meta":{"footnotes":""},"categories":[9619],"tags":[1111,11,1777,674,1011,27,12,882,25,2310],"class_list":{"0":"post-444602","1":"post","2":"type-post","3":"status-publish","4":"format-standard","5":"has-post-thumbnail","7":"category-toulon","8":"tag-actu","9":"tag-actualites","10":"tag-eu","11":"tag-europe","12":"tag-fr","13":"tag-france","14":"tag-news","15":"tag-provence-alpes-cote-dazur","16":"tag-republique-francaise","17":"tag-toulon"},"share_on_mastodon":{"url":"https:\/\/pubeurope.com\/@fr\/115331778814603868","error":""},"_links":{"self":[{"href":"https:\/\/www.europesays.com\/fr\/wp-json\/wp\/v2\/posts\/444602","targetHints":{"allow":["GET"]}}],"collection":[{"href":"https:\/\/www.europesays.com\/fr\/wp-json\/wp\/v2\/posts"}],"about":[{"href":"https:\/\/www.europesays.com\/fr\/wp-json\/wp\/v2\/types\/post"}],"author":[{"embeddable":true,"href":"https:\/\/www.europesays.com\/fr\/wp-json\/wp\/v2\/users\/2"}],"replies":[{"embeddable":true,"href":"https:\/\/www.europesays.com\/fr\/wp-json\/wp\/v2\/comments?post=444602"}],"version-history":[{"count":0,"href":"https:\/\/www.europesays.com\/fr\/wp-json\/wp\/v2\/posts\/444602\/revisions"}],"wp:featuredmedia":[{"embeddable":true,"href":"https:\/\/www.europesays.com\/fr\/wp-json\/wp\/v2\/media\/444603"}],"wp:attachment":[{"href":"https:\/\/www.europesays.com\/fr\/wp-json\/wp\/v2\/media?parent=444602"}],"wp:term":[{"taxonomy":"category","embeddable":true,"href":"https:\/\/www.europesays.com\/fr\/wp-json\/wp\/v2\/categories?post=444602"},{"taxonomy":"post_tag","embeddable":true,"href":"https:\/\/www.europesays.com\/fr\/wp-json\/wp\/v2\/tags?post=444602"}],"curies":[{"name":"wp","href":"https:\/\/api.w.org\/{rel}","templated":true}]}}