{"id":444604,"date":"2025-10-07T07:47:41","date_gmt":"2025-10-07T07:47:41","guid":{"rendered":"https:\/\/www.europesays.com\/fr\/444604\/"},"modified":"2025-10-07T07:47:41","modified_gmt":"2025-10-07T07:47:41","slug":"le-mag-rugby-retour-avec-loic-credoz-sur-la-defaite-de-la-section-paloise-a-toulon-2","status":"publish","type":"post","link":"https:\/\/www.europesays.com\/fr\/444604\/","title":{"rendered":"Le mag&rsquo; rugby : retour avec Lo\u00efc Credoz sur la d\u00e9faite de la Section Paloise \u00e0 Toulon"},"content":{"rendered":"<p class=\"PopSlotParagraph qg-tx2 qg-xtra-lh svelte-1r0pyek\">Dans le mag&rsquo; rugby d&rsquo;ICI B\u00e9arn Bigorre ce lundi soir, <strong>Lo\u00efc Credoz<\/strong> le 3e ligne de la Section Paloise est notre invit\u00e9 pour revenir sur\u00a0<a href=\"https:\/\/www.francebleu.fr\/sports\/rugby\/top-14-la-compo-de-la-section-paloise-pour-le-match-a-toulon-7610614\" target=\"_blank\" rel=\"noopener nofollow\" class=\"\" data-testid=\"link\">la d\u00e9faite des Vert et Blanc \u00e0 Toulon (33-17)<\/a>, et sur ce qui attend les B\u00e9arnais samedi au Hameau, <strong>la r\u00e9ception du leader Bayonne<\/strong>. L&rsquo;occasion de rester invaincu dans un stade \u00e0 guichets ferm\u00e9s, dans un match jamais tout \u00e0 fait comme les autres. Sans oublier la (Dis)Section, notre chronique en partenariat avec Sud Ouest\u00a0\u00e0 propos du turnover op\u00e9r\u00e9 par le staff de la Section avant le d\u00e9placement dans le Var.<\/p>\n","protected":false},"excerpt":{"rendered":"Dans le mag&rsquo; rugby d&rsquo;ICI B\u00e9arn Bigorre ce lundi soir, Lo\u00efc Credoz le 3e ligne de la Section&hellip;\n","protected":false},"author":2,"featured_media":444605,"comment_status":"","ping_status":"","sticky":false,"template":"","format":"standard","meta":{"footnotes":""},"categories":[9619],"tags":[1111,11,1777,674,1011,27,12,882,25,2310],"class_list":{"0":"post-444604","1":"post","2":"type-post","3":"status-publish","4":"format-standard","5":"has-post-thumbnail","7":"category-toulon","8":"tag-actu","9":"tag-actualites","10":"tag-eu","11":"tag-europe","12":"tag-fr","13":"tag-france","14":"tag-news","15":"tag-provence-alpes-cote-dazur","16":"tag-republique-francaise","17":"tag-toulon"},"share_on_mastodon":{"url":"https:\/\/pubeurope.com\/@fr\/115331782707878783","error":""},"_links":{"self":[{"href":"https:\/\/www.europesays.com\/fr\/wp-json\/wp\/v2\/posts\/444604","targetHints":{"allow":["GET"]}}],"collection":[{"href":"https:\/\/www.europesays.com\/fr\/wp-json\/wp\/v2\/posts"}],"about":[{"href":"https:\/\/www.europesays.com\/fr\/wp-json\/wp\/v2\/types\/post"}],"author":[{"embeddable":true,"href":"https:\/\/www.europesays.com\/fr\/wp-json\/wp\/v2\/users\/2"}],"replies":[{"embeddable":true,"href":"https:\/\/www.europesays.com\/fr\/wp-json\/wp\/v2\/comments?post=444604"}],"version-history":[{"count":0,"href":"https:\/\/www.europesays.com\/fr\/wp-json\/wp\/v2\/posts\/444604\/revisions"}],"wp:featuredmedia":[{"embeddable":true,"href":"https:\/\/www.europesays.com\/fr\/wp-json\/wp\/v2\/media\/444605"}],"wp:attachment":[{"href":"https:\/\/www.europesays.com\/fr\/wp-json\/wp\/v2\/media?parent=444604"}],"wp:term":[{"taxonomy":"category","embeddable":true,"href":"https:\/\/www.europesays.com\/fr\/wp-json\/wp\/v2\/categories?post=444604"},{"taxonomy":"post_tag","embeddable":true,"href":"https:\/\/www.europesays.com\/fr\/wp-json\/wp\/v2\/tags?post=444604"}],"curies":[{"name":"wp","href":"https:\/\/api.w.org\/{rel}","templated":true}]}}