{"id":444610,"date":"2025-10-07T07:50:11","date_gmt":"2025-10-07T07:50:11","guid":{"rendered":"https:\/\/www.europesays.com\/fr\/444610\/"},"modified":"2025-10-07T07:50:11","modified_gmt":"2025-10-07T07:50:11","slug":"rouen-parentraide-un-nouveau-tiers-lieu-pour-les-parents-denfants-handicapes","status":"publish","type":"post","link":"https:\/\/www.europesays.com\/fr\/444610\/","title":{"rendered":"Rouen. Parentraide, un nouveau tiers lieu pour les\u00a0parents d&rsquo;enfants handicap\u00e9s"},"content":{"rendered":"<p melodystyle=\"texte\">A l&rsquo;occasion de la journ\u00e9e nationale des aidants, lundi 6\u00a0octobre, le nouveau tiers lieu Parentraide a \u00e9t\u00e9 inaugur\u00e9 \u00e0 Rouen Saint-Sever. Une structure pour les aidants par des pairs aidants, qui partagent une exp\u00e9rience\u00a0commune, celle d&rsquo;avoir un enfant en situation de handicap.<\/p>\n<p>Un espace qui cr\u00e9e du lien social entre aidants<\/p>\n<p melodystyle=\"texte\">Les aidants doivent \u00eatre disponibles \u00e0 100% aupr\u00e8s de leurs enfants ou proches en situation de handicap. Le quotidien peut donc \u00eatre tr\u00e8s charg\u00e9 entre les soins et la prise en charge de leurs d\u00e9marches administratives. Cette structure est d\u00e9di\u00e9e \u00e0 \u00ab\u00a0l&rsquo;entraide, l&rsquo;\u00e9coute, le soutien et la cr\u00e9ation de lien social par des activit\u00e9s\u00a0\u00bb, explique Khadidja Azzouz, pair aidant familial au sein de l&rsquo;\u00e9quipe Parentraide et maman d&rsquo;un enfant en situation de handicap. Des activit\u00e9s collectives sont donc au programme comme des groupes de parole, du Pilates, des ateliers de cuisine pour prendre soin de soi. Le but est de permettre \u00e0 ces parents aidants d&rsquo;am\u00e9liorer leur bien-\u00eatre, le temps d&rsquo;une heure, par la mise en place de pratiques d&rsquo;accompagnement social par des pairs.<\/p>\n","protected":false},"excerpt":{"rendered":"A l&rsquo;occasion de la journ\u00e9e nationale des aidants, lundi 6\u00a0octobre, le nouveau tiers lieu Parentraide a \u00e9t\u00e9 inaugur\u00e9&hellip;\n","protected":false},"author":2,"featured_media":444611,"comment_status":"","ping_status":"","sticky":false,"template":"","format":"standard","meta":{"footnotes":""},"categories":[9587],"tags":[1111,11,1777,674,1011,27,12,5161,25,9590],"class_list":{"0":"post-444610","1":"post","2":"type-post","3":"status-publish","4":"format-standard","5":"has-post-thumbnail","7":"category-rouen","8":"tag-actu","9":"tag-actualites","10":"tag-eu","11":"tag-europe","12":"tag-fr","13":"tag-france","14":"tag-news","15":"tag-normandie","16":"tag-republique-francaise","17":"tag-rouen"},"share_on_mastodon":{"url":"https:\/\/pubeurope.com\/@fr\/115331794477446483","error":""},"_links":{"self":[{"href":"https:\/\/www.europesays.com\/fr\/wp-json\/wp\/v2\/posts\/444610","targetHints":{"allow":["GET"]}}],"collection":[{"href":"https:\/\/www.europesays.com\/fr\/wp-json\/wp\/v2\/posts"}],"about":[{"href":"https:\/\/www.europesays.com\/fr\/wp-json\/wp\/v2\/types\/post"}],"author":[{"embeddable":true,"href":"https:\/\/www.europesays.com\/fr\/wp-json\/wp\/v2\/users\/2"}],"replies":[{"embeddable":true,"href":"https:\/\/www.europesays.com\/fr\/wp-json\/wp\/v2\/comments?post=444610"}],"version-history":[{"count":0,"href":"https:\/\/www.europesays.com\/fr\/wp-json\/wp\/v2\/posts\/444610\/revisions"}],"wp:featuredmedia":[{"embeddable":true,"href":"https:\/\/www.europesays.com\/fr\/wp-json\/wp\/v2\/media\/444611"}],"wp:attachment":[{"href":"https:\/\/www.europesays.com\/fr\/wp-json\/wp\/v2\/media?parent=444610"}],"wp:term":[{"taxonomy":"category","embeddable":true,"href":"https:\/\/www.europesays.com\/fr\/wp-json\/wp\/v2\/categories?post=444610"},{"taxonomy":"post_tag","embeddable":true,"href":"https:\/\/www.europesays.com\/fr\/wp-json\/wp\/v2\/tags?post=444610"}],"curies":[{"name":"wp","href":"https:\/\/api.w.org\/{rel}","templated":true}]}}