{"id":444612,"date":"2025-10-07T07:51:16","date_gmt":"2025-10-07T07:51:16","guid":{"rendered":"https:\/\/www.europesays.com\/fr\/444612\/"},"modified":"2025-10-07T07:51:16","modified_gmt":"2025-10-07T07:51:16","slug":"rouen-le-tunnel-de-la-grandmare-sera-ferme-plusieurs-nuits-cette-semaine","status":"publish","type":"post","link":"https:\/\/www.europesays.com\/fr\/444612\/","title":{"rendered":"Rouen. Le tunnel de la Grand&rsquo;Mare sera ferm\u00e9 plusieurs nuits cette semaine"},"content":{"rendered":"<p melodystyle=\"texte\">La Direction interd\u00e9partementale des routes nord-ouest (Dirno) va r\u00e9aliser des travaux de r\u00e9fection de chauss\u00e9e au niveau de la t\u00eate nord du tunnel de la Grand&rsquo;Mare, sur la RN28, du lundi 6 au vendredi 10 octobre pour 4 nuits.<\/p>\n<p>Longer la RN28<\/p>\n<p melodystyle=\"texte\">A cette occasion, le tunnel de la Grand&rsquo;Mare sera ferm\u00e9 dans le sens Rouen vers Abbeville de 20h \u00e0 6h. Vous pourrez longer la RN28 par la RD243a.<\/p>\n","protected":false},"excerpt":{"rendered":"La Direction interd\u00e9partementale des routes nord-ouest (Dirno) va r\u00e9aliser des travaux de r\u00e9fection de chauss\u00e9e au niveau de&hellip;\n","protected":false},"author":2,"featured_media":444613,"comment_status":"","ping_status":"","sticky":false,"template":"","format":"standard","meta":{"footnotes":""},"categories":[9587],"tags":[1111,11,1777,674,1011,27,12,5161,25,9590],"class_list":{"0":"post-444612","1":"post","2":"type-post","3":"status-publish","4":"format-standard","5":"has-post-thumbnail","7":"category-rouen","8":"tag-actu","9":"tag-actualites","10":"tag-eu","11":"tag-europe","12":"tag-fr","13":"tag-france","14":"tag-news","15":"tag-normandie","16":"tag-republique-francaise","17":"tag-rouen"},"share_on_mastodon":{"url":"https:\/\/pubeurope.com\/@fr\/115331798314915629","error":""},"_links":{"self":[{"href":"https:\/\/www.europesays.com\/fr\/wp-json\/wp\/v2\/posts\/444612","targetHints":{"allow":["GET"]}}],"collection":[{"href":"https:\/\/www.europesays.com\/fr\/wp-json\/wp\/v2\/posts"}],"about":[{"href":"https:\/\/www.europesays.com\/fr\/wp-json\/wp\/v2\/types\/post"}],"author":[{"embeddable":true,"href":"https:\/\/www.europesays.com\/fr\/wp-json\/wp\/v2\/users\/2"}],"replies":[{"embeddable":true,"href":"https:\/\/www.europesays.com\/fr\/wp-json\/wp\/v2\/comments?post=444612"}],"version-history":[{"count":0,"href":"https:\/\/www.europesays.com\/fr\/wp-json\/wp\/v2\/posts\/444612\/revisions"}],"wp:featuredmedia":[{"embeddable":true,"href":"https:\/\/www.europesays.com\/fr\/wp-json\/wp\/v2\/media\/444613"}],"wp:attachment":[{"href":"https:\/\/www.europesays.com\/fr\/wp-json\/wp\/v2\/media?parent=444612"}],"wp:term":[{"taxonomy":"category","embeddable":true,"href":"https:\/\/www.europesays.com\/fr\/wp-json\/wp\/v2\/categories?post=444612"},{"taxonomy":"post_tag","embeddable":true,"href":"https:\/\/www.europesays.com\/fr\/wp-json\/wp\/v2\/tags?post=444612"}],"curies":[{"name":"wp","href":"https:\/\/api.w.org\/{rel}","templated":true}]}}