{"id":444614,"date":"2025-10-07T07:53:05","date_gmt":"2025-10-07T07:53:05","guid":{"rendered":"https:\/\/www.europesays.com\/fr\/444614\/"},"modified":"2025-10-07T07:53:05","modified_gmt":"2025-10-07T07:53:05","slug":"isere-ces-stations-proposent-un-forfait-de-ski-a-petits-prix-voici-comment-lobtenir","status":"publish","type":"post","link":"https:\/\/www.europesays.com\/fr\/444614\/","title":{"rendered":"Is\u00e8re. Ces stations proposent un forfait de ski \u00e0 petits prix : voici comment l&rsquo;obtenir"},"content":{"rendered":"<p>            Par<br \/>\n        <strong><br \/>\n            <a href=\"https:\/\/actu.fr\/auteur\/lisa-rodrigues\" title=\"Consulter tous les articles de Lisa Rodrigues\" rel=\"nofollow noopener\" target=\"_blank\">Lisa Rodrigues<\/a><br \/>\n        <\/strong><\/p>\n<p>        Publi\u00e9 le<\/p>\n<p>            4 oct. 2025 \u00e0 6h46        <\/p>\n<p>Skier \u00e0 petits prix, c\u2019est possible dans le Vercors, pr\u00e8s de <a href=\"https:\/\/actu.fr\/auvergne-rhone-alpes\/grenoble_38185\" rel=\"nofollow noopener\" target=\"_blank\">Grenoble<\/a>. Une <strong>petite dizaine de stations<\/strong> is\u00e9roises et dr\u00f4moises du massif propose un forfait unique de ski pour la saison 2025-2026 sur l\u2019ensemble des 600 km de pistes du domaine skiable, perch\u00e9es entre 1 050 et 2 050 m\u00e8tres.<\/p>\n<p class=\" wall-content\">Pour permettre au plus grand nombre d\u2019en profiter, une <strong>grande vente flash<\/strong> avec des forfaits \u00e0 prix r\u00e9duits est organis\u00e9e d\u00e9but octobre, \u00e0 quelques semaines de l\u2019ouverture des pistes.<\/p>\n<p>Les prix affich\u00e9s<\/p>\n<p class=\" wall-content\">Ces fameuses ventes flash pour le \u00ab\u00a0Nordic pass Vercors\u00a0\u00bb vont se d\u00e9rouler sur trois jours, <strong>du 9 au 11 octobre inclus<\/strong>. Voici les prix annonc\u00e9s :<\/p>\n<ul class=\" wall-content\">\n<li>Adultes (n\u00e9s entre 1956 et 2005 inclus) : <strong>111\u20ac<\/strong><\/li>\n<li>Seniors (n\u00e9s avant 1955) : <strong>64\u20ac<\/strong><\/li>\n<li>Jeunes (n\u00e9s entre 2006 et 2020 inclus) et \u00e9tudiants : <strong>39\u20ac<\/strong><\/li>\n<\/ul>\n<p class=\" wall-content\">Pour r\u00e9cup\u00e9rer le pr\u00e9cieux pass, rendez-vous sur le <a href=\"https:\/\/vercors.fr\/fr\/tourisme\/outdoor\/nordique\/nordic-pass-vercors\/\" rel=\"nofollow noopener\" target=\"_blank\">site internet<\/a> de la communaut\u00e9 de communes, ou bien sur place aux remont\u00e9es m\u00e9caniques des stations. Notez qu\u2019un justificatif d\u2019identit\u00e9 ou de scolarit\u00e9 va vous \u00eatre demand\u00e9.<\/p>\n<p>Des petits prix aussi en Chartreuse<\/p>\n<p>De l&rsquo;autre c\u00f4t\u00e9 de la cuvette grenobloise, le domaine de Chamechaude (Col de Porte, Sappey en Chartreuse et Saint-Hugues) cog\u00e9r\u00e9 par la M\u00e9tropole de Grenoble et Saint-Pierre-de Chartreuse vient aussi d&rsquo;ouvrir les pr\u00e9ventes de son \u00ab\u00a0Pass Chartreuse\u00a0\u00bb. <br \/>Ici, les forfaits de ski s&rsquo;ach\u00e8tent sur le site internet du domaine : comptez 64\u20ac pour les adultes et 18,5\u20ac pour les jeunes. Les pr\u00e9ventes se termineront le 15 novembre, avant une ouverture des pistes pr\u00e9vues le 29 novembre si la neige est au rendez-vous.<\/p>\n<p>Des pr\u00e9ventes \u00e9galement programm\u00e9es<\/p>\n<p class=\" wall-content\">Si vous ratez la vente flash, une deuxi\u00e8me p\u00e9riode de \u00ab\u00a0pr\u00e9ventes\u00a0\u00bb est programm\u00e9e<strong> du 14 octobre au 16 novembre<\/strong> inclus. Comptez 131 \u20ac en tarif adulte, 70\u20ac en seniors et 46\u20ac pour les jeunes et \u00e9tudiants.<\/p>\n<p>Votre r\u00e9gion, votre actu !<\/p>\n<p>Recevez chaque jour les infos qui comptent pour vous.<\/p>\n<p>\t<a href=\"https:\/\/actu.fr\/newsletter\" class=\"ac-btn ac-btn--corner ac-btn--medium ac-btn--blue800\" rel=\"nofollow noopener\" target=\"_blank\">S&rsquo;incrire<\/a><\/p>\n<p class=\" wall-content\">\u00c0 partir du 17 novembre, les tarifs pleins s\u2019appliqueront : 161\u20ac pour les adultes, 87\u20ac pour les seniors et 56\u20ac pour les jeunes.<\/p>\n<p class=\" wall-content\">Personnalisez votre actualit\u00e9 en ajoutant vos villes et m\u00e9dias en favori avec <a href=\"https:\/\/moncompte.actu.fr\" title=\"D\u00e9couvez Mon Actu\" rel=\"nofollow noopener\" data-trk=\"{&quot;cta&quot;:{&quot;action&quot;:&quot;https:\\\/\\\/moncompte.actu.fr&quot;,&quot;category&quot;:&quot;mon compte&quot;,&quot;from&quot;:&quot;article footer&quot;,&quot;name&quot;:&quot;Mon actu&quot;,&quot;type&quot;:&quot;cta&quot;}}\" target=\"_blank\">Mon Actu<\/a>.<\/p>\n","protected":false},"excerpt":{"rendered":"Par Lisa Rodrigues Publi\u00e9 le 4 oct. 2025 \u00e0 6h46 Skier \u00e0 petits prix, c\u2019est possible dans le&hellip;\n","protected":false},"author":2,"featured_media":444615,"comment_status":"","ping_status":"","sticky":false,"template":"","format":"standard","meta":{"footnotes":""},"categories":[9566],"tags":[1111,11,2430,677,1777,674,1011,27,2731,5324,12,25,4129,104],"class_list":{"0":"post-444614","1":"post","2":"type-post","3":"status-publish","4":"format-standard","5":"has-post-thumbnail","7":"category-grenoble","8":"tag-actu","9":"tag-actualites","10":"tag-auvergne-rhone-alpes","11":"tag-bons-plans","12":"tag-eu","13":"tag-europe","14":"tag-fr","15":"tag-france","16":"tag-grenoble","17":"tag-montagne","18":"tag-news","19":"tag-republique-francaise","20":"tag-ski","21":"tag-societe"},"share_on_mastodon":{"url":"https:\/\/pubeurope.com\/@fr\/115331806299767051","error":""},"_links":{"self":[{"href":"https:\/\/www.europesays.com\/fr\/wp-json\/wp\/v2\/posts\/444614","targetHints":{"allow":["GET"]}}],"collection":[{"href":"https:\/\/www.europesays.com\/fr\/wp-json\/wp\/v2\/posts"}],"about":[{"href":"https:\/\/www.europesays.com\/fr\/wp-json\/wp\/v2\/types\/post"}],"author":[{"embeddable":true,"href":"https:\/\/www.europesays.com\/fr\/wp-json\/wp\/v2\/users\/2"}],"replies":[{"embeddable":true,"href":"https:\/\/www.europesays.com\/fr\/wp-json\/wp\/v2\/comments?post=444614"}],"version-history":[{"count":0,"href":"https:\/\/www.europesays.com\/fr\/wp-json\/wp\/v2\/posts\/444614\/revisions"}],"wp:featuredmedia":[{"embeddable":true,"href":"https:\/\/www.europesays.com\/fr\/wp-json\/wp\/v2\/media\/444615"}],"wp:attachment":[{"href":"https:\/\/www.europesays.com\/fr\/wp-json\/wp\/v2\/media?parent=444614"}],"wp:term":[{"taxonomy":"category","embeddable":true,"href":"https:\/\/www.europesays.com\/fr\/wp-json\/wp\/v2\/categories?post=444614"},{"taxonomy":"post_tag","embeddable":true,"href":"https:\/\/www.europesays.com\/fr\/wp-json\/wp\/v2\/tags?post=444614"}],"curies":[{"name":"wp","href":"https:\/\/api.w.org\/{rel}","templated":true}]}}