{"id":444618,"date":"2025-10-07T07:55:10","date_gmt":"2025-10-07T07:55:10","guid":{"rendered":"https:\/\/www.europesays.com\/fr\/444618\/"},"modified":"2025-10-07T07:55:10","modified_gmt":"2025-10-07T07:55:10","slug":"les-decorations-commencent-deja-a-etre-installees-voici-quand-debuteront-les-illuminations","status":"publish","type":"post","link":"https:\/\/www.europesays.com\/fr\/444618\/","title":{"rendered":"les d\u00e9corations commencent d\u00e9j\u00e0 \u00e0 \u00eatre install\u00e9es, voici quand d\u00e9buteront les illuminations"},"content":{"rendered":"<p>            Par<br \/>\n        <strong><br \/>\n            <a href=\"https:\/\/actu.fr\/auteur\/brian-legoff\" title=\"Consulter tous les articles de Brian Le Goff\" target=\"_blank\" rel=\"noopener\">Brian Le Goff<\/a><br \/>\n        <\/strong><\/p>\n<p>        Publi\u00e9 le<\/p>\n<p>            7 oct. 2025 \u00e0 8h59        <\/p>\n<p>La<b> sc\u00e8ne peut \u00e9tonner<\/b> certains en ce d\u00e9but octobre. Avant les f\u00eates de fin d\u2019ann\u00e9e, dans les rues de <a class=\"oiM5sf zmZTPc\" dir=\"ltr\" href=\"https:\/\/actu.fr\/rennes\/\" target=\"_blank\" rel=\"noopener nofollow noreferrer\" aria-describedby=\"ucc-1343\" data-tooltip-y-position=\"1\" data-tooltip-show-delay-ms=\"100\" data-tooltip-anchor-boundary-type=\"2\" data-tooltip-classes=\"L8C7ne\" data-is-hub-custom-hyperlink=\"true\" data-is-editable=\"true\">Rennes<\/a>, les services techniques de la Ville s\u2019affairent d\u00e9j\u00e0 \u00e0 installer les d\u00e9corations de <a class=\"oiM5sf zmZTPc\" dir=\"ltr\" href=\"https:\/\/actu.fr\/tag\/noel-a-rennes\" target=\"_blank\" rel=\"noopener nofollow noreferrer\" aria-describedby=\"ucc-1344\" data-tooltip-y-position=\"1\" data-tooltip-show-delay-ms=\"100\" data-tooltip-anchor-boundary-type=\"2\" data-tooltip-classes=\"L8C7ne\" data-is-hub-custom-hyperlink=\"true\" data-is-editable=\"true\">No\u00ebl<\/a>.<\/p>\n<p>1\u2009000 d\u00e9cors et pr\u00e8s de 10\u00a0km de guirlandes<\/p>\n<p class=\" wall-content\">Il faut en effet <strong>deux mois de montage<\/strong> aux \u00e9quipes \u2013 en dehors de l\u2019entretien du mat\u00e9riel qui se d\u00e9roule tout au long de l\u2019ann\u00e9e \u2013 pour plonger la capitale bretonne dans l\u2019ambiance hivernale.<\/p>\n<p class=\" wall-content\">Ce sont <strong>1\u2009000 d\u00e9cors et pr\u00e8s de 10\u00a0km de guirlandes<\/strong> qui trouvent \u00e0 chaque fois leur place dans le centre-ville, mais aussi dans les quartiers.<\/p>\n<p>Le programme du lancement des illuminations fin novembre<\/p>\n<p class=\" wall-content\">Ce travail d\u2019orf\u00e8vre durera jusqu\u2019\u00e0 la derni\u00e8re minute avant le lancement des illuminations. L\u2019\u00e9v\u00e9nement est programm\u00e9\u2009: il aura le <strong>samedi 29\u00a0novembre en fin d\u2019apr\u00e8s-midi.<\/strong><\/p>\n<p class=\" wall-content\"><strong>D\u00e8s 17h, une d\u00e9ambulation musicale partira de la place Sainte-Anne<\/strong>. Le parcours se terminera place du Parlement, o\u00f9 le <strong>sapin g\u00e9ant, de 13\u00a0m\u00e8tres de hauteur et pesant une tonne, sera allum\u00e9<\/strong> et brillera de mille feux, comme toutes autres d\u00e9corations, <strong>\u00e0 partir de 18h.<\/strong><\/p>\n<p class=\" wall-content\">Le<strong> m\u00eame jour, le village de No\u00ebl ouvrira au m\u00eame endroit.<\/strong> Il sera ouvert jusqu\u2019au dimanche 4 janvier inclus tous les jours, de 12h \u00e0 21h (sauf les 24 et 31 d\u00e9cembre de 12\u2009h \u00e0 19\u2009h, et le 25 d\u00e9cembre et le 1er\u00a0janvier\u00a0de 15\u2009h \u00e0 21\u2009h).<\/p>\n<p>Votre r\u00e9gion, votre actu !<\/p>\n<p>Recevez chaque jour les infos qui comptent pour vous.<\/p>\n<p>\t<a href=\"https:\/\/actu.fr\/newsletter\" class=\"ac-btn ac-btn--corner ac-btn--medium ac-btn--blue800\" target=\"_blank\" rel=\"noopener\">S&rsquo;incrire<\/a><br \/>\nD\u00e9p\u00f4t des lettres au p\u00e8re No\u00ebl<\/p>\n<p class=\" wall-content\">Comme l\u2019an pass\u00e9, les enfants pourront venir d\u00e9poser leur lettre au P\u00e8re No\u00ebl dans une <strong>bo\u00eete aux lettres<\/strong> sp\u00e9cialement pr\u00e9vue \u00e0 cet effet sur la<strong> place du Parlement du 29\u00a0novembre au 24\u00a0d\u00e9cembre inclus<\/strong>.<\/p>\n<p class=\" wall-content\">Ils <strong>recevront<\/strong> en retour une <strong>r\u00e9ponse<\/strong> du P\u00e8re No\u00ebl.<\/p>\n<p>Suivez actu Rennes dans les prochains jours et les prochaines semaines pour avoir toutes les informations sur les festivit\u00e9s de fin d\u2019ann\u00e9e dans la capitale bretonne.<\/p>\n<p class=\" wall-content\">Personnalisez votre actualit\u00e9 en ajoutant vos villes et m\u00e9dias en favori avec <a href=\"https:\/\/moncompte.actu.fr\" title=\"D\u00e9couvez Mon Actu\" rel=\"nofollow noopener\" data-trk=\"{&quot;cta&quot;:{&quot;action&quot;:&quot;https:\\\/\\\/moncompte.actu.fr&quot;,&quot;category&quot;:&quot;mon compte&quot;,&quot;from&quot;:&quot;article footer&quot;,&quot;name&quot;:&quot;Mon actu&quot;,&quot;type&quot;:&quot;cta&quot;}}\" target=\"_blank\">Mon Actu<\/a>.<\/p>\n","protected":false},"excerpt":{"rendered":"Par Brian Le Goff Publi\u00e9 le 7 oct. 2025 \u00e0 8h59 La sc\u00e8ne peut \u00e9tonner certains en ce&hellip;\n","protected":false},"author":2,"featured_media":444619,"comment_status":"","ping_status":"","sticky":false,"template":"","format":"standard","meta":{"footnotes":""},"categories":[2821],"tags":[1111,11,829,1777,674,1011,27,1652,12,57084,57085,584,25],"class_list":{"0":"post-444618","1":"post","2":"type-post","3":"status-publish","4":"format-standard","5":"has-post-thumbnail","7":"category-rennes","8":"tag-actu","9":"tag-actualites","10":"tag-bretagne","11":"tag-eu","12":"tag-europe","13":"tag-fr","14":"tag-france","15":"tag-loisirs-culture","16":"tag-news","17":"tag-noel-a-rennes","18":"tag-nouvel-an-a-rennes","19":"tag-rennes","20":"tag-republique-francaise"},"share_on_mastodon":{"url":"https:\/\/pubeurope.com\/@fr\/115331814223522267","error":""},"_links":{"self":[{"href":"https:\/\/www.europesays.com\/fr\/wp-json\/wp\/v2\/posts\/444618","targetHints":{"allow":["GET"]}}],"collection":[{"href":"https:\/\/www.europesays.com\/fr\/wp-json\/wp\/v2\/posts"}],"about":[{"href":"https:\/\/www.europesays.com\/fr\/wp-json\/wp\/v2\/types\/post"}],"author":[{"embeddable":true,"href":"https:\/\/www.europesays.com\/fr\/wp-json\/wp\/v2\/users\/2"}],"replies":[{"embeddable":true,"href":"https:\/\/www.europesays.com\/fr\/wp-json\/wp\/v2\/comments?post=444618"}],"version-history":[{"count":0,"href":"https:\/\/www.europesays.com\/fr\/wp-json\/wp\/v2\/posts\/444618\/revisions"}],"wp:featuredmedia":[{"embeddable":true,"href":"https:\/\/www.europesays.com\/fr\/wp-json\/wp\/v2\/media\/444619"}],"wp:attachment":[{"href":"https:\/\/www.europesays.com\/fr\/wp-json\/wp\/v2\/media?parent=444618"}],"wp:term":[{"taxonomy":"category","embeddable":true,"href":"https:\/\/www.europesays.com\/fr\/wp-json\/wp\/v2\/categories?post=444618"},{"taxonomy":"post_tag","embeddable":true,"href":"https:\/\/www.europesays.com\/fr\/wp-json\/wp\/v2\/tags?post=444618"}],"curies":[{"name":"wp","href":"https:\/\/api.w.org\/{rel}","templated":true}]}}