{"id":444630,"date":"2025-10-07T08:01:30","date_gmt":"2025-10-07T08:01:30","guid":{"rendered":"https:\/\/www.europesays.com\/fr\/444630\/"},"modified":"2025-10-07T08:01:30","modified_gmt":"2025-10-07T08:01:30","slug":"carquefou-salon-de-lhabitat-les-11-et-12-octobre","status":"publish","type":"post","link":"https:\/\/www.europesays.com\/fr\/444630\/","title":{"rendered":"Carquefou. Salon de l\u2019habitat les 11 et 12\u00a0octobre"},"content":{"rendered":"<p>Quarante enseignes et professionnels de proximit\u00e9 exposeront leurs m\u00e9tiers et services les 11 et 12\u00a0octobre prochains dans le gymnase du Souchais. L\u2019association \u00ab\u00a0Made in Carquefou\u00a0\u00bb a pour but de promouvoir, artisans, commer\u00e7ants et entreprises locales pour accro\u00eetre leur dynamisme commercial, coordonner des animations\u00a0: festival des commer\u00e7ants, afterwork, salon de l\u2019habitat\u2026<\/p>\n<p>\u00a0C\u2019est une offre compl\u00e8te et qualitative pour r\u00e9aliser diff\u00e9rents projets\u00a0, explique Fran\u00e7ois Xavier Pineau, le nouveau pr\u00e9sident qui d\u00e9taille\u00a0: \u00a0Conseils RH avec Synergie, agencement d\u00e9coration, am\u00e9nagements int\u00e9rieurs et ext\u00e9rieurs, agence immobili\u00e8re, construction de maisons, fen\u00eatres et velux, couverture, r\u00e9novation \u00e9nerg\u00e9tique, terrassement, ma\u00e7onnerie, b\u00e9ton et granulats d\u00e9coratifs, peinture, rev\u00eatement de sol, isolation par l\u2019ext\u00e9rieur, charpente, assurances, \u00e9lectricien, carreleur, m\u00e9tallier, contactant tout corps d\u2019\u00e9tat, ma\u00eetre d\u2019\u0153uvre, pl\u00e2trier, plaquiste, pisciniste, chauffage, plomberie, \u00e9tanch\u00e9it\u00e9, salle de bains, bardage, chemin\u00e9e, po\u00eales, photovolta\u00efque, mat\u00e9riel d\u2019entretien et de cr\u00e9ations paysag\u00e8res\u2026\u00a0<\/p>\n<p>Synergie proposera des ateliers formation aux m\u00e9tiers du b\u00e2timent et le samedi un stand France R\u00e9nov&rsquo; qui intervient via l\u2019\u00c9tat, renseignera sur les d\u00e9marches et aides en rapport avec la r\u00e9novation \u00e9nerg\u00e9tique.<\/p>\n<p>Entr\u00e9e gratuite \u2013 10\u00a0h \u2013 18\u00a0h\u00a030 \u2013 Food Truck le midi &#8211;\u00a0www.made-in-carquefou.fr<\/p>\n<p>\u00a0<\/p>\n","protected":false},"excerpt":{"rendered":"Quarante enseignes et professionnels de proximit\u00e9 exposeront leurs m\u00e9tiers et services les 11 et 12\u00a0octobre prochains dans le&hellip;\n","protected":false},"author":2,"featured_media":444631,"comment_status":"","ping_status":"","sticky":false,"template":"","format":"standard","meta":{"footnotes":""},"categories":[2818],"tags":[7560,6888,1111,11,3862,1777,674,1011,27,4250,766,12,7518,2636,25,6290],"class_list":{"0":"post-444630","1":"post","2":"type-post","3":"status-publish","4":"format-standard","5":"has-post-thumbnail","7":"category-nantes","8":"tag-7560","9":"tag-6888","10":"tag-actu","11":"tag-actualites","12":"tag-carquefou","13":"tag-eu","14":"tag-europe","15":"tag-fr","16":"tag-france","17":"tag-habitat","18":"tag-nantes","19":"tag-news","20":"tag-octobre","21":"tag-pays-de-la-loire","22":"tag-republique-francaise","23":"tag-salon"},"share_on_mastodon":{"url":"https:\/\/pubeurope.com\/@fr\/115331837769655382","error":""},"_links":{"self":[{"href":"https:\/\/www.europesays.com\/fr\/wp-json\/wp\/v2\/posts\/444630","targetHints":{"allow":["GET"]}}],"collection":[{"href":"https:\/\/www.europesays.com\/fr\/wp-json\/wp\/v2\/posts"}],"about":[{"href":"https:\/\/www.europesays.com\/fr\/wp-json\/wp\/v2\/types\/post"}],"author":[{"embeddable":true,"href":"https:\/\/www.europesays.com\/fr\/wp-json\/wp\/v2\/users\/2"}],"replies":[{"embeddable":true,"href":"https:\/\/www.europesays.com\/fr\/wp-json\/wp\/v2\/comments?post=444630"}],"version-history":[{"count":0,"href":"https:\/\/www.europesays.com\/fr\/wp-json\/wp\/v2\/posts\/444630\/revisions"}],"wp:featuredmedia":[{"embeddable":true,"href":"https:\/\/www.europesays.com\/fr\/wp-json\/wp\/v2\/media\/444631"}],"wp:attachment":[{"href":"https:\/\/www.europesays.com\/fr\/wp-json\/wp\/v2\/media?parent=444630"}],"wp:term":[{"taxonomy":"category","embeddable":true,"href":"https:\/\/www.europesays.com\/fr\/wp-json\/wp\/v2\/categories?post=444630"},{"taxonomy":"post_tag","embeddable":true,"href":"https:\/\/www.europesays.com\/fr\/wp-json\/wp\/v2\/tags?post=444630"}],"curies":[{"name":"wp","href":"https:\/\/api.w.org\/{rel}","templated":true}]}}