{"id":444642,"date":"2025-10-07T08:07:22","date_gmt":"2025-10-07T08:07:22","guid":{"rendered":"https:\/\/www.europesays.com\/fr\/444642\/"},"modified":"2025-10-07T08:07:22","modified_gmt":"2025-10-07T08:07:22","slug":"ici-je-mange-local-de-nouveaux-etablissements-labellises-2","status":"publish","type":"post","link":"https:\/\/www.europesays.com\/fr\/444642\/","title":{"rendered":"\u00ab Ici je mange local \u00bb : de nouveaux \u00e9tablissements labellis\u00e9s !"},"content":{"rendered":"<p>La M\u00e9tropole, le D\u00e9partement du Nord, la R\u00e9gion Hauts-de-France, la Chambre d&rsquo;agriculture et l&rsquo;association des Maires du Nord ont uni leurs forces, depuis 2017, afin de promouvoir l&rsquo;approvisionnement local dans la restauration collective du territoire. Ces acteurs se rassemblent autour d&rsquo;une ambition commune afin de d\u00e9velopper, de mani\u00e8re significative, la part de produits locaux et biologiques dans les assiettes. <strong>Cette dynamique coll\u00e9giale a about\u00e9 \u00e0 la cr\u00e9ation de la charte \u00ab Ici je mange local \u00bb.<\/strong><\/p>\n<p>Un logo unique avec 3 niveaux de distinction :<\/p>\n<ul>\n<li><strong>1 \u00e9toile<\/strong> : 20 % de denr\u00e9es locales (dans au moins 2 fili\u00e8res agricoles)<\/li>\n<li><strong>2 \u00e9toiles <\/strong>: 40 % de denr\u00e9es locales (dans au moins 3 fili\u00e8res agricoles) ou 35 % de denr\u00e9es locales dont 5 % issues de l\u2019agriculture biologique locale<\/li>\n<li><strong>3 \u00e9toiles<\/strong> : 60 % de denr\u00e9es locales (dans au moins 4 fili\u00e8res agricoles) dont 10 % issues de l\u2019agriculture biologique r\u00e9gionale.<\/li>\n<\/ul>\n<p><a href=\"https:\/\/www.lillemetropole.fr\/la-restauration-collective\" rel=\"nofollow noopener\" target=\"_blank\">En savoir plus sur le label \u00ab Ici je mange local \u00bb<\/a><\/p>\n<p><strong>D\u00e9but octobre, de nouvelles \u00e9toiles ont \u00e9t\u00e9 d\u00e9cern\u00e9es \u00e0 plusieurs \u00e9tablissements du territoire qui agissent au quotidien pour le bien-manger.<\/strong><\/p>\n","protected":false},"excerpt":{"rendered":"La M\u00e9tropole, le D\u00e9partement du Nord, la R\u00e9gion Hauts-de-France, la Chambre d&rsquo;agriculture et l&rsquo;association des Maires du Nord&hellip;\n","protected":false},"author":2,"featured_media":443919,"comment_status":"","ping_status":"","sticky":false,"template":"","format":"standard","meta":{"footnotes":""},"categories":[2815],"tags":[1111,11,1777,674,1011,27,811,1307,12,25],"class_list":{"0":"post-444642","1":"post","2":"type-post","3":"status-publish","4":"format-standard","5":"has-post-thumbnail","7":"category-lille","8":"tag-actu","9":"tag-actualites","10":"tag-eu","11":"tag-europe","12":"tag-fr","13":"tag-france","14":"tag-hauts-de-france","15":"tag-lille","16":"tag-news","17":"tag-republique-francaise"},"share_on_mastodon":{"url":"https:\/\/pubeurope.com\/@fr\/115331861269220633","error":""},"_links":{"self":[{"href":"https:\/\/www.europesays.com\/fr\/wp-json\/wp\/v2\/posts\/444642","targetHints":{"allow":["GET"]}}],"collection":[{"href":"https:\/\/www.europesays.com\/fr\/wp-json\/wp\/v2\/posts"}],"about":[{"href":"https:\/\/www.europesays.com\/fr\/wp-json\/wp\/v2\/types\/post"}],"author":[{"embeddable":true,"href":"https:\/\/www.europesays.com\/fr\/wp-json\/wp\/v2\/users\/2"}],"replies":[{"embeddable":true,"href":"https:\/\/www.europesays.com\/fr\/wp-json\/wp\/v2\/comments?post=444642"}],"version-history":[{"count":0,"href":"https:\/\/www.europesays.com\/fr\/wp-json\/wp\/v2\/posts\/444642\/revisions"}],"wp:featuredmedia":[{"embeddable":true,"href":"https:\/\/www.europesays.com\/fr\/wp-json\/wp\/v2\/media\/443919"}],"wp:attachment":[{"href":"https:\/\/www.europesays.com\/fr\/wp-json\/wp\/v2\/media?parent=444642"}],"wp:term":[{"taxonomy":"category","embeddable":true,"href":"https:\/\/www.europesays.com\/fr\/wp-json\/wp\/v2\/categories?post=444642"},{"taxonomy":"post_tag","embeddable":true,"href":"https:\/\/www.europesays.com\/fr\/wp-json\/wp\/v2\/tags?post=444642"}],"curies":[{"name":"wp","href":"https:\/\/api.w.org\/{rel}","templated":true}]}}