{"id":444643,"date":"2025-10-07T08:09:27","date_gmt":"2025-10-07T08:09:27","guid":{"rendered":"https:\/\/www.europesays.com\/fr\/444643\/"},"modified":"2025-10-07T08:09:27","modified_gmt":"2025-10-07T08:09:27","slug":"mbappe-et-lille-ralentissent-le-psg","status":"publish","type":"post","link":"https:\/\/www.europesays.com\/fr\/444643\/","title":{"rendered":"Mbapp\u00e9 et Lille ralentissent le PSG"},"content":{"rendered":"<p>Le Paris SG, largement remani\u00e9 avec trois \u00ab titis \u00bb titulaires, a \u00e9t\u00e9 frein\u00e9 dimanche par Lille (1-1) en cl\u00f4ture de la 7e journ\u00e9e de Ligue 1 mais garde la t\u00eate du championnat d&rsquo;un point.<\/p>\n<p>Apr\u00e8s un sublime coup-franc du Parisien Nuno Mendes (66e), le Lillois et ancien Parisien Ethan Mbapp\u00e9 a \u00e9galis\u00e9 (85e) en trompant Lucas Chevalier d&rsquo;une frappe du gauche, sous les yeux de son fr\u00e8re, <a href=\"https:\/\/www.ledauphine.com\/p\/kylian-mbappe\" target=\"_blank\" rel=\"noopener\">Kylian Mbapp\u00e9<\/a>.<\/p>\n<p>Confront\u00e9 \u00e0 une cascade de bless\u00e9s (Ousmane Demb\u00e9l\u00e9, D\u00e9sir\u00e9 Dou\u00e9, Joao Neves, Khvicha Kvaratskhelia, Fabian Ruiz, Marquinhos), le champion d&rsquo;Europe parisien a d\u00fb battre le rappel de ses jeunes pour d\u00e9fier les Lillois sur leur pelouse. Mais l&rsquo;\u00e9quipe B, voire C, align\u00e9e par Luis Enrique n&rsquo;a pas pu faire de miracles, quatre jours apr\u00e8s la d\u00e9monstration contre le FC Barcelone \u00e0 Montjuic en Ligue des champions (2-1). <\/p>\n<p>Paris garde la premi\u00e8re place<\/p>\n<p>L&rsquo;entr\u00e9e en jeu dans la derni\u00e8re demi-heure du trio Vitinha-Achraf Hakimi-Nuno Mendes a certes dynamis\u00e9 le club de la capitale et l&rsquo;arri\u00e8re gauche portugais, d\u00e9j\u00e0 \u00e9tincelant face au Bar\u00e7a, a trouv\u00e9 la lucarne lilloise sur une merveille de coup franc \u00e0 20 m\u00e8tres (66e). Mais Ethan Mbapp\u00e9 est parvenu \u00e0 \u00e9galiser en trompant Lucas Chevalier, malheureux pour son retour dans le Nord sous ses nouvelles couleurs (85e). <\/p>\n<p>Paris reste tout de m\u00eame en t\u00eate du championnat avec un point d&rsquo;avance sur Marseille (16 contre 15), qui a facilement battu la lanterne rouge Metz (3-0) au stade Saint-Symphorien, samedi. <\/p>\n","protected":false},"excerpt":{"rendered":"Le Paris SG, largement remani\u00e9 avec trois \u00ab titis \u00bb titulaires, a \u00e9t\u00e9 frein\u00e9 dimanche par Lille (1-1)&hellip;\n","protected":false},"author":2,"featured_media":444644,"comment_status":"","ping_status":"","sticky":false,"template":"","format":"standard","meta":{"footnotes":""},"categories":[2815],"tags":[1111,11,1777,674,107,63,1011,27,811,7020,1307,12,25,517,1947],"class_list":{"0":"post-444643","1":"post","2":"type-post","3":"status-publish","4":"format-standard","5":"has-post-thumbnail","7":"category-lille","8":"tag-actu","9":"tag-actualites","10":"tag-eu","11":"tag-europe","12":"tag-fil-info","13":"tag-football","14":"tag-fr","15":"tag-france","16":"tag-hauts-de-france","17":"tag-ligue-1-football","18":"tag-lille","19":"tag-news","20":"tag-republique-francaise","21":"tag-sport","22":"tag-sport-national"},"share_on_mastodon":{"url":"https:\/\/pubeurope.com\/@fr\/115331869226139542","error":""},"_links":{"self":[{"href":"https:\/\/www.europesays.com\/fr\/wp-json\/wp\/v2\/posts\/444643","targetHints":{"allow":["GET"]}}],"collection":[{"href":"https:\/\/www.europesays.com\/fr\/wp-json\/wp\/v2\/posts"}],"about":[{"href":"https:\/\/www.europesays.com\/fr\/wp-json\/wp\/v2\/types\/post"}],"author":[{"embeddable":true,"href":"https:\/\/www.europesays.com\/fr\/wp-json\/wp\/v2\/users\/2"}],"replies":[{"embeddable":true,"href":"https:\/\/www.europesays.com\/fr\/wp-json\/wp\/v2\/comments?post=444643"}],"version-history":[{"count":0,"href":"https:\/\/www.europesays.com\/fr\/wp-json\/wp\/v2\/posts\/444643\/revisions"}],"wp:featuredmedia":[{"embeddable":true,"href":"https:\/\/www.europesays.com\/fr\/wp-json\/wp\/v2\/media\/444644"}],"wp:attachment":[{"href":"https:\/\/www.europesays.com\/fr\/wp-json\/wp\/v2\/media?parent=444643"}],"wp:term":[{"taxonomy":"category","embeddable":true,"href":"https:\/\/www.europesays.com\/fr\/wp-json\/wp\/v2\/categories?post=444643"},{"taxonomy":"post_tag","embeddable":true,"href":"https:\/\/www.europesays.com\/fr\/wp-json\/wp\/v2\/tags?post=444643"}],"curies":[{"name":"wp","href":"https:\/\/api.w.org\/{rel}","templated":true}]}}