{"id":444647,"date":"2025-10-07T08:11:11","date_gmt":"2025-10-07T08:11:11","guid":{"rendered":"https:\/\/www.europesays.com\/fr\/444647\/"},"modified":"2025-10-07T08:11:11","modified_gmt":"2025-10-07T08:11:11","slug":"a-marseille-la-vie-se-passe-sur-les-toits","status":"publish","type":"post","link":"https:\/\/www.europesays.com\/fr\/444647\/","title":{"rendered":"\u00e0 Marseille, la vie se passe sur les toits"},"content":{"rendered":"<p>Observer les \u00e9toiles sur le rooftop de l\u2019immeuble Horizon, regarder un film sur le toit de la <a href=\"https:\/\/www.laprovence.com\/article\/societe\/417532703645114\/le-radieux-avenir-touristique-de-la-cite-le-corbusier-a-marseille-les-groupes-de-visite-sont-complets\" target=\"_blank\" rel=\"noopener\">Cit\u00e9 radieuse<\/a> ou danser au-dessus du groupe scolaire Antoine de Ruffi\u2026 Du 10 au 12\u00a0octobre, le festival \u00ab\u00a0\u00c0 nous les toits\u00a0\u00bb revient pour une 4e \u00e9dition. Pendant trois jours, balades urbaines, ateliers de jardinage, march\u00e9s de cr\u00e9ateurs, soir\u00e9es festives ou encore projections de films animeront les hauteurs marseillaises\u00a0: plus de 2\u00a0500 personnes sont attendues et une vingtaine de toits seront accessibles gratuitement sur r\u00e9servation.<\/p>\n<p>\u00ab\u00a0Il faut habiter les toits autrement\u00a0\u00bb<\/p>\n<p>\u00c0 Marseille, plus de 9 km\u00b2 de surfaces seraient non utilis\u00e9es, parmi elles les toits des \u00e9coles ou encore des b\u00e2timents d\u2019habitation\u2026 \u00ab\u00a0Cette ville est satur\u00e9e. Il faut d\u00e9sengorger les sols et privil\u00e9gier les espaces en hauteur\u00a0\u00bb, pense Colombe Pigearias de Marseille Solutions, animatrice du <a href=\"https:\/\/www.laprovence.com\/article\/region\/1209309343335915\/a-marseille-le-collectif-a-nous-les-toits-reclame-un-droit-au-ciel-pour-tous\" target=\"_blank\" rel=\"noopener\">collectif \u00ab\u00a0\u00c0\u00a0nous les toits\u00a0\u00bb<\/a>. D\u2019o\u00f9 l\u2019id\u00e9e de proposer des usages collectifs \u00e0 ces lieux m\u00e9connus et de nouvelles fa\u00e7ons de les imaginer et partager. \u00ab\u00a0Il est important de sensibiliser les Marseillais \u00e0 leur occupation de l\u2019espace. Il ne faut pas laisser les toits \u00e0 l\u2019abandon mais les habiter autrement\u00a0\u00bb, souligne Colombe Pigearias.<\/p>\n","protected":false},"excerpt":{"rendered":"Observer les \u00e9toiles sur le rooftop de l\u2019immeuble Horizon, regarder un film sur le toit de la Cit\u00e9&hellip;\n","protected":false},"author":2,"featured_media":444648,"comment_status":"","ping_status":"","sticky":false,"template":"","format":"standard","meta":{"footnotes":""},"categories":[2814],"tags":[17,9835,1111,11,15570,650,1440,1777,674,1011,27,2575,884,12,882,16,25,38139],"class_list":{"0":"post-444647","1":"post","2":"type-post","3":"status-publish","4":"format-standard","5":"has-post-thumbnail","7":"category-marseille","8":"tag-17","9":"tag-activites","10":"tag-actu","11":"tag-actualites","12":"tag-balades","13":"tag-cinema","14":"tag-encore","15":"tag-eu","16":"tag-europe","17":"tag-fr","18":"tag-france","19":"tag-jardinage","20":"tag-marseille","21":"tag-news","22":"tag-provence-alpes-cote-dazur","23":"tag-region","24":"tag-republique-francaise","25":"tag-sportives"},"share_on_mastodon":{"url":"https:\/\/pubeurope.com\/@fr\/115331877133261023","error":""},"_links":{"self":[{"href":"https:\/\/www.europesays.com\/fr\/wp-json\/wp\/v2\/posts\/444647","targetHints":{"allow":["GET"]}}],"collection":[{"href":"https:\/\/www.europesays.com\/fr\/wp-json\/wp\/v2\/posts"}],"about":[{"href":"https:\/\/www.europesays.com\/fr\/wp-json\/wp\/v2\/types\/post"}],"author":[{"embeddable":true,"href":"https:\/\/www.europesays.com\/fr\/wp-json\/wp\/v2\/users\/2"}],"replies":[{"embeddable":true,"href":"https:\/\/www.europesays.com\/fr\/wp-json\/wp\/v2\/comments?post=444647"}],"version-history":[{"count":0,"href":"https:\/\/www.europesays.com\/fr\/wp-json\/wp\/v2\/posts\/444647\/revisions"}],"wp:featuredmedia":[{"embeddable":true,"href":"https:\/\/www.europesays.com\/fr\/wp-json\/wp\/v2\/media\/444648"}],"wp:attachment":[{"href":"https:\/\/www.europesays.com\/fr\/wp-json\/wp\/v2\/media?parent=444647"}],"wp:term":[{"taxonomy":"category","embeddable":true,"href":"https:\/\/www.europesays.com\/fr\/wp-json\/wp\/v2\/categories?post=444647"},{"taxonomy":"post_tag","embeddable":true,"href":"https:\/\/www.europesays.com\/fr\/wp-json\/wp\/v2\/tags?post=444647"}],"curies":[{"name":"wp","href":"https:\/\/api.w.org\/{rel}","templated":true}]}}