{"id":444651,"date":"2025-10-07T08:13:18","date_gmt":"2025-10-07T08:13:18","guid":{"rendered":"https:\/\/www.europesays.com\/fr\/444651\/"},"modified":"2025-10-07T08:13:18","modified_gmt":"2025-10-07T08:13:18","slug":"face-aux-attaques-voici-les-depenses-reelles-de-gregory-doucet","status":"publish","type":"post","link":"https:\/\/www.europesays.com\/fr\/444651\/","title":{"rendered":"face aux attaques, voici les d\u00e9penses r\u00e9elles de Gr\u00e9gory Doucet"},"content":{"rendered":"<p><a href=\"https:\/\/www.lyonmag.com\/profil-personnalite-lyonnaise\/753\/alexandre-humbert-dupalais\" target=\"_blank\" rel=\"noopener\">Alexandre Dupalais<\/a>, candidat UDR aux \u00e9lections municipales de Lyon, soutenu par le Rassemblement national, a diffus\u00e9 sur X plusieurs factures imput\u00e9es \u00e0 <a href=\"https:\/\/www.lyonmag.com\/profil-personnalite-lyonnaise\/504\/gregory-doucet\" target=\"_blank\" rel=\"noopener\">Gr\u00e9gory Doucet<\/a>, d\u00e9non\u00e7ant ce qu\u2019il d\u00e9crit comme des \u201cvir\u00e9es shopping\u201d aux frais des Lyonnais.<\/p>\n<p>Sur son message publi\u00e9 ce dimanche, l\u2019avocat \u00e9pingle notamment une note de 1 679 euros en f\u00e9vrier 2024 pour douze articles alliant chemises, vestes et pantalons, une facture d\u2019avril 2025 de 432 euros pour quatre chemises et un achat de 244 euros en 2023 pour trois chemises. Des achats de v\u00eatements dans une boutique du 1er arrondissement.<\/p>\n<p>\u00ab\u00a0Tout le monde fait comme si le probl\u00e8me des notes de frais des \u00e9lus ne concernait que Paris alors que les Lyonnais paient aussi les vir\u00e9es shopping de Gr\u00e9gory Doucet. Avec pr\u00e8s de 10 000 euros par mois d\u2019indemnit\u00e9s, M. Doucet pourrait peut-\u00eatre se payer ses cravates ?\u00a0\u00bb, \u00e9crit Alexandre Dupalais, en r\u00e9f\u00e9rence \u00e0 la controverse autour d\u2019Anne Hidalgo et des \u00e9lus parisiens.<\/p>\n<blockquote class=\"twitter-tweet\"><p>&#13;<\/p>\n<p dir=\"ltr\" lang=\"fr\">Tout le monde fait comme si le probl\u00e8me des notes de frais des \u00e9lus ne concernait que Paris alors que les Lyonnais paient aussi les vir\u00e9es shopping de Gr\u00e9gory Doucet \ud83d\udecd\ufe0f<br \/>Avec pr\u00e8s de 10 000 euros par mois d\u2019indemnit\u00e9s M. Doucet pourrait peut \u00eatre se payer ses cravates ? <a href=\"https:\/\/t.co\/sYUF0fz0aK\">pic.twitter.com\/sYUF0fz0aK<\/a><\/p>\n<p>&#13;<br \/>\n\u2014 Alexandre Dupalais (@a_dupalais) <a href=\"https:\/\/twitter.com\/a_dupalais\/status\/1974843983709761746?ref_src=twsrc%5Etfw\" target=\"_blank\" rel=\"noopener\">October 5, 2025<\/a><\/p><\/blockquote>\n<p>La comparaison semble toutefois excessive, tant les montants diff\u00e8rent. \u00c0 Paris, les d\u00e9penses de la maire socialiste atteignent 73 700 euros en quatre ans, soit pr\u00e8s d\u2019un SMIC mensuel, essentiellement en v\u00eatements de luxe.<\/p>\n<p><strong>800 euros par an<\/strong><\/p>\n<p>Du c\u00f4t\u00e9 de la Ville de Lyon, interrog\u00e9e par LyonMag, la r\u00e9ponse est ferme : \u00ab\u00a0Depuis 2020, le remboursement sur factures de frais de repr\u00e9sentation du maire de Lyon s\u2019\u00e9l\u00e8ve \u00e0 800 euros par an (4 081,71 euros en cinq ans) conform\u00e9ment \u00e0 la volont\u00e9 de r\u00e9duire la d\u00e9pense publique.\u00a0\u00bb<\/p>\n<p>Dans le d\u00e9tail, \u00ab\u00a0le maire de Lyon a r\u00e9alis\u00e9 l\u2019achat de 16 v\u00eatements durant l\u2019int\u00e9gralit\u00e9 de son mandat, soit deux costumes, treize chemises et une cravate, soit une d\u00e9pense moyenne de 470 euros par an (2 355 euros TTC en cinq ans). Ces achats concourent \u00e0 assurer la repr\u00e9sentation des Lyonnais\u00a0\u00bb, pr\u00e9cise la collectivit\u00e9.<\/p>\n<p>La Ville ajoute que \u00ab\u00a0chaque remboursement est effectu\u00e9 uniquement sur pr\u00e9sentation d\u2019une facture nominative ou d\u2019un justificatif de paiement, pour des d\u00e9penses pr\u00e9sentant un int\u00e9r\u00eat direct pour la commune, et dans la limite maximale de 3 000 euros par an,\u00a0\u00bb\u00a0conform\u00e9ment \u00e0 la r\u00e9glementation.<\/p>\n<p>Apr\u00e8s v\u00e9rification, les chiffres communiqu\u00e9s par la Ville de Lyon apparaissent exacts. Les d\u00e9penses, bien qu\u2019in\u00e9gales d\u2019une ann\u00e9e \u00e0 l\u2019autre, atteignent bien une moyenne proche de 800 euros annuels sur la dur\u00e9e du mandat.<\/p>\n<p>Aux \u00e9lecteurs lyonnais de se faire leur opinion : est-il normal qu&rsquo;un maire qui gagne tr\u00e8s bien sa vie s&rsquo;habille avec leur argent ? Ou le syst\u00e8me doit-il changer ?<\/p>\n<p>Face \u00e0 cette offensive d\u2019Alexandre Dupalais, l\u2019entourage du maire \u00e9cologiste r\u00e9plique s\u00e8chement : \u00ab\u00a0Avant d\u2019instrumentaliser les frais de repr\u00e9sentation modestes du maire de Lyon, que l\u2019extr\u00eame droite commence par rembourser les millions qu\u2019elle doit \u00e0 la France.\u00a0\u00bb<\/p>\n<p>  \t\t\t\t\t<script async src=\"https:\/\/platform.twitter.com\/widgets.js\" charset=\"utf-8\"><\/script><\/p>\n","protected":false},"excerpt":{"rendered":"Alexandre Dupalais, candidat UDR aux \u00e9lections municipales de Lyon, soutenu par le Rassemblement national, a diffus\u00e9 sur X&hellip;\n","protected":false},"author":2,"featured_media":444652,"comment_status":"","ping_status":"","sticky":false,"template":"","format":"standard","meta":{"footnotes":""},"categories":[1889],"tags":[1111,11,2813,2190,2430,1109,251,1112,2811,1777,674,118,1011,27,1922,1110,1114,2428,2810,12,241,316,25,2812,517,800],"class_list":{"0":"post-444651","1":"post","2":"type-post","3":"status-publish","4":"format-standard","5":"has-post-thumbnail","7":"category-lyon","8":"tag-actu","9":"tag-actualites","10":"tag-article","11":"tag-asvel","12":"tag-auvergne-rhone-alpes","13":"tag-breves","14":"tag-culture","15":"tag-depeches","16":"tag-economique","17":"tag-eu","18":"tag-europe","19":"tag-faits-divers","20":"tag-fr","21":"tag-france","22":"tag-info","23":"tag-informations","24":"tag-infos","25":"tag-lyon","26":"tag-lyonmag","27":"tag-news","28":"tag-ol","29":"tag-politique","30":"tag-republique-francaise","31":"tag-sociale","32":"tag-sport","33":"tag-transports"},"share_on_mastodon":{"url":"https:\/\/pubeurope.com\/@fr\/115331884829327433","error":""},"_links":{"self":[{"href":"https:\/\/www.europesays.com\/fr\/wp-json\/wp\/v2\/posts\/444651","targetHints":{"allow":["GET"]}}],"collection":[{"href":"https:\/\/www.europesays.com\/fr\/wp-json\/wp\/v2\/posts"}],"about":[{"href":"https:\/\/www.europesays.com\/fr\/wp-json\/wp\/v2\/types\/post"}],"author":[{"embeddable":true,"href":"https:\/\/www.europesays.com\/fr\/wp-json\/wp\/v2\/users\/2"}],"replies":[{"embeddable":true,"href":"https:\/\/www.europesays.com\/fr\/wp-json\/wp\/v2\/comments?post=444651"}],"version-history":[{"count":0,"href":"https:\/\/www.europesays.com\/fr\/wp-json\/wp\/v2\/posts\/444651\/revisions"}],"wp:featuredmedia":[{"embeddable":true,"href":"https:\/\/www.europesays.com\/fr\/wp-json\/wp\/v2\/media\/444652"}],"wp:attachment":[{"href":"https:\/\/www.europesays.com\/fr\/wp-json\/wp\/v2\/media?parent=444651"}],"wp:term":[{"taxonomy":"category","embeddable":true,"href":"https:\/\/www.europesays.com\/fr\/wp-json\/wp\/v2\/categories?post=444651"},{"taxonomy":"post_tag","embeddable":true,"href":"https:\/\/www.europesays.com\/fr\/wp-json\/wp\/v2\/tags?post=444651"}],"curies":[{"name":"wp","href":"https:\/\/api.w.org\/{rel}","templated":true}]}}